{"id":10256,"date":"2019-07-29T20:00:58","date_gmt":"2019-07-29T20:00:58","guid":{"rendered":"https:\/\/redsemlac.com\/semmexico\/?p=10256"},"modified":"2023-07-21T14:51:17","modified_gmt":"2023-07-21T19:51:17","slug":"hidalgo","status":"publish","type":"post","link":"https:\/\/redsemlac.com\/semmexico\/hidalgo\/","title":{"rendered":"Presentar\u00e1n ante el pleno iniciativa de ILE en Hidalgo"},"content":{"rendered":"\n<p class=\"wp-block-paragraph\"><strong>* Valoran opini\u00f3n de\ninstituciones, dice diputado Guerrero Trejo<\/strong><\/p>\n\n\n\n<p class=\"wp-block-paragraph\"><strong>* La votaci\u00f3n ser\u00eda en\nseptiembre<\/strong><\/p>\n\n\n\n<p class=\"wp-block-paragraph\"><strong>Redacci\u00f3n<\/strong><\/p>\n\n\n\n<p class=\"wp-block-paragraph\">SemM\u00e9xico,\nPachuca, Hidalgo, 29 julio 2019.- El presidente de la Comisi\u00f3n de Seguridad y\nJusticia del Congreso del estado, V\u00edctor Osmind Guerrero Trejo, se\u00f1al\u00f3 que la\niniciativa para la interrupci\u00f3n legal del embarazo se presentar\u00e1 ante el pleno\nhasta el mes de septiembre. <\/p>\n\n\n\n<p class=\"wp-block-paragraph\">De acuerdo con\ninformaci\u00f3n de Milenio, \u201cEste periodo definitivamente ya no sali\u00f3 porque apenas\nnos est\u00e1n llegando las opiniones t\u00e9cnicas \u2013por cierto, favorables\u2013 de la\nProcuradur\u00eda General de Justicia del Estado de Hidalgo, solamente nos falta una\nopini\u00f3n de la Secretar\u00eda de Salud para que podamos subirla a Comisi\u00f3n y\ndiscutirla, y pase a votaci\u00f3n del Pleno, pero ser\u00eda en los primeros d\u00edas de\nseptiembre cuando se est\u00e9 votando en el Pleno\u201d.<\/p>\n\n\n\n<p class=\"wp-block-paragraph\">Indic\u00f3 que de la\niniciativa para despenalizar el aborto, presentada el pasado 21 de marzo por la\nbancada de Morena y las diputadas del Partido de la Revoluci\u00f3n Democr\u00e1tica\n(PRD), Areli Rub\u00ed Miranda Ayala y la diputada del Partido Encuentro Social\n(PES) y de la iniciativa para la interrupci\u00f3n legal del embarazo, presentada\npor siete diputados de Morena el pasado 9 de julio, se har\u00e1 una sola. <\/p>\n\n\n\n<p class=\"wp-block-paragraph\">\u201cLa idea es que se\nsaque una sola para que se someta a votaci\u00f3n del Pleno\u201d, agreg\u00f3 el legislador\nlocal. <\/p>\n\n\n\n<p class=\"wp-block-paragraph\">SEM\/sj<\/p>\n","protected":false},"excerpt":{"rendered":"<p> Valoran opini\u00f3n de instituciones, dice diputado Guerrero Trejo<\/p>\n","protected":false},"author":3,"featured_media":10257,"comment_status":"open","ping_status":"open","sticky":false,"template":"","format":"standard","meta":{"_monsterinsights_skip_tracking":false,"footnotes":""},"categories":[690,50],"tags":[],"class_list":["post-10256","post","type-post","status-publish","format-standard","has-post-thumbnail","category-690","category-congreso"],"_links":{"self":[{"href":"https:\/\/redsemlac.com\/semmexico\/wp-json\/wp\/v2\/posts\/10256","targetHints":{"allow":["GET"]}}],"collection":[{"href":"https:\/\/redsemlac.com\/semmexico\/wp-json\/wp\/v2\/posts"}],"about":[{"href":"https:\/\/redsemlac.com\/semmexico\/wp-json\/wp\/v2\/types\/post"}],"author":[{"embeddable":true,"href":"https:\/\/redsemlac.com\/semmexico\/wp-json\/wp\/v2\/users\/3"}],"replies":[{"embeddable":true,"href":"https:\/\/redsemlac.com\/semmexico\/wp-json\/wp\/v2\/comments?post=10256"}],"version-history":[{"count":0,"href":"https:\/\/redsemlac.com\/semmexico\/wp-json\/wp\/v2\/posts\/10256\/revisions"}],"wp:featuredmedia":[{"embeddable":true,"href":"https:\/\/redsemlac.com\/semmexico\/wp-json\/wp\/v2\/media\/10257"}],"wp:attachment":[{"href":"https:\/\/redsemlac.com\/semmexico\/wp-json\/wp\/v2\/media?parent=10256"}],"wp:term":[{"taxonomy":"category","embeddable":true,"href":"https:\/\/redsemlac.com\/semmexico\/wp-json\/wp\/v2\/categories?post=10256"},{"taxonomy":"post_tag","embeddable":true,"href":"https:\/\/redsemlac.com\/semmexico\/wp-json\/wp\/v2\/tags?post=10256"}],"curies":[{"name":"wp","href":"https:\/\/api.w.org\/{rel}","templated":true}]}}