{"id":10253,"date":"2019-07-29T19:52:30","date_gmt":"2019-07-29T19:52:30","guid":{"rendered":"https:\/\/redsemlac.com\/semmexico\/?p=10253"},"modified":"2023-07-21T14:51:17","modified_gmt":"2023-07-21T19:51:17","slug":"sufren-discriminacion-multifactorial-mujeres-y-ninas-con-discapacidad","status":"publish","type":"post","link":"https:\/\/redsemlac.com\/semmexico\/sufren-discriminacion-multifactorial-mujeres-y-ninas-con-discapacidad\/","title":{"rendered":"Sufren discriminaci\u00f3n multifactorial mujeres y ni\u00f1as con discapacidad"},"content":{"rendered":"\n<p class=\"wp-block-paragraph\"><strong>* <\/strong><strong>Aprueba Comisi\u00f3n dictamen en\nmateria de discapacidad para la igualdad de g\u00e9nero<\/strong><\/p>\n\n\n\n<p class=\"wp-block-paragraph\"><strong>* <\/strong><strong>Mujeres constituyen el 52.3 por ciento de la poblaci\u00f3n con alguna\ndiscapacidad en M\u00e9xico<\/strong><\/p>\n\n\n\n<p class=\"wp-block-paragraph\"><strong>Redacci\u00f3n<\/strong><\/p>\n\n\n\n<p class=\"wp-block-paragraph\">SemM\u00e9xico, Cd. de M\u00e9xico, 29 julio 2019.- Las mujeres y ni\u00f1as con\ndiscapacidad sufren de discriminaci\u00f3n multifactorial, sobre todo cuando residen\nen medios rurales, ind\u00edgenas o zonas de pobreza, lo que se convierte en un\nobst\u00e1culo para alcanzar la igualdad de g\u00e9nero.<\/p>\n\n\n\n<p class=\"wp-block-paragraph\">Por ello, la Comisi\u00f3n de Atenci\u00f3n a Grupos Vulnerables, que preside la\ndiputada Martha Garay Cadena (PRI), aprob\u00f3 el dictamen a la minuta con proyecto\nde decreto que reforma el p\u00e1rrafo cuarto del art\u00edculo 4\u00b0 de la Ley General para\nla Inclusi\u00f3n de Personas con Discapacidad, para establecer que la\nadministraci\u00f3n p\u00fablica impulsar\u00e1 el pleno desarrollo, adelanto y empoderamiento\nde las mujeres con discapacidad.<\/p>\n\n\n\n<p class=\"wp-block-paragraph\">La minuta, tambi\u00e9n refiere que el Instituto Nacional de Estad\u00edstica y\nGeograf\u00eda (Inegi), se\u00f1ala que en M\u00e9xico las mujeres tienen un promedio de\npoblaci\u00f3n con discapacidad ligeramente m\u00e1s alto que los hombres, el 52.3 por\nciento frente a 47.7 por ciento, respectivamente.<\/p>\n\n\n\n<p class=\"wp-block-paragraph\">El Consejo Nacional para el Desarrollo y la Inclusi\u00f3n con Discapacidad\ndestaca que 7.7 por ciento de personas en el territorio nacional viven con\ndiscapacidad; es decir, 9 millones 240 mil personas de las cuales, 4 millones\n832 mil 520 son mujeres con discapacidad, sujetas a discriminaci\u00f3n m\u00faltiple por\nlos prejuicios y desigualdades de que son v\u00edctimas.<\/p>\n\n\n\n<p class=\"wp-block-paragraph\">La comisi\u00f3n consider\u00f3 procedente tambi\u00e9n la modificaci\u00f3n al art\u00edculo 4,\npropuesta por el Senado de la Rep\u00fablica que sustituye el t\u00e9rmino \u201cintegraci\u00f3n\u201d\npor \u201cinclusi\u00f3n\u201d. Manifest\u00f3 que esta reforma es acorde con el proceso de\narmonizaci\u00f3n legislativa que el Congreso de la Uni\u00f3n ha emprendido a trav\u00e9s de\nlas comisiones de Atenci\u00f3n a Grupos Vulnerables.<\/p>\n\n\n\n<p class=\"wp-block-paragraph\">En el concepto \u201cintegraci\u00f3n\u201d, la persona que tiene alguna discapacidad y\nsus limitaciones tiende a ser el foco de atenci\u00f3n; con esto el entorno y\ndin\u00e1micas sociales est\u00e1n pensadas en la funcionalidad de una mayor\u00eda \u201cnormal\u201d;\nen cambio, con el concepto de \u201cinclusi\u00f3n\u201d se reconoce la diversidad humana y\nque las caracter\u00edsticas en la persona no deben limitar el ejercicio de ning\u00fan\nderecho.<\/p>\n\n\n\n<p class=\"wp-block-paragraph\">Al finalizar la reuni\u00f3n, Garay Cadena coment\u00f3 que la comisi\u00f3n tiene\nplaneado aprender el himno nacional en lenguaje de se\u00f1as, para interpretarlo en\nel izamiento de bandera de la C\u00e1mara de Diputados e invit\u00f3 a los presentes a\nsumarse a esta propuesta con el fin de promulgar la inclusi\u00f3n y paridad de\ng\u00e9nero en la sociedad.<\/p>\n\n\n\n<p class=\"wp-block-paragraph\">SEM\/sj<\/p>\n","protected":false},"excerpt":{"rendered":"<p>Aprueba Comisi\u00f3n dictamen en materia de discapacidad para la igualdad de g\u00e9nero<\/p>\n","protected":false},"author":3,"featured_media":10254,"comment_status":"open","ping_status":"open","sticky":false,"template":"","format":"standard","meta":{"_monsterinsights_skip_tracking":false,"footnotes":""},"categories":[690,50],"tags":[],"class_list":["post-10253","post","type-post","status-publish","format-standard","has-post-thumbnail","category-690","category-congreso"],"_links":{"self":[{"href":"https:\/\/redsemlac.com\/semmexico\/wp-json\/wp\/v2\/posts\/10253","targetHints":{"allow":["GET"]}}],"collection":[{"href":"https:\/\/redsemlac.com\/semmexico\/wp-json\/wp\/v2\/posts"}],"about":[{"href":"https:\/\/redsemlac.com\/semmexico\/wp-json\/wp\/v2\/types\/post"}],"author":[{"embeddable":true,"href":"https:\/\/redsemlac.com\/semmexico\/wp-json\/wp\/v2\/users\/3"}],"replies":[{"embeddable":true,"href":"https:\/\/redsemlac.com\/semmexico\/wp-json\/wp\/v2\/comments?post=10253"}],"version-history":[{"count":0,"href":"https:\/\/redsemlac.com\/semmexico\/wp-json\/wp\/v2\/posts\/10253\/revisions"}],"wp:featuredmedia":[{"embeddable":true,"href":"https:\/\/redsemlac.com\/semmexico\/wp-json\/wp\/v2\/media\/10254"}],"wp:attachment":[{"href":"https:\/\/redsemlac.com\/semmexico\/wp-json\/wp\/v2\/media?parent=10253"}],"wp:term":[{"taxonomy":"category","embeddable":true,"href":"https:\/\/redsemlac.com\/semmexico\/wp-json\/wp\/v2\/categories?post=10253"},{"taxonomy":"post_tag","embeddable":true,"href":"https:\/\/redsemlac.com\/semmexico\/wp-json\/wp\/v2\/tags?post=10253"}],"curies":[{"name":"wp","href":"https:\/\/api.w.org\/{rel}","templated":true}]}}