{"id":10250,"date":"2019-07-29T19:46:36","date_gmt":"2019-07-29T19:46:36","guid":{"rendered":"https:\/\/redsemlac.com\/semmexico\/?p=10250"},"modified":"2023-07-21T14:51:17","modified_gmt":"2023-07-21T19:51:17","slug":"insuficientes-recursos-para-pueblos-indigenas-diputada-juan-carlos","status":"publish","type":"post","link":"https:\/\/redsemlac.com\/semmexico\/insuficientes-recursos-para-pueblos-indigenas-diputada-juan-carlos\/","title":{"rendered":"Insuficientes recursos para pueblos ind\u00edgenas: diputada Juan Carlos"},"content":{"rendered":"\n<ul class=\"wp-block-list\"><li><strong>Buscar\u00e1 comisi\u00f3n que en el PEF 2020 se asigne m\u00e1s\ndinero al sector<\/strong><strong><\/strong><\/li><li><strong>Plantean incrementar porcentaje para el INPI<\/strong><strong><\/strong><\/li><\/ul>\n\n\n\n<p class=\"wp-block-paragraph\"><strong>Redacci\u00f3n<\/strong><\/p>\n\n\n\n<p class=\"wp-block-paragraph\">SemM\u00e9xico, Cd. de M\u00e9xico, 29 julio 2019.- La\npresidenta de la Comisi\u00f3n de Pueblos ind\u00edgenas, diputada Irma Juan Carlos,\nafirm\u00f3 que son insuficientes los recursos orientados a esta poblaci\u00f3n, por lo\nque buscar\u00e1n \u201chacer eco\u201d de la urgencia de un mayor monto para el pr\u00f3ximo a\u00f1o.<\/p>\n\n\n\n<p class=\"wp-block-paragraph\">Dijo que de los 88 mil millones que son aprobados\nen el Anexo 10 para pueblos ind\u00edgenas, s\u00f3lo 6 mil millones son ejercidos por el\nINPI, por lo que cuando \u201cuna hermana o hermano ind\u00edgena\u201d va a una dependencia a\nsolicitar recursos o acceso a programas, son enviados en autom\u00e1tico al\nInstituto Nacional de Pueblos Ind\u00edgenas.<\/p>\n\n\n\n<p class=\"wp-block-paragraph\">\u201cEl recurso es insuficiente para atender las\nm\u00faltiples demandas que hay por parte de las comunidades\u201d, sostuvo.<\/p>\n\n\n\n<p class=\"wp-block-paragraph\">Explic\u00f3 que se carece de un mecanismo claro que\nse\u00f1ale cu\u00e1nto del monto aprobado debe ser manejado por este instituto. \u201cLo que\nqueremos son mayores recursos para pueblos ind\u00edgenas y en eso coincidimos\ntodos\u201d.<\/p>\n\n\n\n<p class=\"wp-block-paragraph\">Precis\u00f3 que durante la 2\u00aa reuni\u00f3n de la Junta de\nGobierno del INPI, de la que esta instancia legislativa forma parte, se acord\u00f3\ncomenzar a dise\u00f1ar un proyecto de presupuesto, el cual ser\u00e1 recibido, en su\nmomento, en la C\u00e1mara de Diputados.<\/p>\n\n\n\n<p class=\"wp-block-paragraph\">Puntualiz\u00f3 que anteriores gobiernos no\n\u201cescuchaban las necesidades de los pueblos\u201d, lo que ocasion\u00f3 que en las\ncomunidades se evidencien las carencias.<\/p>\n\n\n\n<p class=\"wp-block-paragraph\">Prueba de ello, agreg\u00f3, es que el INPI pas\u00f3 de\nllegar a contar con recursos por 12 mil millones a tan s\u00f3lo la mitad,\npresupuesto que fue reafirmado este a\u00f1o, lament\u00f3.<\/p>\n\n\n\n<p class=\"wp-block-paragraph\">El diputado Te\u00f3filo Manuel Garc\u00eda Corpus (Morena)\ncelebr\u00f3 el apoyo de la Junta de Gobierno del INPI para dotar de m\u00e1s recursos al\nsector, pues, asegur\u00f3, el presupuesto aprobado para 2019 \u201ces una afrenta a los\npueblos originarios\u201d.<\/p>\n\n\n\n<p class=\"wp-block-paragraph\">Enfatiz\u00f3 que el PEF que se destine el pr\u00f3ximo a\u00f1o\na ind\u00edgenas debe enfocarse en atenci\u00f3n a la desigualdad, defensa de los\nterritorios y la preservaci\u00f3n de la identidad aut\u00f3ctona. \u201cNecesitamos un\ncompromiso m\u00e1s all\u00e1 de s\u00f3lo palabras\u201d.<\/p>\n\n\n\n<p class=\"wp-block-paragraph\">\u201cDesde ahora debemos establecer una estrategia de\nmanera conjunta para tener una opini\u00f3n general de c\u00f3mo deben estar orientados los\nrecursos de 2020\u201d.<\/p>\n\n\n\n<p class=\"wp-block-paragraph\"><strong>Se trabaja en Ley de\nConsulta a Comunidades Ind\u00edgenas<\/strong><strong><\/strong><\/p>\n\n\n\n<p class=\"wp-block-paragraph\">En otro tema, la diputada Juan Carlos coment\u00f3 que\nen los foros que la comisi\u00f3n a su cargo realiza por todo el pa\u00eds, ya se trabaja\nen la propuesta de iniciativa de consulta a los pueblos y comunidades ind\u00edgenas\nde forma libre e informada.<\/p>\n\n\n\n<p class=\"wp-block-paragraph\">El diputado Garc\u00eda Corpus pidi\u00f3 una reuni\u00f3n para\nrevisar la iniciativa sobre la Ley de Consulta a Pueblos y Comunidades\nInd\u00edgenas, a fin de que haya una reglamentaci\u00f3n clara.<\/p>\n\n\n\n<p class=\"wp-block-paragraph\">\u201cSer\u00eda un gran acierto trabajar en esta\niniciativa, hoy m\u00e1s que nunca que se habla del tema del Trans\u00edstmico en\nTehuantepec, la defensa de territorios ind\u00edgenas, agua, suelo y de nuestras\ncomunidades cada vez m\u00e1s acechadas\u201d, expres\u00f3.<\/p>\n\n\n\n<p class=\"wp-block-paragraph\">Durante la s\u00e9ptima reuni\u00f3n ordinaria de la\ncomisi\u00f3n, los diputados integrantes aprobaron la opini\u00f3n en positivo de la\niniciativa que expide la Ley General de Educaci\u00f3n Ind\u00edgena Intercultural y\nRural.<\/p>\n\n\n\n<p class=\"wp-block-paragraph\">Busca crear un ordenamiento jur\u00eddico a fin de\nproteger y garantizar los derechos de docentes y alumnos de la educaci\u00f3n\nind\u00edgena intercultural y rural, para preservar la diversidad cultural y \u00e9tnica,\ncombatir las desigualdades sociales, de g\u00e9nero y regionales.<\/p>\n\n\n\n<p class=\"wp-block-paragraph\">SEM\/sj<\/p>\n","protected":false},"excerpt":{"rendered":"<p>Buscar\u00e1 comisi\u00f3n que en el PEF 2020 se asigne m\u00e1s dinero al sector<\/p>\n","protected":false},"author":3,"featured_media":10251,"comment_status":"open","ping_status":"open","sticky":false,"template":"","format":"standard","meta":{"_monsterinsights_skip_tracking":false,"footnotes":""},"categories":[690,50],"tags":[],"class_list":["post-10250","post","type-post","status-publish","format-standard","has-post-thumbnail","category-690","category-congreso"],"_links":{"self":[{"href":"https:\/\/redsemlac.com\/semmexico\/wp-json\/wp\/v2\/posts\/10250","targetHints":{"allow":["GET"]}}],"collection":[{"href":"https:\/\/redsemlac.com\/semmexico\/wp-json\/wp\/v2\/posts"}],"about":[{"href":"https:\/\/redsemlac.com\/semmexico\/wp-json\/wp\/v2\/types\/post"}],"author":[{"embeddable":true,"href":"https:\/\/redsemlac.com\/semmexico\/wp-json\/wp\/v2\/users\/3"}],"replies":[{"embeddable":true,"href":"https:\/\/redsemlac.com\/semmexico\/wp-json\/wp\/v2\/comments?post=10250"}],"version-history":[{"count":0,"href":"https:\/\/redsemlac.com\/semmexico\/wp-json\/wp\/v2\/posts\/10250\/revisions"}],"wp:featuredmedia":[{"embeddable":true,"href":"https:\/\/redsemlac.com\/semmexico\/wp-json\/wp\/v2\/media\/10251"}],"wp:attachment":[{"href":"https:\/\/redsemlac.com\/semmexico\/wp-json\/wp\/v2\/media?parent=10250"}],"wp:term":[{"taxonomy":"category","embeddable":true,"href":"https:\/\/redsemlac.com\/semmexico\/wp-json\/wp\/v2\/categories?post=10250"},{"taxonomy":"post_tag","embeddable":true,"href":"https:\/\/redsemlac.com\/semmexico\/wp-json\/wp\/v2\/tags?post=10250"}],"curies":[{"name":"wp","href":"https:\/\/api.w.org\/{rel}","templated":true}]}}