{"id":102482,"date":"2026-02-04T18:44:24","date_gmt":"2026-02-05T00:44:24","guid":{"rendered":"https:\/\/redsemlac.com\/semmexico\/?p=102482"},"modified":"2026-02-04T18:44:24","modified_gmt":"2026-02-05T00:44:24","slug":"limitar-la-libertad-de-expresion-no-hace-mas-seguro-a-un-pais-o-a-una-ciudad-responde-amnistia-internacional-a-clara-brugada","status":"publish","type":"post","link":"https:\/\/redsemlac.com\/semmexico\/limitar-la-libertad-de-expresion-no-hace-mas-seguro-a-un-pais-o-a-una-ciudad-responde-amnistia-internacional-a-clara-brugada\/","title":{"rendered":"Limitar la libertad de expresi\u00f3n no hace m\u00e1s seguro a un pa\u00eds o a una ciudad, responde Amnist\u00eda Internacional a Clara Brugada\u00a0"},"content":{"rendered":"\n<p class=\"wp-block-paragraph\">Elda Montiel&nbsp;<\/p>\n\n\n\n<p class=\"wp-block-paragraph\">SemM\u00e9xico, Cd. de M\u00e9xico, 4 de febrero, 2026.- La inseguridad no se cubre se enfrenta fue la respuesta de Amnist\u00eda Internacional M\u00e9xico a la petici\u00f3n de la jefa de gobierno de la Ciudad de M\u00e9xico, Clara Brugada Molina, de llegar a un acuerdo con los medios de comunicaci\u00f3n para bajarle a la nota roja.<\/p>\n\n\n\n<p class=\"wp-block-paragraph\">Le recuerdan a la funcionaria capitalina que la seguridad se construye con pol\u00edticas p\u00fablicas integrales, enfoque de derechos humanos, prevenci\u00f3n de la violencia, acceso a la justicia, y combate a la impunidad.<\/p>\n\n\n\n<p class=\"wp-block-paragraph\">\u201cLimitar o desincentivar la labor period\u00edstica no haca m\u00e1s seguro el pa\u00eds ni la ciudad de M\u00e9xico\u201d.<\/p>\n\n\n\n<p class=\"wp-block-paragraph\">El organismo internacional de Derechos Humanos le se\u00f1alan que es urgente atender las causas estructurales de la inseguridad y fortalecer las instituciones que protejan de verdad a las personas.&nbsp;<\/p>\n\n\n\n<p class=\"wp-block-paragraph\">En su cuenta de X, Amnist\u00eda Internacional reafirma que la libertad de expresi\u00f3n&nbsp; y el derecho a la informaci\u00f3n no son negociables.<\/p>\n\n\n\n<p class=\"wp-block-paragraph\">Clara Brugada, jefa de gobierno de la Ciudad de M\u00e9xico en conferencia de prensa, este martes, afirm\u00f3 que hay una disminuci\u00f3n en el n\u00famero de las carpetas por delitos de alto impacto, pero lament\u00f3 que la percepci\u00f3n de la gente no coincide por lo que la gente ve en la televisi\u00f3n. Mencion\u00f3 que de acuerdo al INEGI m\u00e1s del 62 % de las personas se entera por la televisi\u00f3n. \u201cSi todos los d\u00edas los medios hablan de inseguridad, eso es lo que genera en la poblaci\u00f3n\u201d.<\/p>\n\n\n\n<p class=\"wp-block-paragraph\">Clara Bugada Molina plante\u00f3 hacer un \u201cgran acuerdo\u201d con los medios de comunicaci\u00f3n. Busca que le bajen a la cobertura sobre hechos criminales y de violencia. Su argumento es que eso ayudar\u00eda a bajar la percepci\u00f3n de inseguridad entre los capitalinos.<\/p>\n","protected":false},"excerpt":{"rendered":"<p>Elda Montiel&nbsp; SemM\u00e9xico, Cd. de M\u00e9xico, 4 de febrero, 2026.- La inseguridad no se cubre se enfrenta fue la respuesta de Amnist\u00eda Internacional M\u00e9xico a la petici\u00f3n de la jefa de gobierno de la Ciudad de M\u00e9xico, Clara Brugada Molina, de llegar a un acuerdo con los medios de comunicaci\u00f3n para bajarle a la nota [&hellip;]<\/p>\n","protected":false},"author":3,"featured_media":102483,"comment_status":"open","ping_status":"open","sticky":false,"template":"","format":"standard","meta":{"_monsterinsights_skip_tracking":false,"footnotes":""},"categories":[682],"tags":[],"class_list":["post-102482","post","type-post","status-publish","format-standard","has-post-thumbnail","category-noticias"],"_links":{"self":[{"href":"https:\/\/redsemlac.com\/semmexico\/wp-json\/wp\/v2\/posts\/102482","targetHints":{"allow":["GET"]}}],"collection":[{"href":"https:\/\/redsemlac.com\/semmexico\/wp-json\/wp\/v2\/posts"}],"about":[{"href":"https:\/\/redsemlac.com\/semmexico\/wp-json\/wp\/v2\/types\/post"}],"author":[{"embeddable":true,"href":"https:\/\/redsemlac.com\/semmexico\/wp-json\/wp\/v2\/users\/3"}],"replies":[{"embeddable":true,"href":"https:\/\/redsemlac.com\/semmexico\/wp-json\/wp\/v2\/comments?post=102482"}],"version-history":[{"count":0,"href":"https:\/\/redsemlac.com\/semmexico\/wp-json\/wp\/v2\/posts\/102482\/revisions"}],"wp:featuredmedia":[{"embeddable":true,"href":"https:\/\/redsemlac.com\/semmexico\/wp-json\/wp\/v2\/media\/102483"}],"wp:attachment":[{"href":"https:\/\/redsemlac.com\/semmexico\/wp-json\/wp\/v2\/media?parent=102482"}],"wp:term":[{"taxonomy":"category","embeddable":true,"href":"https:\/\/redsemlac.com\/semmexico\/wp-json\/wp\/v2\/categories?post=102482"},{"taxonomy":"post_tag","embeddable":true,"href":"https:\/\/redsemlac.com\/semmexico\/wp-json\/wp\/v2\/tags?post=102482"}],"curies":[{"name":"wp","href":"https:\/\/api.w.org\/{rel}","templated":true}]}}