{"id":10247,"date":"2019-07-29T18:39:43","date_gmt":"2019-07-29T18:39:43","guid":{"rendered":"https:\/\/redsemlac.com\/semmexico\/?p=10247"},"modified":"2023-07-21T14:51:17","modified_gmt":"2023-07-21T19:51:17","slug":"cuba-en-busca-de-pruebas-de-la-violencia-machista","status":"publish","type":"post","link":"https:\/\/redsemlac.com\/semmexico\/cuba-en-busca-de-pruebas-de-la-violencia-machista\/","title":{"rendered":"Cuba: En busca de pruebas de la violencia machista"},"content":{"rendered":"\n<p class=\"wp-block-paragraph\"><strong>* Suelen ser delitos en soledad<\/strong><\/p>\n\n\n\n<p class=\"wp-block-paragraph\"><strong>* Convocan a fomentar una cultura\njur\u00eddica con la violencia <br>\n<br>\n<\/strong><\/p>\n\n\n\n<p class=\"wp-block-paragraph\"><strong>Lirians Gordillo Pi\u00f1a<br>\n<\/strong>SemM\u00e9xico\/SEMlac,\nLa Habana, 29 julio 2019.- Un mensaje amenazante, evidencias de una lesi\u00f3n\nf\u00edsica y el apoyo de testigos son piezas clave para llevar a la justicia la\nviolencia machista, por lo que especialistas en Cuba convocan a fomentar una\ncultura jur\u00eddica que apoye a las v\u00edctimas en estos procesos.<\/p>\n\n\n\n<p class=\"wp-block-paragraph\"><br> En la naci\u00f3n caribe\u00f1a no existe un mecanismo estatal nacional que d\u00e9<a rel=\"noreferrer noopener\" href=\"http:\/\/www.redsemlac-cuba.net\/especiales\/violencia-encrucijadas-de-la-ley.html\" target=\"_blank\">\u00a0<\/a>respuesta integral a la violencia de g\u00e9nero. El C\u00f3digo Penal y la Ley de Procedimiento Penal no la reconocen, ni contienen ninguna distinci\u00f3n para estos casos, salvo la consanguineidad y el v\u00ednculo familiar como agravantes de los delitos.<\/p>\n\n\n\n<p class=\"wp-block-paragraph\"><br>\n\u00abLa Ley de Procedimiento Penal no establece una distinci\u00f3n en los medios\nprobatorios; lo que hace es consignar cu\u00e1les pueden ser usados para probar los\nhechos de manera general\u00bb, explica a SEMlac&nbsp;<a href=\"http:\/\/www.redsemlac-cuba.net\/violencia\/violencias,-%C2%BFqu%C3%A9-hacer-de-cara-a-las-leyes.html\" target=\"_blank\" rel=\"noreferrer noopener\">Arl\u00edn P\u00e9rez Duharte<\/a>, profesora de Derecho\nPenal de la Universidad de La Habana.<\/p>\n\n\n\n<p class=\"wp-block-paragraph\">Seg\u00fan\nla abogada penalista, son considerados medios probatorios la confesi\u00f3n del\ndelito, las pruebas documentales que pueden incluir distintos medios\naudiovisuales y textos, los testimonios de testigos, las pruebas periciales, la\ninspecci\u00f3n judicial cuando es necesario reconocer el lugar del hecho por parte\ndel tribunal y las pruebas preconstituidas para proteger el testimonio de\npersonas que pueden no estar presentes en el momento del juicio.<\/p>\n\n\n\n<p class=\"wp-block-paragraph\"><br>\n\u00abCuando las personas tienen la oportunidad de grabar, cuentan con una\nprueba importante, pues estos suelen ser delitos de soledad, donde solo est\u00e1n\nel atacante y la v\u00edctima\u00bb, argumenta P\u00e9rez Duarte.<\/p>\n\n\n\n<p class=\"wp-block-paragraph\"><br> Un ejemplo son los casos de\u00a0acoso, laboral o sexual, que suceden habitualmente en lugares sin p\u00fablico ni testigos, pero la v\u00edctima puede llegar a grabar el maltrato o guarda las amenazas recibidas en mensajes de texto a trav\u00e9s de celulares o en las redes sociales virtuales.<\/p>\n\n\n\n<p class=\"wp-block-paragraph\"><br>\n\u00abEsa grabaci\u00f3n o texto se pueden llevar al proceso legal\u00bb, afirma la\nprofesora P\u00e9rez Duharte.<\/p>\n\n\n\n<p class=\"wp-block-paragraph\"><br>\nPero no es f\u00e1cil para las v\u00edctimas denunciar el maltrato machista y reunir\nevidencias cuando se encuentra en el ciclo de la violencia. Las especialistas\nconsultadas por SEMlac insisten en el valor de la denuncia y llaman a\nsocializar recursos que las sobrevivientes puedan manejar en los procesos\nlegales.<\/p>\n\n\n\n<p class=\"wp-block-paragraph\"><br>\n\u00abSeparar en tiempo la denuncia del hecho tambi\u00e9n atenta contra la\nviabilidad de la investigaci\u00f3n. En el caso de una violaci\u00f3n, si el hombre se\nba\u00f1\u00f3 y se deshizo de las ropas disminuye la posibilidad de encontrar evidencias\ndel hecho; lo mismo pasa con la v\u00edctima. Esto es algo muy dif\u00edcil porque \u00bfc\u00f3mo\nno comprender la necesidad de la v\u00edctima de sentir que se libera de algo que la\nmarca y le hace da\u00f1o? Pero se trata de una cultura de c\u00f3mo contribuir con la\ncaptura y el procesamiento penal\u00bb, argumental la jurista.<\/p>\n\n\n\n<p class=\"wp-block-paragraph\"><br>\nDemorar la denuncia tambi\u00e9n puede llevar a la prescripci\u00f3n del delito, que\nseg\u00fan su tipolog\u00eda y consecuencias var\u00eda entre cinco y 20 a\u00f1os. Otros\nperjuicios que puede sufrir el proceso legal por esta causa son la desaparici\u00f3n\nde pruebas, la imposibilidad de contar con testigos e incluso la dificultad de\ndar un testimonio fiable para el tribunal.<\/p>\n\n\n\n<p class=\"wp-block-paragraph\"><br>\n\u00ab\u00bfC\u00f3mo el fiscal puede armar una tesis acusatoria cuando han pasado cinco\na\u00f1os o m\u00e1s del hecho? \u00bfC\u00f3mo, pasado ese tiempo, se puede reproducir sin dudas\nla hora, el lugar, la ropa, las palabras? Los testimonios pueden volverse muy\ncuestionados. Y cuando el tribunal no tiene convicci\u00f3n fuerte de que hay\nelementos para acusar a una persona, por presunci\u00f3n de inocencia tiene que\nexonerarlo de responsabilidad\u00bb, alerta P\u00e9rez Duharte.<br>\n<br>\n<strong>Estar listas para alzar la voz puede\nnecesitar tiempo y ayuda<\/strong><\/p>\n\n\n\n<p class=\"wp-block-paragraph\"><br>\nEs frecuente que, a\u00f1os despu\u00e9s, las sobrevivientes de la violencia cuenten sus\nhistorias, porque compartir sana. El libro&nbsp;<a href=\"https:\/\/www.google.com.cu\/url?sa=t&amp;source=web&amp;rct=j&amp;url=http:\/\/bibliotecadegenero.redsemlac-cuba.net\/sites\/default\/files\/LIBRO%20SOBREVIVIENTES.pdf&amp;ved=2ahUKEwjduOfTprPjAhUqheAKHbr2DKUQFjAAegQIBhAC&amp;usg=AOvVaw1U0Ksgiq773PQ_6cPG7NuR\" target=\"_blank\" rel=\"noreferrer noopener\">Sobrevivientes<\/a>, realizado por SEMlac y\neditado por el Centro Nacional de Educaci\u00f3n Sexual (Cenesex) re\u00fane testimonios\nde cubanas diversas que fueron v\u00edctimas de la violencia machista. Varios casos\ntuvieron una salida legal, pero muchas de las soluciones no fueron\nsatisfactorias.<\/p>\n\n\n\n<p class=\"wp-block-paragraph\"><br>\nAlgunas de esas historias son la de una madre que nunca pudo probar que su hija\nfue asesinada en el extranjero por el esposo; una cubana que call\u00f3 por m\u00e1s de\n20 a\u00f1os una violaci\u00f3n que a\u00fan la marca y una pareja de mujeres lesbianas que s\u00ed\npudieron demostrar el acoso, pero el proceso les cost\u00f3 salud y bienestar.<\/p>\n\n\n\n<p class=\"wp-block-paragraph\"><br>\nLa mayor\u00eda no denunci\u00f3 inmediatamente el maltrato. Seg\u00fan especialistas, es\ncomprensible que las v\u00edctimas no denuncien por la revictimizaci\u00f3n a la que se\nenfrentan en unidades policiales, por la familia, la comunidad, el tribunal y\nm\u00e1s recientemente hasta por los medios de comunicaci\u00f3n masiva y redes sociales.<\/p>\n\n\n\n<p class=\"wp-block-paragraph\"><br> \u00abCuando las mujeres est\u00e1n en el ciclo de la violencia es extremadamente dif\u00edcil hacer una denuncia por temor a perder su vida o la de las personas que m\u00e1s quieren. Adem\u00e1s, estas mujeres no solamente est\u00e1n debilitadas en su autoestima, autonom\u00eda, en sus posibilidades para reconocer sus capacidades de actuaci\u00f3n; tambi\u00e9n son mujeres que han perdido la confianza de salir del ciclo y dejan de actuar en el momento correcto seg\u00fan otras personas\u00bb, reflexiona la soci\u00f3loga Magela Romero Almod\u00f3var.<br> <\/p>\n\n\n\n<p class=\"wp-block-paragraph\">Para la tambi\u00e9n profesora de la Universidad de la Habana, es importante escuchar y apoyar a las v\u00edctimas, independientemente de que la denuncia sea inmediata, pasado un tiempo de comenzar la relaci\u00f3n abusiva o incluso a\u00f1os despu\u00e9s de sobrevivirla.<\/p>\n\n\n\n<p class=\"wp-block-paragraph\"><br>\n\u00abLa voz de las mujeres que sufren la violencia es la denuncia al sistema\npatriarcal y esa denuncia no tiene un tiempo espec\u00edfico; puede estar limitada\npor muchas razones que tienen que ver con la psicolog\u00eda, con la sociolog\u00eda, con\nla propia econom\u00eda, con la cultura, pero sobre todas las cosas, con el momento\nadecuado seg\u00fan la percepci\u00f3n de la v\u00edctima\u00bb, afirma Romero Almod\u00f3var.<\/p>\n\n\n\n<p class=\"wp-block-paragraph\"><br>\nLas redes de apoyo, formales e informales, tambi\u00e9n tienen un rol decisivo para\nla sobrevivencia de las v\u00edctimas y los procesos judiciales. Contarle a amistades,\nvecinos y familiares es fundamental para encontrar apoyo y tambi\u00e9n para no\ndejar impune el maltrato.<\/p>\n\n\n\n<p class=\"wp-block-paragraph\"><br>\nPero no solo la v\u00edctima teme al agresor, tambi\u00e9n quienes conocen o han\npresenciado la violencia pueden sentirse en peligro.<\/p>\n\n\n\n<p class=\"wp-block-paragraph\"><br>\n\u00abEl victimario muchas veces se asegura de tener el poder m\u00e1s all\u00e1 del que\nejerce contra la v\u00edctima. Familiares cercanos y vecinos no se atrever\u00edan a\ndesmontarle su espacio de poder y esto es muy peligroso porque, como decimos,\nsi no act\u00faas tambi\u00e9n eres c\u00f3mplice\u00bb, reflexiona la especialista.<\/p>\n\n\n\n<p class=\"wp-block-paragraph\"><br>\nPor eso Romero Almod\u00f3var llama a \u00abganar en la seguridad y protecci\u00f3n de\ntodas las personas que participan acompa\u00f1ando el caso\u00bb.<\/p>\n\n\n\n<p class=\"wp-block-paragraph\"><br>\nEl futuro pudiera ser diferente para las v\u00edctimas de violencia machista en Cuba\nsi se avanza en acciones que den respuesta al art\u00edculo 43 de la actual Carta\nMagna, que estipula que el Estado protege a las mujeres \u00abde la violencia\nde g\u00e9nero en cualquiera de sus manifestaciones y espacios, y crea los\nmecanismos institucionales y legales para ellos\u00bb.<\/p>\n\n\n\n<p class=\"wp-block-paragraph\"><br>\nLa aprobaci\u00f3n de un nuevo C\u00f3digo Penal y una nueva Ley de Procedimiento Penal\nse incluyen en el calendario legislativo y, a partir de los avances que plantea\nla Constituci\u00f3n, \u00abla norma penal tendr\u00e1 que buscarle un lugar al\ntratamiento de la violencia de g\u00e9nero y la violencia intrafamiliar\u00bb, opina\nP\u00e9rez Duharte.<\/p>\n\n\n\n<p class=\"wp-block-paragraph\"><br>\nLa inclusi\u00f3n de la v\u00edctima como parte del proceso penal le permitir\u00e1 a esta\ncontar con asesoramiento y representaci\u00f3n letrada, estar informada de todos los\npasos, impugnar las decisiones y tener un papel activo en el juicio.<\/p>\n\n\n\n<p class=\"wp-block-paragraph\"><br>\n\u00abHasta hoy el proceso transcurr\u00eda a sus espaldas y con la nueva ley la\nv\u00edctima podr\u00e1 ser una parte activa\u00bb, refiere la jurista.<\/p>\n\n\n\n<p class=\"wp-block-paragraph\"><br>\nEspecialistas y activistas en Cuba reconocen que evitar la impunidad en casos\nde violencia machista no solo salva la vida de la v\u00edctima y sus seres m\u00e1s\nqueridos, tambi\u00e9n puede evitar la existencia de otras v\u00edctimas y es\nimprescindible para el desarrollo de la naci\u00f3n.<\/p>\n\n\n\n<p class=\"wp-block-paragraph\"><br>\n\u00abCuando la persona victimaria sale airosa de la situaci\u00f3n o contin\u00faa\nejerciendo la violencia indiscriminadamente, no solamente provoca el da\u00f1o en\nesa relaci\u00f3n de pareja, laboral, de la comunidad, sino que tambi\u00e9n visibiliza\neste modelo de actuaci\u00f3n como un modelo natural y eso es muy peligroso\u00bb,\nasegura Romero Almod\u00f3var.<\/p>\n\n\n\n<p class=\"wp-block-paragraph\">SEM-SEMlac\/lgp<\/p>\n","protected":false},"excerpt":{"rendered":"<p>Convocan a fomentar una cultura jur\u00eddica con la violencia<\/p>\n","protected":false},"author":3,"featured_media":10248,"comment_status":"open","ping_status":"open","sticky":false,"template":"","format":"standard","meta":{"_monsterinsights_skip_tracking":false,"footnotes":""},"categories":[690,53],"tags":[],"class_list":["post-10247","post","type-post","status-publish","format-standard","has-post-thumbnail","category-690","category-internacional"],"_links":{"self":[{"href":"https:\/\/redsemlac.com\/semmexico\/wp-json\/wp\/v2\/posts\/10247","targetHints":{"allow":["GET"]}}],"collection":[{"href":"https:\/\/redsemlac.com\/semmexico\/wp-json\/wp\/v2\/posts"}],"about":[{"href":"https:\/\/redsemlac.com\/semmexico\/wp-json\/wp\/v2\/types\/post"}],"author":[{"embeddable":true,"href":"https:\/\/redsemlac.com\/semmexico\/wp-json\/wp\/v2\/users\/3"}],"replies":[{"embeddable":true,"href":"https:\/\/redsemlac.com\/semmexico\/wp-json\/wp\/v2\/comments?post=10247"}],"version-history":[{"count":0,"href":"https:\/\/redsemlac.com\/semmexico\/wp-json\/wp\/v2\/posts\/10247\/revisions"}],"wp:featuredmedia":[{"embeddable":true,"href":"https:\/\/redsemlac.com\/semmexico\/wp-json\/wp\/v2\/media\/10248"}],"wp:attachment":[{"href":"https:\/\/redsemlac.com\/semmexico\/wp-json\/wp\/v2\/media?parent=10247"}],"wp:term":[{"taxonomy":"category","embeddable":true,"href":"https:\/\/redsemlac.com\/semmexico\/wp-json\/wp\/v2\/categories?post=10247"},{"taxonomy":"post_tag","embeddable":true,"href":"https:\/\/redsemlac.com\/semmexico\/wp-json\/wp\/v2\/tags?post=10247"}],"curies":[{"name":"wp","href":"https:\/\/api.w.org\/{rel}","templated":true}]}}