{"id":102415,"date":"2026-02-02T19:20:40","date_gmt":"2026-02-03T01:20:40","guid":{"rendered":"https:\/\/redsemlac.com\/semmexico\/?p=102415"},"modified":"2026-02-02T19:20:40","modified_gmt":"2026-02-03T01:20:40","slug":"comisarios-de-tierra-colorada-dicen-que-tomaran-armas-ante-grupos-armados-hoy-bloquearan-autopista","status":"publish","type":"post","link":"https:\/\/redsemlac.com\/semmexico\/comisarios-de-tierra-colorada-dicen-que-tomaran-armas-ante-grupos-armados-hoy-bloquearan-autopista\/","title":{"rendered":"Comisarios de Tierra Colorada dicen que tomar\u00e1n armas ante grupos armados; hoy bloquear\u00e1n autopista"},"content":{"rendered":"\n<p class=\"wp-block-paragraph\">Se\u00f1alan otros grupos que no son defensas, sino manipulados por extranjeros<br>&nbsp;Isabel Ortega Morales<\/p>\n\n\n\n<p class=\"wp-block-paragraph\">SemM\u00e9xico\/ CEPROVYSA.COM\/ SURIANA RADIO, Chilpancingo, Guerrero., 2 de febrero, 2026.- Comisarios del municipio de Tierra Colorada realizar\u00e1n un bloqueo este lunes a la autopista del sol para protestar por la incursi\u00f3n de grupos armados que han ocasionado violencia en la costa chica.<br>De acuerdo a una conferencia de prensa que dieron Comisarios y Delegados de ese municipio de Juan R. Escudero -Tierra Colorada- la violencia registrada a finales de enero en Tecoanapa fue ocasionada por integrantes de dos organizaciones que se\u00f1alan, tienen v\u00ednculos con un grupo delictivo que opera en la Costa Chica y el Puerto de Acapulco.<\/p>\n\n\n\n<p class=\"wp-block-paragraph\"><br>Las autoridades compuestas por 23 Comisarios y 20 Delegados dicen que la incursi\u00f3n armada de la CIPOEG-EZ, Consejo Ind\u00edgena y Popular Emiliano Zapata, y la UPOEG, Uni\u00f3n de Pueblos y Organizaciones del Estado de Guerrero, tambi\u00e9n ha sido con acoso y se\u00f1alan al l\u00edder de la UPOEG de quien dicen tiene v\u00ednculos con el grupo delictivo Los Rusos, que ha ocasionado violencia tambi\u00e9n en el puerto de Acapulco.<\/p>\n\n\n\n<p class=\"wp-block-paragraph\"><br>En la conferencia dieron a conocer que el pasado viernes 30 de enero, aproximadamente 500 integrantes de estas dos organizaciones atacaron con drones artillados a comunidades de los municipios de Tecoanapa y Tierra Colorada.<\/p>\n\n\n\n<p class=\"wp-block-paragraph\"><br>Agregaron que la intervenci\u00f3n del estado, a trav\u00e9s del Subsecretario de Desarrollo Pol\u00edtico y Social, Francisco Rodr\u00edguez Cisneros y de autoridades de Seguridad estatal y federal propiciaron un di\u00e1logo y retrocedieron hasta el municipio de Ayutla, sin embargo, agregaron la poblaci\u00f3n indica se armar\u00e1 para defenderse si intentan otro ataque.<\/p>\n\n\n\n<p class=\"wp-block-paragraph\"><br>El bloqueo anunciado para este lunes a la Autopista del Sol formar\u00eda parte de la protesta por esa incursi\u00f3n.<\/p>\n\n\n\n<p class=\"wp-block-paragraph\"><br>Ante ello, las autoridades estatales emitieron un aviso para prevenir a los automovilistas tomar precauciones y organizar sus tiempos.<\/p>\n\n\n\n<p class=\"wp-block-paragraph\"><br>Asimos se\u00f1alan que mantienen atenci\u00f3n y di\u00e1logo institucional con las comunidades involucradas para atender sus planteamientos.<\/p>\n\n\n\n<p class=\"wp-block-paragraph\">Denuncian comisarios&nbsp; de tierra colorada comunitarios no son defensa, sino brazo armado de los rusos<\/p>\n\n\n\n<figure class=\"wp-block-image size-large\"><a href=\"https:\/\/redsemlac.com\/semmexico\/wp-content\/uploads\/2026\/02\/comisarios-tierra-colorada-02.jpg\"><img loading=\"lazy\" decoding=\"async\" width=\"1024\" height=\"576\" src=\"https:\/\/redsemlac.com\/semmexico\/wp-content\/uploads\/2026\/02\/comisarios-tierra-colorada-02-1024x576.jpg\" alt=\"\" class=\"wp-image-102417\" srcset=\"https:\/\/redsemlac.com\/semmexico\/wp-content\/uploads\/2026\/02\/comisarios-tierra-colorada-02-1024x576.jpg 1024w, https:\/\/redsemlac.com\/semmexico\/wp-content\/uploads\/2026\/02\/comisarios-tierra-colorada-02-300x169.jpg 300w, https:\/\/redsemlac.com\/semmexico\/wp-content\/uploads\/2026\/02\/comisarios-tierra-colorada-02-768x432.jpg 768w, https:\/\/redsemlac.com\/semmexico\/wp-content\/uploads\/2026\/02\/comisarios-tierra-colorada-02-150x84.jpg 150w, https:\/\/redsemlac.com\/semmexico\/wp-content\/uploads\/2026\/02\/comisarios-tierra-colorada-02-696x392.jpg 696w, https:\/\/redsemlac.com\/semmexico\/wp-content\/uploads\/2026\/02\/comisarios-tierra-colorada-02-1068x601.jpg 1068w, https:\/\/redsemlac.com\/semmexico\/wp-content\/uploads\/2026\/02\/comisarios-tierra-colorada-02.jpg 1200w\" sizes=\"auto, (max-width: 1024px) 100vw, 1024px\" \/><\/a><\/figure>\n\n\n\n<p class=\"wp-block-paragraph\"><br>Abel Miranda Ayala<\/p>\n\n\n\n<p class=\"wp-block-paragraph\">Autoridades de m\u00e1s de 40 pueblos pertenecientes al municipio de Juan R. Escudero, acusaron que los supuestos comunitarios que se movilizaron en Ayutla y Tecoanapa son un brazo armado de la organizaci\u00f3n delictiva conocida como Los Rusos, por lo que advirtieron que si el gobierno no los frena se levantar\u00e1n en armas para enfrentarlos.<\/p>\n\n\n\n<p class=\"wp-block-paragraph\">El grupo conformado por 20 delegados y 23 comisarios del municipio de Juan R Escudero se\u00f1alaron que entre los organizadores de la supuesta polic\u00eda comunitaria se encuentra un personaje de nombre Lino Ponce Gonz\u00e1lez, quien ha sido coordinador de la UPOEG y cuando estuvieron en Tierra Colorada gener\u00f3 muchos problemas por sus actividades delictivas. Mario Alberto Cort\u00e9s, comisario de Tlayolapa, se\u00f1al\u00f3 que los supuestos comisarios portan armas de uso exclusivo del ej\u00e9rcito y el gobierno les ha permitido hacerlo muestra de ello es que irrumpieron en varias poblaciones y el gobierno s\u00f3lo les pidi\u00f3 regresar a sus pueblos cuando portan armas de grueso calibre.<\/p>\n\n\n\n<p class=\"wp-block-paragraph\">Los comisarios se\u00f1alaron que en el momento que los supuestos polic\u00edas comunitarios pisen uno de sus pueblos, saldr\u00e1n con todo lo que tengan a combatirlos, porque ya tienen la experiencia del desorden que hicieron cuando la Upoeg estuvo al frente de la seguridad en estos lugares.<\/p>\n\n\n\n<p class=\"wp-block-paragraph\">\u201cNosotros como comunidad no estamos dispuestos a dejar que \u00e9l se meta con su gente, con supuestos comunitarios que traen armas exclusivas del Ej\u00e9rcito, ya nos cansamos que el gobierno puro di\u00e1logo con los comunitarios y ellos siguen con las suyas como comunidades nos hemos reunido y si el gobierno no hace caso nosotros tambi\u00e9n tenemos que levantarnos en armas\u201d.<\/p>\n\n\n\n<p class=\"wp-block-paragraph\">El comisario Daniel Rosas Mart\u00ednez, insisti\u00f3 en que los polic\u00edas comunitarios est\u00e1n vinculados al grupo delictivo de Los Rusos, y pretenden tomar el control del municipio de Juan R. Escudero para extorsionar, robar y asesinar, \u201cno me importa si defender mi pueblo me cuesta la vida, no permitiremos que entren a nuestras comunidades\u201d.<\/p>\n\n\n\n<p class=\"wp-block-paragraph\">\u201cSi ellos ingresan a partir de ma\u00f1ana y ponen un pie en una localidad que sea del municipio de Juan R. Escudero nos vamos a levantar en armas, se van a suspender clases, nos vamos a armar y defender la integridad de todo el municipio\u201d.<\/p>\n","protected":false},"excerpt":{"rendered":"<p>Se\u00f1alan otros grupos que no son defensas, sino manipulados por extranjeros&nbsp;Isabel Ortega Morales SemM\u00e9xico\/ CEPROVYSA.COM\/ SURIANA RADIO, Chilpancingo, Guerrero., 2 de febrero, 2026.- Comisarios del municipio de Tierra Colorada realizar\u00e1n un bloqueo este lunes a la autopista del sol para protestar por la incursi\u00f3n de grupos armados que han ocasionado violencia en la costa chica.De [&hellip;]<\/p>\n","protected":false},"author":3,"featured_media":102416,"comment_status":"open","ping_status":"open","sticky":false,"template":"","format":"standard","meta":{"_monsterinsights_skip_tracking":false,"footnotes":""},"categories":[48],"tags":[],"class_list":["post-102415","post","type-post","status-publish","format-standard","has-post-thumbnail","category-no-mas-impunidad-no-mas-impunidad"],"_links":{"self":[{"href":"https:\/\/redsemlac.com\/semmexico\/wp-json\/wp\/v2\/posts\/102415","targetHints":{"allow":["GET"]}}],"collection":[{"href":"https:\/\/redsemlac.com\/semmexico\/wp-json\/wp\/v2\/posts"}],"about":[{"href":"https:\/\/redsemlac.com\/semmexico\/wp-json\/wp\/v2\/types\/post"}],"author":[{"embeddable":true,"href":"https:\/\/redsemlac.com\/semmexico\/wp-json\/wp\/v2\/users\/3"}],"replies":[{"embeddable":true,"href":"https:\/\/redsemlac.com\/semmexico\/wp-json\/wp\/v2\/comments?post=102415"}],"version-history":[{"count":0,"href":"https:\/\/redsemlac.com\/semmexico\/wp-json\/wp\/v2\/posts\/102415\/revisions"}],"wp:featuredmedia":[{"embeddable":true,"href":"https:\/\/redsemlac.com\/semmexico\/wp-json\/wp\/v2\/media\/102416"}],"wp:attachment":[{"href":"https:\/\/redsemlac.com\/semmexico\/wp-json\/wp\/v2\/media?parent=102415"}],"wp:term":[{"taxonomy":"category","embeddable":true,"href":"https:\/\/redsemlac.com\/semmexico\/wp-json\/wp\/v2\/categories?post=102415"},{"taxonomy":"post_tag","embeddable":true,"href":"https:\/\/redsemlac.com\/semmexico\/wp-json\/wp\/v2\/tags?post=102415"}],"curies":[{"name":"wp","href":"https:\/\/api.w.org\/{rel}","templated":true}]}}