{"id":10240,"date":"2019-07-29T17:57:42","date_gmt":"2019-07-29T17:57:42","guid":{"rendered":"https:\/\/redsemlac.com\/semmexico\/?p=10240"},"modified":"2023-07-21T14:51:17","modified_gmt":"2023-07-21T19:51:17","slug":"opinion-10","status":"publish","type":"post","link":"https:\/\/redsemlac.com\/semmexico\/opinion-10\/","title":{"rendered":"Alfa Omega"},"content":{"rendered":"\n<h2 class=\"wp-block-heading\"><strong>Autonom\u00eda No Pedida\u2026\u201dSherlock Holmes Mexicano\u201d\u2026 <\/strong><\/h2>\n\n\n\n<p class=\"wp-block-paragraph\"><strong>* El \u00daltimo Virrey\u2026 El Temblor del 57<\/strong><\/p>\n\n\n\n<p class=\"wp-block-paragraph\"><strong>Jorge Herrera\nValenzuela<\/strong><\/p>\n\n\n\n<blockquote style=\"text-align:right\" class=\"wp-block-quote is-layout-flow wp-block-quote-is-layout-flow\"><p><strong><em>Se fue un genio de la caricatura, Eduardo G\u00f3mez S\u00e1nchez, \u201cEl Nene\u201d. Un abrazo a la familia.<\/em><\/strong><\/p><\/blockquote>\n\n\n\n<p class=\"wp-block-paragraph\">SemM\u00e9xico,\n29 julio 2019.- A noventa a\u00f1os de distancia de que el presidente <strong>Emilio Portes Gil <\/strong>otorgara la autonom\u00eda\na la Universidad Nacional de M\u00e9xico, se frustr\u00f3 el proyecto de eliminarla.\nConsidero interesante precisar que los dirigentes del Movimiento Universitario\nde 1929 en ning\u00fan considerando de su pliego de demandas se contempl\u00f3, ni hubo\nreferencia, lo relativo a la autonom\u00eda.<\/p>\n\n\n\n<p class=\"wp-block-paragraph\">El\nmaestro <strong>Lucio Mendieta y N\u00fa\u00f1ez<\/strong> en su\nobra \u201cLa Historia de la Facultad de Derecho\u201d (publicada por la UNAM en 1956),\nen la p\u00e1gina 185, asent\u00f3: \u201cEn el pliego de peticiones de los huelguistas, no se\nmenciona, para nada, la autonom\u00eda de la Universidad, que, por lo mismo, no fue\nbandera del movimiento estudiantil de 1929\u201d. Las demandas se centraban en que\nrenunciaran el rector <strong>Antonio Castro\nLeal<\/strong>, el director de la Escuela Nacional de Jurisprudencia, <strong>Narciso Bassols Garc\u00eda<\/strong>, as\u00ed como los\njefes polic\u00edacos del Distrito Federal, <strong>Valente\nQuintana <\/strong>y <strong>Pablo Meneses<\/strong>. El\ntitular de la SEP, <strong>Ezequiel Padilla<\/strong>,\ntambi\u00e9n estaba en la lista.<\/p>\n\n\n\n<p class=\"wp-block-paragraph\"><strong>Portes Gil<\/strong>, presidente interino por la muerte de\n<strong>\u00c1lvaro Obreg\u00f3n<\/strong>, recibi\u00f3 el amplio\npliego petitorio del Comit\u00e9 General de Huelga, el 27 de mayo de 1929, firmado\npor el estudiante de Derecho <strong>Ricardo\nGarc\u00eda Villalobos<\/strong>, en su calidad de secretario general del comit\u00e9. A ello\nla respuesta presidencial, en su exposici\u00f3n de motivos, se\u00f1alaba:<\/p>\n\n\n\n<p class=\"wp-block-paragraph\">\u201cAunque\nno expl\u00edcitamente formulado, el deseo de ustedes (los estudiantes) es ver su\nUniversidad libre de la amenaza constante que para ella implica la ejecuci\u00f3n,\nposiblemente arbitraria en muchas ocasiones, de acuerdos, sistemas y\nprocedimientos que no han sufrido previamente la prueba de un an\u00e1lisis t\u00e9cnico\ncuidadoso, hecho sin otra mira que el mejor servicio posible para los intereses\nculturales de la Rep\u00fablica. <strong>Para evitar\nese mal, s\u00f3lo hay un camino eficaz: el de establecer y mantener la autonom\u00eda\nuniversitaria<\/strong>\u201d.<\/p>\n\n\n\n<p class=\"wp-block-paragraph\">El\ntamaulipeco que vivi\u00f3 48 a\u00f1os como ex Presidente de M\u00e9xico, luego de leer\npausadamente el pliego de los estudiantes, dijo: \u201cDespu\u00e9s de meditar\nserenamente los puntos que los estudiantes en huelga sometieron a la\nconsideraci\u00f3n de la Presidencia de la Rep\u00fablica, llegu\u00e9 a la conclusi\u00f3n de lo\nque ellos ped\u00edan no resolv\u00eda fundamentalmente ninguno de los graves problemas\nplanteados y si&nbsp; implicaba un\nquebrantamiento de la autoridad gubernamental\u201d.<\/p>\n\n\n\n<p class=\"wp-block-paragraph\">De tal\nsuerte que <strong>Portes Gil <\/strong>envi\u00f3 al\nCongreso de la Uni\u00f3n el proyecto de la Ley que otorgara a la Universidad\nNacional de M\u00e9xico, \u201c<strong>la autonom\u00eda a que\nten\u00edan pleno derecho<\/strong>\u201d (profesores y alumnos). La Ley se promulg\u00f3 el 22 de\njulio de 1929. La autonom\u00eda era para el autogobierno, a trav\u00e9s del Consejo\nUniversitario, la libertad de c\u00e1tedra en todas escuelas y facultades. Para nada\nse hizo menci\u00f3n a la <strong>extraterritorialidad<\/strong>\nque en diversos eventos se pone como escudo defensivo, sobre todo cuando hay\nque hacer alguna investigaci\u00f3n judicial en territorio universitario.<\/p>\n\n\n\n<p class=\"wp-block-paragraph\"><strong>Ignacio Garc\u00eda T\u00e9llez<\/strong>, un ilustre\nguanajuatense, a los 32 a\u00f1os de edad, fue el primer Rector de la Universidad\nNacional <strong>Aut\u00f3noma<\/strong> de M\u00e9xico. Antes,\na los 26 a\u00f1os, gobern\u00f3 Guanajuato; en el gabinete del presidente <strong>L\u00e1zaro C\u00e1rdenas<\/strong> ocup\u00f3 diversos cargos\nen el gabinete presidencial.<\/p>\n\n\n\n<p class=\"wp-block-paragraph\"><strong>Versiones sobre el\nmovimiento<\/strong><\/p>\n\n\n\n<p class=\"wp-block-paragraph\">Durante\nel inicio de su gesti\u00f3n como director de la <strong>Escuela Nacional de Jurisprudencia<\/strong>, ENJ,&nbsp; (hoy Facultad de Derecho), el abogado y\ncatedr\u00e1tico <strong>Narciso Bassols Garc\u00eda <\/strong>pretendi\u00f3\nmodificar los sistemas de control de aprovechamiento, incluidos el porcentaje\nde 80 por ciento para tener derecho a la presentaci\u00f3n de ex\u00e1menes, as\u00ed como\naplicar otras medidas, como en 1912 lo hiciera el poblano <strong>Luis Cabrera<\/strong>, director de la ENJ y que provocaron una huelga\nestudiantil encabezada por el alumno <strong>Ezequiel\nPadilla<\/strong> y que dio origen a la <strong>Escuela\nLibre de Derecho.<\/strong><\/p>\n\n\n\n<p class=\"wp-block-paragraph\">Otra\nversi\u00f3n que circul\u00f3, seg\u00fan contaban, fue en el sentido de que a la novia del\nestudiante y l\u00edder <strong>Alejandro G\u00f3mez Arias<\/strong>,\nle notificaron que no pod\u00eda presentar ex\u00e1menes ordinarios por faltas de\nasistencia a clases. Alejandro se moviliz\u00f3, sin lograr una buena respuesta.\nComenzaron a juntarse los inconformes, no s\u00f3lo por lo de la novia, sino porque\nhab\u00eda varios que no reun\u00edan el porcentaje se\u00f1alado. El asunto creci\u00f3 en pocos\nd\u00edas y el 4 de mayo de 1929 se integr\u00f3 un \u201ccomit\u00e9 provisional\u201d que encabezaron los\nj\u00f3venes estudiantes <strong>Salvador Azuela\nRivera <\/strong>y <strong>Alejandro G\u00f3mez Arias.<\/strong><\/p>\n\n\n\n<p class=\"wp-block-paragraph\">A\npartir de esa fecha y hasta el decreto presidencial, el Movimiento Estudiantil <strong>Generaci\u00f3n 1929<\/strong> se extendi\u00f3 de\nJurisprudencia, a la Escuela Nacional Preparatoria y despu\u00e9s se generaliz\u00f3.\nHubo manifestaciones callejeras reprimidas por la polic\u00eda; bomberos y polic\u00eda\nuniformada tomaron las instalaciones universitarias. El m\u00e1s sangriento\nenfrentamiento ocurri\u00f3 en el Jard\u00edn de San Fernando, en la Colonia Guerrero,\ndonde muri\u00f3 el estudiante <strong>Germ\u00e1n del\nCampo<\/strong> y de eso se responsabiliz\u00f3 al cacique potosino <strong>Gonzalo N. Santos<\/strong>, quien c\u00ednicamente lo admiti\u00f3.<\/p>\n\n\n\n<p class=\"wp-block-paragraph\">En los\ntres meses de la lucha universitaria, los estudiantes editaron un peri\u00f3dico,\n\u201cLa Huelga\u201d, que estuvo a cargo de otro famoso estudiante: <strong>C\u00e9sar \u201cEl Tlacuache\u201d Garizurieta<\/strong>. En el movimiento participaron,\nentre otros, <strong>Carlos Zapata Vela, Ciriaco\nPacheco Calvo, Julio Serrano Castro, Jos\u00e9 Mar\u00eda de los Reyes<\/strong> y<strong> \u00c1ngel Carvajal. <\/strong><\/p>\n\n\n\n<p class=\"wp-block-paragraph\"><strong>\u201cSherlock Holmes mexicano\u201d<\/strong><\/p>\n\n\n\n<p class=\"wp-block-paragraph\">En la\n\u00faltima d\u00e9cada del Siglo XIX en Matamoros, Tamaulipas, naci\u00f3 un ni\u00f1o que al paso\nde los a\u00f1os se convertir\u00eda en uno de los m\u00e1s connotados detectives. Su nombre: <strong>Valente Quintana<\/strong>. A quien menciono en p\u00e1rrafo\nanterior, porque en 1929 fue el Inspector de Polic\u00eda, dependiente del Departamento\nCentral del Distrito Federal y recib\u00eda \u00f3rdenes directas del Presidente de\nM\u00e9xico, <strong>Portes Gil<\/strong>. <strong>Jos\u00e9 Manuel Puig Cassaurang <\/strong>era el Jefe\ndel Departamento.<\/p>\n\n\n\n<p class=\"wp-block-paragraph\">Bueno,\npues nuestro personaje estudi\u00f3 la primaria en Matamoros, pero su familia se\ntraslad\u00f3 a Brownsville, donde <strong>Valente <\/strong>trabajaba\nen una tienda cuando lo acusaron de robo a la caja registradora. Rechaz\u00f3 el\ncargo e investig\u00f3 por su cuenta, descubriendo al ladr\u00f3n.&nbsp; Dej\u00f3 el empleo y se inscribi\u00f3 en Detectives\nSchool of America e ingres\u00f3 al Servicio Americano de Investigaciones, donde por\nsus conocimientos y resultados altamente positivos lo propusieron como\nComandante, a condici\u00f3n de que renunciara a la nacionalidad mexicana. El hombre\nno acept\u00f3.<\/p>\n\n\n\n<p class=\"wp-block-paragraph\">Retorn\u00f3\na su pa\u00eds y viaj\u00f3 hasta la Ciudad de M\u00e9xico. Ten\u00eda 27 a\u00f1os de edad, en 1917,\ncuando estableci\u00f3 su <strong>Bufete Nacional de\nInvestigaciones. <\/strong>Ocup\u00f3 un despacho del primer piso en San Juan de Letr\u00e1n 6,\ncasi esquina con la Avenida Madero, edificio pr\u00f3ximo a donde desde los a\u00f1os 50\nest\u00e1 la Torre Latinoamericana. Pronto adquiri\u00f3 renombre. No dejaba pendiente de\nsoluci\u00f3n ning\u00fan robo, asalto u homicidio.<\/p>\n\n\n\n<p class=\"wp-block-paragraph\">&nbsp;Entre sus grandes logros se anotaron dos\nsucesos relacionados con <strong>\u00c1lvaro Obreg\u00f3n<\/strong>.\nEl primero, lo contrat\u00f3 el licenciado <strong>Arturo\nOrci, <\/strong>del Centro Obregonista, para que investigara en torno a un atentado\nque sufri\u00f3 el sonorense y por el cual fueron fusilados muchos hombres, entre\nellos los hermanos sacedortes<strong> Miguel\nAgust\u00edn y Humberto Pro Ju\u00e1rez<\/strong>, que eran inocentes, de acuerdo con la\ninvestigaci\u00f3n del detective, que en Estados Unidos fue llamado \u201c<strong>El Sherlock Holmes Mexicano<\/strong>\u201d.<\/p>\n\n\n\n<p class=\"wp-block-paragraph\">El otro\ncaso se registr\u00f3 cuando el presidente <strong>Plutarco\nEl\u00edas Calles<\/strong> primero como amigo de la v\u00edctima le suplica y despu\u00e9s como\nPresidente de M\u00e9xico, le ordena, a <strong>Valente<\/strong>,\nque investigue todo en torno al asesinato del general <strong>Obreg\u00f3n. <\/strong>La oposici\u00f3n inicial de <strong>Quintana<\/strong> era porque el general <strong>Roberto\nCruz<\/strong>, como jefe polic\u00edaco le prohibi\u00f3 que ejerciera su oficio, en todo el\npa\u00eds. Tambi\u00e9n le encomendaron averiguar sobre la muerte del l\u00edder estudiantil\ncubano <strong>Juan Antonio Mella<\/strong>, en enero\nde 1929; se supo que fue asesinado por \u00f3rdenes de la dictadura que imperaba en\nLa Habana.<\/p>\n\n\n\n<p class=\"wp-block-paragraph\"><strong>Valente Quintana<\/strong> muri\u00f3 en 1968. No lo\nconoc\u00ed, pero supe que sus \u00faltimos a\u00f1os los vivi\u00f3 en una modesta casa ubicada en\nJos\u00e9 T. Cu\u00e9llar y Juan de Dios Arias, en la Colonia Vista Alegre, en el centro\nde la Ciudad de M\u00e9xico. Su historia es tema de muchas novelas.<\/p>\n\n\n\n<p class=\"wp-block-paragraph\"><strong>El Virrey 62, O\u2019Donoj\u00fa<\/strong><\/p>\n\n\n\n<p class=\"wp-block-paragraph\">Los\nhistoriadores no se ponen de acuerdo en la fecha exacta en que el sevillano <strong>Juan O \u2019Donoj\u00fa <\/strong>comenz\u00f3 su mandato de\nVirrey de la Nueva Espa\u00f1a. Lo que est\u00e1 corroborado es que fue en 1821 y con \u00e9l\nse terminaron los 302 a\u00f1os de dominio espa\u00f1ol en suelo azteca. Le toc\u00f3,\nhist\u00f3ricamente, firmar junto con <strong>Agust\u00edn\nde Iturbide<\/strong>, Los Tratados de C\u00f3rdova, por los cuales Espa\u00f1a reconoce la\nIndependencia de M\u00e9xico y <strong>don Juan<\/strong>\ndesde el balc\u00f3n del entonces Palacio Virreynal presencia la entrada del\nEj\u00e9rcito Trigarante, el 27 de septiembre de 1821 y despu\u00e9s participar\u00eda como\nmiembro de la Primera Regencia del Imperio Mexicano. Por cierto que uno de los\nayudantes del \u00faltimo virrey, se llam\u00f3 <strong>Antonio\nL\u00f3pez de Santa Anna<\/strong>. El virrey cae enfermo y muere en octubre del mismo\n1821.<\/p>\n\n\n\n<p class=\"wp-block-paragraph\"><strong>P.D. <\/strong>Por supuesto que los nacidos despu\u00e9s de\nseptiembre de 1985 solo de o\u00eddas, pl\u00e1ticas, conferencias o videos, saben lo que\nocurri\u00f3 aquella ma\u00f1ana del 19 de septiembre. Bueno, pues ahora les comento a\nesos mexicanos que la madrugada del domingo 28 de julio de 1957, un temblor de\n7.9 grados sacudi\u00f3 a la Ciudad de M\u00e9xico; cayeron algunos edificios, se\ninterrumpi\u00f3 por horas el servicio el\u00e9ctrico, no hubo comunicaci\u00f3n telef\u00f3nica y\ndos detalles: se desplom\u00f3 el \u00c1ngel de la Independencia, la cabeza de la\nVictoria Alada rod\u00f3 por el piso. Una elefanta escap\u00f3 del circo donde estaba\nencadenada y fue muerta a tiros en una calle de la Colonia Santa Mar\u00eda la\nRibera.<\/p>\n\n\n\n<p class=\"wp-block-paragraph\"><strong>jherrerav@live.com.mx<\/strong><\/p>\n","protected":false},"excerpt":{"rendered":"<p>Autonom\u00eda No Pedida\u2026\u201dSherlock Holmes Mexicano\u201d\u2026 \ufeff<\/p>\n","protected":false},"author":3,"featured_media":10241,"comment_status":"open","ping_status":"open","sticky":false,"template":"","format":"standard","meta":{"_monsterinsights_skip_tracking":false,"footnotes":""},"categories":[690,94,107],"tags":[],"class_list":["post-10240","post","type-post","status-publish","format-standard","has-post-thumbnail","category-690","category-jorge-herrera-valenzuela","category-rafaga"],"_links":{"self":[{"href":"https:\/\/redsemlac.com\/semmexico\/wp-json\/wp\/v2\/posts\/10240","targetHints":{"allow":["GET"]}}],"collection":[{"href":"https:\/\/redsemlac.com\/semmexico\/wp-json\/wp\/v2\/posts"}],"about":[{"href":"https:\/\/redsemlac.com\/semmexico\/wp-json\/wp\/v2\/types\/post"}],"author":[{"embeddable":true,"href":"https:\/\/redsemlac.com\/semmexico\/wp-json\/wp\/v2\/users\/3"}],"replies":[{"embeddable":true,"href":"https:\/\/redsemlac.com\/semmexico\/wp-json\/wp\/v2\/comments?post=10240"}],"version-history":[{"count":0,"href":"https:\/\/redsemlac.com\/semmexico\/wp-json\/wp\/v2\/posts\/10240\/revisions"}],"wp:featuredmedia":[{"embeddable":true,"href":"https:\/\/redsemlac.com\/semmexico\/wp-json\/wp\/v2\/media\/10241"}],"wp:attachment":[{"href":"https:\/\/redsemlac.com\/semmexico\/wp-json\/wp\/v2\/media?parent=10240"}],"wp:term":[{"taxonomy":"category","embeddable":true,"href":"https:\/\/redsemlac.com\/semmexico\/wp-json\/wp\/v2\/categories?post=10240"},{"taxonomy":"post_tag","embeddable":true,"href":"https:\/\/redsemlac.com\/semmexico\/wp-json\/wp\/v2\/tags?post=10240"}],"curies":[{"name":"wp","href":"https:\/\/api.w.org\/{rel}","templated":true}]}}