{"id":102351,"date":"2026-01-30T20:00:13","date_gmt":"2026-01-31T02:00:13","guid":{"rendered":"https:\/\/redsemlac.com\/semmexico\/?p=102351"},"modified":"2026-01-30T20:00:41","modified_gmt":"2026-01-31T02:00:41","slug":"grave-equivocacion-de-un-juez-al-vincular-a-proceso-a-una-mujer-por-violencia-vicaria","status":"publish","type":"post","link":"https:\/\/redsemlac.com\/semmexico\/grave-equivocacion-de-un-juez-al-vincular-a-proceso-a-una-mujer-por-violencia-vicaria\/","title":{"rendered":"Grave equivocaci\u00f3n de un juez al vincular a proceso a una mujer por violencia vicaria"},"content":{"rendered":"\n<ul class=\"wp-block-list\">\n<li>Denuncia Frente Nacional de Violencia Vicaria de Coahuila amenazas contra activistas<\/li>\n\n\n\n<li>Secretaria de las Mujeres, Citlalli Hern\u00e1ndez, anuncia homologaci\u00f3n del tipo penal<\/li>\n<\/ul>\n\n\n\n<p class=\"wp-block-paragraph\">Soledad Jarqu\u00edn Edgar<\/p>\n\n\n\n<p class=\"wp-block-paragraph\">SemM\u00e9xico, Ciudad de M\u00e9xico, 30 de enero, 2026.- La vinculaci\u00f3n a proceso de Estela por el presunto delito de \u201cviolencia vicaria\u201d en Coahuila es grave, porque los hechos que se le imputan no encuadran jur\u00eddicamente en ese delito que, adem\u00e1s fue creado para proteger los derechos de las mujeres, dijo Yetlanezy Baltierrez, representante del Frente Nacional Contra la Violencia Vicaria en esa entidad; en tanto la titular de la Secretar\u00eda de las Mujeres, Citlalli Hern\u00e1ndez Mora, afirm\u00f3 que el tipo penal se utiliz\u00f3 de forma equivocada contra una mujer.<\/p>\n\n\n\n<p class=\"wp-block-paragraph\">Yetlanezy Baltierrez denunci\u00f3 a SemM\u00e9xico que la vida de Estela, de ella misma y otras integrantes del Frente corre peligro, ya que a ra\u00edz de la audiencia en que equivocadamente se vincul\u00f3 a Estela, han recibido insultos y amenazas en redes sociales por parte de hombres que \u201ccelebraron la equivocaci\u00f3n jur\u00eddica\u201d.<\/p>\n\n\n\n<p class=\"wp-block-paragraph\">Tambi\u00e9n dijo que en pr\u00f3ximos d\u00edas tendr\u00e1n una reuni\u00f3n con la titular de la Junta de Coordinaci\u00f3n Pol\u00edtica del Congreso de Coahuila, la diputada Luz Elena Morales N\u00fa\u00f1ez, ante quien har\u00e1n diversos planteamientos para que se corrija la tipificaci\u00f3n del delito, se respete el debido proceso y se aplique la ley de forma adecuada.<\/p>\n\n\n\n<p class=\"wp-block-paragraph\"><strong>\u00a1Esto es un error!<\/strong><\/p>\n\n\n\n<p class=\"wp-block-paragraph\">Por otra parte, la titular de la Secretar\u00eda de las Mujeres de M\u00e9xico, Citlalli Hern\u00e1ndez Mora, respondi\u00f3 hoy a trav\u00e9s de sus redes sociales y se\u00f1al\u00f3: \u201cUna mujer fue vinculada por el delito de violencia vicaria. \u00a1Esto es un error!\u201d.<\/p>\n\n\n\n<p class=\"wp-block-paragraph\">Con un pizarr\u00f3n explica qu\u00e9 es la violencia vicaria, la resoluci\u00f3n de la Corte mexicana sobre una acci\u00f3n de inconstitucionalidad que refer\u00eda una posible discriminaci\u00f3n contra los hombres, sin embargo, dijo la funcionaria, el 90 por ciento de los casos de violencia vicaria se cometen contra mujeres.<\/p>\n\n\n\n<p class=\"wp-block-paragraph\">Estamos en comunicaci\u00f3n con \u201cla mujer\u201d que fue vinculada injustamente a proceso, por una definici\u00f3n equivocada de la violencia vicaria, dijo la funcionaria federal, que anunci\u00f3 lo que har\u00e1n en adelante.<\/p>\n\n\n\n<p class=\"wp-block-paragraph\">Buscaremos un di\u00e1logo con la Fiscal\u00eda que acusa a la mujer por este delito violentando el principio constitucional y tambi\u00e9n a personas del Tribunal local para que se corrija \u201cesta injusticia\u201d. Adem\u00e1s, para que esto no vuelva a pasar, propondremos ante los congresos locales del pa\u00eds la homologaci\u00f3n del tipo penal de la violencia vicaria que s\u00f3lo se ejerce contra las mujeres.<\/p>\n\n\n\n<p class=\"wp-block-paragraph\"><strong>Una equivocaci\u00f3n grave<\/strong><\/p>\n\n\n\n<p class=\"wp-block-paragraph\">Yetlanezy Baltierrez agreg\u00f3 que conforme a los criterios establecidos por la Suprema Corte de Justicia de la Naci\u00f3n, la violencia vicaria es una forma de violencia de g\u00e9nero en la que un agresor utiliza a las hijas o hijos como instrumento para ejercer control da\u00f1o o castigo hacia la madre.<\/p>\n\n\n\n<p class=\"wp-block-paragraph\">\u201cNo se trata de cualquier conflicto familiar ni de cualquier desacuerdo relacionado con convivencia custodia o crianza, en el caso de la doctora Estela no existe el elemento central del tipo penal es decir no hay uso de hijas o hijos como medio de dominaci\u00f3n o da\u00f1o contra la madre\u201d.<\/p>\n\n\n\n<p class=\"wp-block-paragraph\">Los hechos podr\u00edan, en todo caso, analizarse bajo figuras jur\u00eddicas distintas como la interferencia u obstrucci\u00f3n parental que cuentan con v\u00edas legales espec\u00edficas y existen desde hace muchos a\u00f1os, explic\u00f3 la representante del Frente Nacional Contra la Violencia Vicaria.<\/p>\n\n\n\n<p class=\"wp-block-paragraph\"><strong>Agresiones contra integrantes del Frente<\/strong><\/p>\n\n\n\n<p class=\"wp-block-paragraph\">Por otra parte, la integrante del Frente en Oaxaca, Ileana Acevedo Brena, denunci\u00f3 que en esa entidad hay grupos de hombres que atacan a los grupos de mujeres, han cuestionado la violencia vicaria se\u00f1al\u00e1ndola como un acto de discriminaci\u00f3n y una falacia, mediante la cual las mujeres buscan su propio beneficio.<\/p>\n\n\n\n<p class=\"wp-block-paragraph\">Ello ha derivado en actos de violencia verbal o en redes sociales, luego de la equivocada interpretaci\u00f3n de la Ley de Violencia Vicaria de Coahuila. Incluso, la representante en Coahuila teme por su seguridad y la de la doctora Estela, agreg\u00f3 la activista oaxaque\u00f1a.<\/p>\n\n\n\n<p class=\"wp-block-paragraph\">Lament\u00f3 que la ley hecha para proteger a las mujeres sea utilizada equivocadamente y celebr\u00f3 la intervenci\u00f3n de la titular de la Secretar\u00eda de las Mujeres, Citlalli Hern\u00e1ndez Mora, quien aclar\u00f3 que la Ley Vicaria no discrimina a los hombres, ellos cuentan con otras v\u00edas legales.<\/p>\n\n\n\n<p class=\"wp-block-paragraph\">Acevedo Brena expuso que para el Frente fue muy sorpresiva la decisi\u00f3n en contra de Estella, quien adem\u00e1s hab\u00eda sido notificada en la misma audiencia de la medida cautelar de prisi\u00f3n domiciliaria, pero gracias a un amparo se detuvo la determinaci\u00f3n del juez.<\/p>\n\n\n\n<p class=\"wp-block-paragraph\">Tambi\u00e9n record\u00f3 que en el pa\u00eds unas cinco mil mujeres han denunciado violencia vicaria, muchas de ellas alejadas de sus hijos \u201cporque nos pegan donde m\u00e1s nos duele\u201d, por eso ojal\u00e1 actuaran con la misma celeridad con nosotras, concluy\u00f3.<\/p>\n\n\n\n<p class=\"wp-block-paragraph\">SEM\/sj<\/p>\n\n\n\n<figure class=\"wp-block-image size-full is-resized\"><a href=\"https:\/\/redsemlac.com\/semmexico\/wp-content\/uploads\/2026\/01\/WhatsApp-Image-2026-01-29-at-6.32.02-PM-1.jpeg\"><img loading=\"lazy\" decoding=\"async\" width=\"739\" height=\"526\" src=\"https:\/\/redsemlac.com\/semmexico\/wp-content\/uploads\/2026\/01\/WhatsApp-Image-2026-01-29-at-6.32.02-PM-1.jpeg\" alt=\"\" class=\"wp-image-102353\" style=\"width:347px;height:auto\" srcset=\"https:\/\/redsemlac.com\/semmexico\/wp-content\/uploads\/2026\/01\/WhatsApp-Image-2026-01-29-at-6.32.02-PM-1.jpeg 739w, https:\/\/redsemlac.com\/semmexico\/wp-content\/uploads\/2026\/01\/WhatsApp-Image-2026-01-29-at-6.32.02-PM-1-300x214.jpeg 300w, https:\/\/redsemlac.com\/semmexico\/wp-content\/uploads\/2026\/01\/WhatsApp-Image-2026-01-29-at-6.32.02-PM-1-150x107.jpeg 150w, https:\/\/redsemlac.com\/semmexico\/wp-content\/uploads\/2026\/01\/WhatsApp-Image-2026-01-29-at-6.32.02-PM-1-696x495.jpeg 696w\" sizes=\"auto, (max-width: 739px) 100vw, 739px\" \/><\/a><\/figure>\n\n\n\n<figure class=\"wp-block-image size-full is-resized\"><a href=\"https:\/\/redsemlac.com\/semmexico\/wp-content\/uploads\/2026\/01\/WhatsApp-Image-2026-01-29-at-6.32.02-PM-3.jpeg\"><img loading=\"lazy\" decoding=\"async\" width=\"739\" height=\"374\" src=\"https:\/\/redsemlac.com\/semmexico\/wp-content\/uploads\/2026\/01\/WhatsApp-Image-2026-01-29-at-6.32.02-PM-3.jpeg\" alt=\"\" class=\"wp-image-102352\" style=\"aspect-ratio:1.9761305157122522;width:343px;height:auto\" srcset=\"https:\/\/redsemlac.com\/semmexico\/wp-content\/uploads\/2026\/01\/WhatsApp-Image-2026-01-29-at-6.32.02-PM-3.jpeg 739w, https:\/\/redsemlac.com\/semmexico\/wp-content\/uploads\/2026\/01\/WhatsApp-Image-2026-01-29-at-6.32.02-PM-3-300x152.jpeg 300w, https:\/\/redsemlac.com\/semmexico\/wp-content\/uploads\/2026\/01\/WhatsApp-Image-2026-01-29-at-6.32.02-PM-3-150x76.jpeg 150w, https:\/\/redsemlac.com\/semmexico\/wp-content\/uploads\/2026\/01\/WhatsApp-Image-2026-01-29-at-6.32.02-PM-3-696x352.jpeg 696w\" sizes=\"auto, (max-width: 739px) 100vw, 739px\" \/><\/a><\/figure>\n\n\n\n<figure class=\"wp-block-image size-full is-resized\"><a href=\"https:\/\/redsemlac.com\/semmexico\/wp-content\/uploads\/2026\/01\/WhatsApp-Image-2026-01-29-at-6.32.02-PM.jpeg\"><img loading=\"lazy\" decoding=\"async\" width=\"739\" height=\"479\" src=\"https:\/\/redsemlac.com\/semmexico\/wp-content\/uploads\/2026\/01\/WhatsApp-Image-2026-01-29-at-6.32.02-PM.jpeg\" alt=\"\" class=\"wp-image-102354\" style=\"width:341px;height:auto\" srcset=\"https:\/\/redsemlac.com\/semmexico\/wp-content\/uploads\/2026\/01\/WhatsApp-Image-2026-01-29-at-6.32.02-PM.jpeg 739w, https:\/\/redsemlac.com\/semmexico\/wp-content\/uploads\/2026\/01\/WhatsApp-Image-2026-01-29-at-6.32.02-PM-300x194.jpeg 300w, https:\/\/redsemlac.com\/semmexico\/wp-content\/uploads\/2026\/01\/WhatsApp-Image-2026-01-29-at-6.32.02-PM-150x97.jpeg 150w, https:\/\/redsemlac.com\/semmexico\/wp-content\/uploads\/2026\/01\/WhatsApp-Image-2026-01-29-at-6.32.02-PM-696x451.jpeg 696w\" sizes=\"auto, (max-width: 739px) 100vw, 739px\" \/><\/a><\/figure>\n\n\n\n<figure class=\"wp-block-image size-full is-resized\"><a href=\"https:\/\/redsemlac.com\/semmexico\/wp-content\/uploads\/2026\/01\/WhatsApp-Image-2026-01-29-at-6.32.02-PM-2.jpeg\"><img loading=\"lazy\" decoding=\"async\" width=\"739\" height=\"389\" src=\"https:\/\/redsemlac.com\/semmexico\/wp-content\/uploads\/2026\/01\/WhatsApp-Image-2026-01-29-at-6.32.02-PM-2.jpeg\" alt=\"\" class=\"wp-image-102355\" style=\"aspect-ratio:1.899867080194949;width:351px;height:auto\" srcset=\"https:\/\/redsemlac.com\/semmexico\/wp-content\/uploads\/2026\/01\/WhatsApp-Image-2026-01-29-at-6.32.02-PM-2.jpeg 739w, https:\/\/redsemlac.com\/semmexico\/wp-content\/uploads\/2026\/01\/WhatsApp-Image-2026-01-29-at-6.32.02-PM-2-300x158.jpeg 300w, https:\/\/redsemlac.com\/semmexico\/wp-content\/uploads\/2026\/01\/WhatsApp-Image-2026-01-29-at-6.32.02-PM-2-150x79.jpeg 150w, https:\/\/redsemlac.com\/semmexico\/wp-content\/uploads\/2026\/01\/WhatsApp-Image-2026-01-29-at-6.32.02-PM-2-696x366.jpeg 696w\" sizes=\"auto, (max-width: 739px) 100vw, 739px\" \/><\/a><\/figure>\n\n\n\n<figure class=\"wp-block-image size-full is-resized\"><a href=\"https:\/\/redsemlac.com\/semmexico\/wp-content\/uploads\/2026\/01\/WhatsApp-Image-2026-01-29-at-6.32.01-PM-1.jpeg\"><img loading=\"lazy\" decoding=\"async\" width=\"739\" height=\"523\" src=\"https:\/\/redsemlac.com\/semmexico\/wp-content\/uploads\/2026\/01\/WhatsApp-Image-2026-01-29-at-6.32.01-PM-1.jpeg\" alt=\"\" class=\"wp-image-102356\" style=\"aspect-ratio:1.4130022628585408;width:357px;height:auto\" srcset=\"https:\/\/redsemlac.com\/semmexico\/wp-content\/uploads\/2026\/01\/WhatsApp-Image-2026-01-29-at-6.32.01-PM-1.jpeg 739w, https:\/\/redsemlac.com\/semmexico\/wp-content\/uploads\/2026\/01\/WhatsApp-Image-2026-01-29-at-6.32.01-PM-1-300x212.jpeg 300w, https:\/\/redsemlac.com\/semmexico\/wp-content\/uploads\/2026\/01\/WhatsApp-Image-2026-01-29-at-6.32.01-PM-1-150x106.jpeg 150w, https:\/\/redsemlac.com\/semmexico\/wp-content\/uploads\/2026\/01\/WhatsApp-Image-2026-01-29-at-6.32.01-PM-1-696x493.jpeg 696w\" sizes=\"auto, (max-width: 739px) 100vw, 739px\" \/><\/a><\/figure>\n\n\n\n<figure class=\"wp-block-image size-full is-resized\"><a href=\"https:\/\/redsemlac.com\/semmexico\/wp-content\/uploads\/2026\/01\/WhatsApp-Image-2026-01-29-at-6.32.03-PM.jpeg\"><img loading=\"lazy\" decoding=\"async\" width=\"739\" height=\"505\" src=\"https:\/\/redsemlac.com\/semmexico\/wp-content\/uploads\/2026\/01\/WhatsApp-Image-2026-01-29-at-6.32.03-PM.jpeg\" alt=\"\" class=\"wp-image-102358\" style=\"aspect-ratio:1.463369108726085;width:353px;height:auto\" srcset=\"https:\/\/redsemlac.com\/semmexico\/wp-content\/uploads\/2026\/01\/WhatsApp-Image-2026-01-29-at-6.32.03-PM.jpeg 739w, https:\/\/redsemlac.com\/semmexico\/wp-content\/uploads\/2026\/01\/WhatsApp-Image-2026-01-29-at-6.32.03-PM-300x205.jpeg 300w, https:\/\/redsemlac.com\/semmexico\/wp-content\/uploads\/2026\/01\/WhatsApp-Image-2026-01-29-at-6.32.03-PM-150x103.jpeg 150w, https:\/\/redsemlac.com\/semmexico\/wp-content\/uploads\/2026\/01\/WhatsApp-Image-2026-01-29-at-6.32.03-PM-218x150.jpeg 218w, https:\/\/redsemlac.com\/semmexico\/wp-content\/uploads\/2026\/01\/WhatsApp-Image-2026-01-29-at-6.32.03-PM-696x476.jpeg 696w\" sizes=\"auto, (max-width: 739px) 100vw, 739px\" \/><\/a><\/figure>\n\n\n\n<figure class=\"wp-block-image size-full is-resized\"><a href=\"https:\/\/redsemlac.com\/semmexico\/wp-content\/uploads\/2026\/01\/WhatsApp-Image-2026-01-29-at-6.32.02-PM-4.jpeg\"><img loading=\"lazy\" decoding=\"async\" width=\"739\" height=\"369\" src=\"https:\/\/redsemlac.com\/semmexico\/wp-content\/uploads\/2026\/01\/WhatsApp-Image-2026-01-29-at-6.32.02-PM-4.jpeg\" alt=\"\" class=\"wp-image-102359\" style=\"width:357px;height:auto\" srcset=\"https:\/\/redsemlac.com\/semmexico\/wp-content\/uploads\/2026\/01\/WhatsApp-Image-2026-01-29-at-6.32.02-PM-4.jpeg 739w, https:\/\/redsemlac.com\/semmexico\/wp-content\/uploads\/2026\/01\/WhatsApp-Image-2026-01-29-at-6.32.02-PM-4-300x150.jpeg 300w, https:\/\/redsemlac.com\/semmexico\/wp-content\/uploads\/2026\/01\/WhatsApp-Image-2026-01-29-at-6.32.02-PM-4-150x75.jpeg 150w, https:\/\/redsemlac.com\/semmexico\/wp-content\/uploads\/2026\/01\/WhatsApp-Image-2026-01-29-at-6.32.02-PM-4-696x348.jpeg 696w\" sizes=\"auto, (max-width: 739px) 100vw, 739px\" \/><\/a><\/figure>\n","protected":false},"excerpt":{"rendered":"<p>Soledad Jarqu\u00edn Edgar SemM\u00e9xico, Ciudad de M\u00e9xico, 30 de enero, 2026.- La vinculaci\u00f3n a proceso de Estela por el presunto delito de \u201cviolencia vicaria\u201d en Coahuila es grave, porque los hechos que se le imputan no encuadran jur\u00eddicamente en ese delito que, adem\u00e1s fue creado para proteger los derechos de las mujeres, dijo Yetlanezy Baltierrez, [&hellip;]<\/p>\n","protected":false},"author":3,"featured_media":102357,"comment_status":"open","ping_status":"open","sticky":false,"template":"","format":"standard","meta":{"_monsterinsights_skip_tracking":false,"footnotes":""},"categories":[694],"tags":[],"class_list":["post-102351","post","type-post","status-publish","format-standard","has-post-thumbnail","category-destacadas"],"_links":{"self":[{"href":"https:\/\/redsemlac.com\/semmexico\/wp-json\/wp\/v2\/posts\/102351","targetHints":{"allow":["GET"]}}],"collection":[{"href":"https:\/\/redsemlac.com\/semmexico\/wp-json\/wp\/v2\/posts"}],"about":[{"href":"https:\/\/redsemlac.com\/semmexico\/wp-json\/wp\/v2\/types\/post"}],"author":[{"embeddable":true,"href":"https:\/\/redsemlac.com\/semmexico\/wp-json\/wp\/v2\/users\/3"}],"replies":[{"embeddable":true,"href":"https:\/\/redsemlac.com\/semmexico\/wp-json\/wp\/v2\/comments?post=102351"}],"version-history":[{"count":0,"href":"https:\/\/redsemlac.com\/semmexico\/wp-json\/wp\/v2\/posts\/102351\/revisions"}],"wp:featuredmedia":[{"embeddable":true,"href":"https:\/\/redsemlac.com\/semmexico\/wp-json\/wp\/v2\/media\/102357"}],"wp:attachment":[{"href":"https:\/\/redsemlac.com\/semmexico\/wp-json\/wp\/v2\/media?parent=102351"}],"wp:term":[{"taxonomy":"category","embeddable":true,"href":"https:\/\/redsemlac.com\/semmexico\/wp-json\/wp\/v2\/categories?post=102351"},{"taxonomy":"post_tag","embeddable":true,"href":"https:\/\/redsemlac.com\/semmexico\/wp-json\/wp\/v2\/tags?post=102351"}],"curies":[{"name":"wp","href":"https:\/\/api.w.org\/{rel}","templated":true}]}}