{"id":102325,"date":"2026-01-30T19:21:13","date_gmt":"2026-01-31T01:21:13","guid":{"rendered":"https:\/\/redsemlac.com\/semmexico\/?p=102325"},"modified":"2026-01-30T19:21:43","modified_gmt":"2026-01-31T01:21:43","slug":"justicia-para-paola-banuelos-sentencia-condenatoria-a-sergio-n-por-feminicidio","status":"publish","type":"post","link":"https:\/\/redsemlac.com\/semmexico\/justicia-para-paola-banuelos-sentencia-condenatoria-a-sergio-n-por-feminicidio\/","title":{"rendered":"Justicia para Paola Ba\u00f1uelos: Sentencia condenatoria a Sergio N por feminicidio"},"content":{"rendered":"\n<ul class=\"wp-block-list\">\n<li>\u201cFue una mujer en extrema vulnerabilidad, luch\u00f3 por su vida\u201d, manifest\u00f3 el juez Victoriano Yee<\/li>\n<\/ul>\n\n\n\n<p class=\"wp-block-paragraph\">Celeste Espinoza<\/p>\n\n\n\n<p class=\"wp-block-paragraph\">SemM\u00e9xico\/El Sol de M\u00e9xico, Mexicali, 30 de enero, 2026.- Sergio Daniel N, fue declarado culpable por el delito de&nbsp;feminicidio y desaparici\u00f3n&nbsp;cometida por particulares contra&nbsp;<a href=\"https:\/\/oem.com.mx\/lavozdelafrontera\/local\/caso-paola-banuelos-difieren-por-segunda-ocasion-juicio-oral-en-el-caso-24398888\" target=\"_blank\" rel=\"noreferrer noopener\">Paola Ba\u00f1uelos<\/a>, en hechos registrados en 2024, donde la comunidad mexicalenses se uni\u00f3 a la b\u00fasqueda de la joven quien al salir de un fiesta, tom\u00f3 un taxi de plataforma digital y nunca regres\u00f3.<\/p>\n\n\n\n<p class=\"wp-block-paragraph\">El juez de control&nbsp;Victoriano Yee, emiti\u00f3 el fallo condenatorio la tarde de este mi\u00e9rcoles en el&nbsp;Centro de Justicia Calle Sur,&nbsp;donde relat\u00f3 los medios de prueba que acreditaron mediante los testimonios en el debate de juicio oral.<\/p>\n\n\n\n<p class=\"wp-block-paragraph\">En dicha audiencia, relat\u00f3 los medios de prueba que se acreditaron mediante los testimonios en el debate de juicio oral.<\/p>\n\n\n\n<p class=\"wp-block-paragraph\">Afirmando que&nbsp;<a href=\"https:\/\/oem.com.mx\/lavozdelafrontera\/local\/caso-paola-banuelos-sergio-daniel-n-no-acepto-llevar-un-procedimiento-abreviado-22901012\" target=\"_blank\" rel=\"noreferrer noopener\">Sergio Daniel<\/a>&nbsp;era el conductor de un&nbsp;Nissan Versa gris oscuro, quien laboraba con chofer de una aplicaci\u00f3n de taxi.<\/p>\n\n\n\n<p class=\"wp-block-paragraph\">Narr\u00f3 que la joven&nbsp;<a href=\"https:\/\/oem.com.mx\/lavozdelafrontera\/local\/abogados-defensores-de-sergio-daniel-n-renuncian-al-caso-audiencia-fue-diferida-22409947\" target=\"_blank\" rel=\"noreferrer noopener\">Paola Andrea<\/a>&nbsp;hab\u00eda acudido con su prima y amigos al&nbsp;bar la Consentida&nbsp;el 7 de julio del 2024, sali\u00f3 de ah\u00ed alrededor de las 02:00 horas del 8 de julio, tomando el taxi de plataforma, conducido por Sergio Daniel.<\/p>\n\n\n\n<p class=\"wp-block-paragraph\">La ruta era hacia su domicilio, en la colonia Independencia, el conductor pas\u00f3 por la calle, pero se fue de paso, avent\u00f3 el celular de Paola a un bald\u00edo sobre la vialidad Manuel G\u00f3mez Mor\u00edn, lugar donde fue encontrado por su hermano horas despu\u00e9s.&nbsp;<\/p>\n\n\n\n<p class=\"wp-block-paragraph\">Fue a trav\u00e9s de los localizadores satelitales que contaba el veh\u00edculo que era rentado para uso de taxi,&nbsp;las autoridades lograron observar el trayecto de Sergio.&nbsp;<\/p>\n\n\n\n<p class=\"wp-block-paragraph\">Hubo una intensa movilizaci\u00f3n entre familiares, amistades y comunidad en general de Mexicali que realizaron operativos de b\u00fasqueda en coordinaci\u00f3n con autoridades y c\u00e9lulas de desaparecidos, para rastrear el paradero de la joven.<\/p>\n\n\n\n<p class=\"wp-block-paragraph\">Hasta que comenzaron a hacer rastreos en los puntos de carreteras de terracer\u00eda por donde el GPS del veh\u00edculo mostraba que estuvo detenido por al menos una hora.<\/p>\n\n\n\n<p class=\"wp-block-paragraph\">Dando con el paradero de la joven tres d\u00edas despu\u00e9s de su pesquisa, siendo la ma\u00f1ana del 11 de julio que Paola fue localizada sin vida en un terreno desolado del ejido Islas Agrarias A.<\/p>\n\n\n\n<p class=\"wp-block-paragraph\">La joven perdi\u00f3 la vida al ser asfixiada, fue golpeada y agredida \u00edntimamente antes de que el imputado la privara de la vida.<\/p>\n\n\n\n<p class=\"wp-block-paragraph\">Posteriormente Daniel se entreg\u00f3 de manera voluntaria en la fiscal\u00eda estatal en Ciudad Obreg\u00f3n Sonora, donde declar\u00f3 previamente que era inocente, y el 14 de julio lleg\u00f3 trasladado a Mexicali.<\/p>\n\n\n\n<p class=\"wp-block-paragraph\">Los resultados de gen\u00e9tica que se practic\u00f3 en el veh\u00edculo y en el cuerpo de la joven, acreditaron tener ADN de Sergio, sobre todo en la parte inferior de las u\u00f1as.<\/p>\n\n\n\n<p class=\"wp-block-paragraph\">Adem\u00e1s, el joven contaba con rasgu\u00f1os en los brazos, siendo lesiones que Paola le provoc\u00f3 con la intenci\u00f3n de defenderse, de acuerdo a las evidencias presentadas.<\/p>\n\n\n\n<p class=\"wp-block-paragraph\">\u201cFue una mujer en extrema vulnerabilidad, luch\u00f3 por su vida\u201d, manifest\u00f3 el juez Victoriano Yee, por lo cual declar\u00f3 a Sergio como autor directo del feminicidio y desaparici\u00f3n de manera dolosa, agreg\u00f3 que no hab\u00eda otra hip\u00f3tesis que desvirt\u00fae lo anterior.&nbsp;<\/p>\n\n\n\n<p class=\"wp-block-paragraph\">SEM-El Sol de M\u00e9xico\/ce<\/p>\n","protected":false},"excerpt":{"rendered":"<p>Celeste Espinoza SemM\u00e9xico\/El Sol de M\u00e9xico, Mexicali, 30 de enero, 2026.- Sergio Daniel N, fue declarado culpable por el delito de&nbsp;feminicidio y desaparici\u00f3n&nbsp;cometida por particulares contra&nbsp;Paola Ba\u00f1uelos, en hechos registrados en 2024, donde la comunidad mexicalenses se uni\u00f3 a la b\u00fasqueda de la joven quien al salir de un fiesta, tom\u00f3 un taxi de plataforma [&hellip;]<\/p>\n","protected":false},"author":3,"featured_media":102326,"comment_status":"open","ping_status":"open","sticky":false,"template":"","format":"standard","meta":{"_monsterinsights_skip_tracking":false,"footnotes":""},"categories":[48],"tags":[],"class_list":["post-102325","post","type-post","status-publish","format-standard","has-post-thumbnail","category-no-mas-impunidad-no-mas-impunidad"],"_links":{"self":[{"href":"https:\/\/redsemlac.com\/semmexico\/wp-json\/wp\/v2\/posts\/102325","targetHints":{"allow":["GET"]}}],"collection":[{"href":"https:\/\/redsemlac.com\/semmexico\/wp-json\/wp\/v2\/posts"}],"about":[{"href":"https:\/\/redsemlac.com\/semmexico\/wp-json\/wp\/v2\/types\/post"}],"author":[{"embeddable":true,"href":"https:\/\/redsemlac.com\/semmexico\/wp-json\/wp\/v2\/users\/3"}],"replies":[{"embeddable":true,"href":"https:\/\/redsemlac.com\/semmexico\/wp-json\/wp\/v2\/comments?post=102325"}],"version-history":[{"count":0,"href":"https:\/\/redsemlac.com\/semmexico\/wp-json\/wp\/v2\/posts\/102325\/revisions"}],"wp:featuredmedia":[{"embeddable":true,"href":"https:\/\/redsemlac.com\/semmexico\/wp-json\/wp\/v2\/media\/102326"}],"wp:attachment":[{"href":"https:\/\/redsemlac.com\/semmexico\/wp-json\/wp\/v2\/media?parent=102325"}],"wp:term":[{"taxonomy":"category","embeddable":true,"href":"https:\/\/redsemlac.com\/semmexico\/wp-json\/wp\/v2\/categories?post=102325"},{"taxonomy":"post_tag","embeddable":true,"href":"https:\/\/redsemlac.com\/semmexico\/wp-json\/wp\/v2\/tags?post=102325"}],"curies":[{"name":"wp","href":"https:\/\/api.w.org\/{rel}","templated":true}]}}