{"id":102318,"date":"2026-01-30T19:17:53","date_gmt":"2026-01-31T01:17:53","guid":{"rendered":"https:\/\/redsemlac.com\/semmexico\/?p=102318"},"modified":"2026-01-30T19:18:34","modified_gmt":"2026-01-31T01:18:34","slug":"guanajuato-a-un-paso-de-despenalizar-el-aborto","status":"publish","type":"post","link":"https:\/\/redsemlac.com\/semmexico\/guanajuato-a-un-paso-de-despenalizar-el-aborto\/","title":{"rendered":"Guanajuato, a un paso de despenalizar el aborto"},"content":{"rendered":"\n<ul class=\"wp-block-list\">\n<li>Congreso debe legislar antes del 15 de mayo, luego de que la SCJN invalidara art\u00edculos del C\u00f3digo Penal estatal<\/li>\n\n\n\n<li>Han sido\u00a0m\u00e1s de 20 a\u00f1os de lucha\u00a0para que\u00a0se despenalice el aborto<\/li>\n<\/ul>\n\n\n\n<p class=\"wp-block-paragraph\">Vivian Della Rocca<\/p>\n\n\n\n<p class=\"wp-block-paragraph\">SemM\u00e9xico\/El Sol de M\u00e9xico, Guanajuato, 30 de enero, 2026.-&nbsp;<a href=\"https:\/\/www.oem.com.mx\/elsoldeleon\/local\/aborto-en-guanajuato-nuevamente-es-desechado-en-el-congreso-video-27115625\" target=\"_blank\" rel=\"noreferrer noopener\">Guanajuato est\u00e1 a un paso de despenalizar el aborto.<\/a>&nbsp;El Congreso del Estado tiene hasta el&nbsp;15 de mayo&nbsp;para legislar en la materia, luego de que la&nbsp;Suprema Corte de Justicia de la Naci\u00f3n (SCJN)&nbsp;ordenara atender la&nbsp;Declaratoria General de Inconstitucionalidad 16\/2025, con la cual se invalidan los art\u00edculos&nbsp;159, 160, 162 y 163 del C\u00f3digo Penal estatal, que a\u00fan criminalizan esta pr\u00e1ctica.<\/p>\n\n\n\n<p class=\"wp-block-paragraph\"><a href=\"https:\/\/oem.com.mx\/elsoldeleon\/local\/aborto-en-guanajuato-diputados-analizan-reforma-tras-mandato-de-la-scjn-27994955\"><\/a><\/p>\n\n\n\n<p class=\"wp-block-paragraph\">Al respecto, diputados del&nbsp;Grupo Parlamentario del Partido Acci\u00f3n Nacional (PAN), que hist\u00f3ricamente se ha opuesto a la despenalizaci\u00f3n del aborto y que incluso en&nbsp;tres ocasiones desde el a\u00f1o 2000&nbsp;ha desechado el tema, se\u00f1alaron que&nbsp;mantendr\u00e1n su postura de defender la vida, pero deber\u00e1n&nbsp;acatar lo que determine la SCJN. En ese sentido, adelantaron que preparan una propuesta legislativa para evitar que el aborto sea impuesto a las mujeres por terceras personas.<\/p>\n\n\n\n<p class=\"wp-block-paragraph\">El coordinador del Grupo Parlamentario del PAN en el Congreso del Estado,&nbsp;Jorge Espadas, sostuvo que su postura de&nbsp;defender la vida desde la concepci\u00f3n&nbsp;se mantiene firme.<\/p>\n\n\n\n<p class=\"wp-block-paragraph\">\u201cVamos a analizar la resoluci\u00f3n de la Corte, pero estoy 100 % seguro de que la postura del grupo parlamentario sigue siendo exactamente la misma: defender la vida desde la concepci\u00f3n hasta la muerte natural, y la posibilidad de investigar cualquier acto donde se prive de la vida al producto de la concepci\u00f3n y que este no haya sido provocado por presi\u00f3n, amenazas o violencia de una tercera persona hacia la mujer\u201d,&nbsp;declar\u00f3.<\/p>\n\n\n\n<p class=\"wp-block-paragraph\">Sobre la posibilidad de que el PAN presente iniciativas para atender la resoluci\u00f3n de la Suprema Corte, Espadas indic\u00f3 que ser\u00e1 un tema para analizar al interior del grupo parlamentario, aunque por el momento&nbsp;no se contempla presentar alguna propuesta, y esperar\u00e1n a conocer si otros grupos legislativos lo hacen para valorar posibles ajustes.<\/p>\n\n\n\n<p class=\"wp-block-paragraph\"><strong>No pueden meterse con nuestro voto<\/strong><\/p>\n\n\n\n<p class=\"wp-block-paragraph\">Por su parte, la diputada del PAN,&nbsp;Jared Gonz\u00e1lez M\u00e1rquez, afirm\u00f3 que como legisladores cuentan con&nbsp;libertad de voto, algo en lo que, dijo,&nbsp;no puede intervenir la SCJN.<\/p>\n\n\n\n<p class=\"wp-block-paragraph\">\u201cNosotros somos legisladores y tenemos la libertad de&nbsp;votar, porque es uno de los derechos parlamentarios que tenemos\u201d,&nbsp;expres\u00f3.<\/p>\n\n\n\n<p class=\"wp-block-paragraph\">Reiter\u00f3 que su postura personal y pol\u00edtica es&nbsp;estar siempre a favor de la vida, y subray\u00f3 que la Suprema Corte puede orientar o vincular jur\u00eddicamente, pero&nbsp;no imponer la forma en que debe votar un diputado.<\/p>\n\n\n\n<p class=\"wp-block-paragraph\"><strong>Dos d\u00e9cadas de lucha para despenalizar el aborto<\/strong><\/p>\n\n\n\n<p class=\"wp-block-paragraph\">Han sido&nbsp;m\u00e1s de 20 a\u00f1os de lucha&nbsp;para que en&nbsp;<a href=\"https:\/\/www.oem.com.mx\/elsoldeleon\/local\/aborto-en-guanajuato-va-para-su-archivo-definitivo-otra-vez-27083703\" target=\"_blank\" rel=\"noreferrer noopener\">Guanajuato<\/a>&nbsp;se despenalice el aborto, se garantice el acceso gratuito y seguro, y lo que antes parec\u00eda una batalla lejana hoy, para&nbsp;2026, se perfila como una&nbsp;realidad cercana&nbsp;en favor de los derechos de las mujeres.<\/p>\n\n\n\n<p class=\"wp-block-paragraph\">Guanajuato es uno de los&nbsp;ocho estados&nbsp;que a\u00fan no legislan en la materia. En su C\u00f3digo Penal existen art\u00edculos, como el&nbsp;160, que sancionan a las mujeres que deciden interrumpir su embarazo.<\/p>\n\n\n\n<p class=\"wp-block-paragraph\">\u201cA quien cause el aborto con el consentimiento de la mujer, se le impondr\u00e1 de&nbsp;uno a tres a\u00f1os de prisi\u00f3n&nbsp;y de&nbsp;diez a treinta d\u00edas multa\u201d,&nbsp;establece dicho art\u00edculo.<\/p>\n\n\n\n<p class=\"wp-block-paragraph\">Adem\u00e1s, los art\u00edculos&nbsp;11, 158, 159, 161, 162 y 163&nbsp;del C\u00f3digo Penal estatal contemplan diversas sanciones relacionadas con el aborto.&nbsp;Lo que se busca es su derogaci\u00f3n, es decir, eliminarlos para que dejen de tener efectos legales en la entidad.<\/p>\n\n\n\n<p class=\"wp-block-paragraph\">Esta realidad podr\u00eda cambiar, ya que el tema&nbsp;se discuti\u00f3 en dos ocasiones en el Pleno del Congreso en 2025, lo que permiti\u00f3 visibilizarlo p\u00fablicamente y generar las herramientas jur\u00eddicas para que&nbsp;colectivos obtuvieran el respaldo de la SCJN, obligando al Congreso a legislar; de lo contrario, se atender\u00e1 por la v\u00eda judicial.<\/p>\n\n\n\n<p class=\"wp-block-paragraph\"><strong>Analizar reforma sobre el aborto, lo que queda: Berm\u00fadez<\/strong><\/p>\n\n\n\n<p class=\"wp-block-paragraph\">Para este 2026, y con la determinaci\u00f3n de la Suprema Corte, el Congreso de Guanajuato deber\u00e1&nbsp;considerar una reforma normativa, se\u00f1al\u00f3 la diputada local del PAN,&nbsp;Susana Berm\u00fadez Cano, integrante de la&nbsp;Comisi\u00f3n de Justicia, donde deber\u00e1 analizarse el tema.<\/p>\n\n\n\n<p class=\"wp-block-paragraph\">Explic\u00f3 que deber\u00e1n construir una propuesta que atienda lo solicitado por la SCJN por la v\u00eda legislativa y no judicial, ya que de lo contrario podr\u00edan eliminarse disposiciones importantes, como la investigaci\u00f3n y sanci\u00f3n del aborto cuando se cometa por&nbsp;terceras personas o mediante violencia sexual.<\/p>\n\n\n\n<p class=\"wp-block-paragraph\">Es justicia social para quienes fueron criminalizadas por abortar: Las Libres<\/p>\n\n\n\n<p class=\"wp-block-paragraph\">La fundadora de la asociaci\u00f3n&nbsp;Las Libres,&nbsp;Ver\u00f3nica Cruz S\u00e1nchez, record\u00f3 que llevan&nbsp;25 a\u00f1os luchando&nbsp;por el acceso legal al aborto como un tema de&nbsp;salud, legal y social&nbsp;en Guanajuato.<\/p>\n\n\n\n<p class=\"wp-block-paragraph\"><em>\u201cDesde el a\u00f1o 2000 hemos avanzado much\u00edsimo en la&nbsp;despenalizaci\u00f3n social del aborto. Guanajuato tiene un escenario interesante en t\u00e9rminos de acceso, donde las mujeres est\u00e1n accediendo a trav\u00e9s de redes de acompa\u00f1amiento\u201d,<\/em>&nbsp;indic\u00f3.<\/p>\n\n\n\n<p class=\"wp-block-paragraph\">No obstante, se\u00f1al\u00f3 que los avances&nbsp;no han sido suficientes, pues la decisi\u00f3n de las mujeres sigue siendo estigmatizada. Record\u00f3 que desde&nbsp;2021&nbsp;el aborto debi\u00f3 despenalizarse en el estado, tras la resoluci\u00f3n de la SCJN que declar\u00f3 inconstitucional el delito de aborto en todo el pa\u00eds.<\/p>\n\n\n\n<p class=\"wp-block-paragraph\">Agreg\u00f3 que debieron haberse implementado&nbsp;pol\u00edticas p\u00fablicas&nbsp;para garantizar abortos seguros y gratuitos, lo cual se ha negado durante a\u00f1os por&nbsp;pensamientos retr\u00f3gradas, dijo.<\/p>\n\n\n\n<p class=\"wp-block-paragraph\">Guanajuato, con casos de violencia sexual contra ni\u00f1as que no han podido abortar<\/p>\n\n\n\n<p class=\"wp-block-paragraph\">La fundadora de la&nbsp;Red de Acompa\u00f1antas Le\u00f3n,&nbsp;Nayelli Tello, aclar\u00f3 que el colectivo no busca fomentar el&nbsp;<a href=\"https:\/\/www.oem.com.mx\/elsoldeleon\/local\/congreso-de-guanajuato-dictamina-iniciativas-sobre-el-aborto-en-guanajuato-26871231\" target=\"_blank\" rel=\"noreferrer noopener\">aborto<\/a>, sino&nbsp;informar sobre los derechos de las mujeres, labor que realizan desde 2017.<\/p>\n\n\n\n<p class=\"wp-block-paragraph\">Record\u00f3 que en casos de violaci\u00f3n aplica la&nbsp;Norma Oficial 046, que permite la interrupci\u00f3n legal del embarazo cuando existe un contexto de violencia.<\/p>\n\n\n\n<p class=\"wp-block-paragraph\">\u201cMuchas veces se dice que el aborto es el \u2018curita\u2019 de la violencia sexual y que los agresores quedan impunes.&nbsp;Eso no es cierto; nosotras siempre estaremos a favor de que la violencia sexual sea perseguida y castigada\u201d, afirm\u00f3.<\/p>\n\n\n\n<p class=\"wp-block-paragraph\">Reconoci\u00f3 que han acompa\u00f1ado casos de&nbsp;menores de 13 y 14 a\u00f1os, embarazadas en contextos de violencia, generalmente ejercida por hombres mayores.<\/p>\n\n\n\n<p class=\"wp-block-paragraph\">SEM-El Sol de M\u00e9xico\/vdr<\/p>\n","protected":false},"excerpt":{"rendered":"<p>Vivian Della Rocca SemM\u00e9xico\/El Sol de M\u00e9xico, Guanajuato, 30 de enero, 2026.-&nbsp;Guanajuato est\u00e1 a un paso de despenalizar el aborto.&nbsp;El Congreso del Estado tiene hasta el&nbsp;15 de mayo&nbsp;para legislar en la materia, luego de que la&nbsp;Suprema Corte de Justicia de la Naci\u00f3n (SCJN)&nbsp;ordenara atender la&nbsp;Declaratoria General de Inconstitucionalidad 16\/2025, con la cual se invalidan los [&hellip;]<\/p>\n","protected":false},"author":3,"featured_media":102319,"comment_status":"open","ping_status":"open","sticky":false,"template":"","format":"standard","meta":{"_monsterinsights_skip_tracking":false,"footnotes":""},"categories":[694],"tags":[],"class_list":["post-102318","post","type-post","status-publish","format-standard","has-post-thumbnail","category-destacadas"],"_links":{"self":[{"href":"https:\/\/redsemlac.com\/semmexico\/wp-json\/wp\/v2\/posts\/102318","targetHints":{"allow":["GET"]}}],"collection":[{"href":"https:\/\/redsemlac.com\/semmexico\/wp-json\/wp\/v2\/posts"}],"about":[{"href":"https:\/\/redsemlac.com\/semmexico\/wp-json\/wp\/v2\/types\/post"}],"author":[{"embeddable":true,"href":"https:\/\/redsemlac.com\/semmexico\/wp-json\/wp\/v2\/users\/3"}],"replies":[{"embeddable":true,"href":"https:\/\/redsemlac.com\/semmexico\/wp-json\/wp\/v2\/comments?post=102318"}],"version-history":[{"count":0,"href":"https:\/\/redsemlac.com\/semmexico\/wp-json\/wp\/v2\/posts\/102318\/revisions"}],"wp:featuredmedia":[{"embeddable":true,"href":"https:\/\/redsemlac.com\/semmexico\/wp-json\/wp\/v2\/media\/102319"}],"wp:attachment":[{"href":"https:\/\/redsemlac.com\/semmexico\/wp-json\/wp\/v2\/media?parent=102318"}],"wp:term":[{"taxonomy":"category","embeddable":true,"href":"https:\/\/redsemlac.com\/semmexico\/wp-json\/wp\/v2\/categories?post=102318"},{"taxonomy":"post_tag","embeddable":true,"href":"https:\/\/redsemlac.com\/semmexico\/wp-json\/wp\/v2\/tags?post=102318"}],"curies":[{"name":"wp","href":"https:\/\/api.w.org\/{rel}","templated":true}]}}