{"id":10227,"date":"2019-07-27T22:26:11","date_gmt":"2019-07-27T22:26:11","guid":{"rendered":"https:\/\/redsemlac.com\/semmexico\/?p=10227"},"modified":"2023-07-21T14:51:18","modified_gmt":"2023-07-21T19:51:18","slug":"michoacan","status":"publish","type":"post","link":"https:\/\/redsemlac.com\/semmexico\/michoacan\/","title":{"rendered":"Sociedad civil, clave para prevenir violencia de g\u00e9nero: Seimujer"},"content":{"rendered":"\n<ul class=\"wp-block-list\"><li><strong>En Uruapan ofrecieron una platica de sensibilizaci\u00f3n sobre las claves para identificar la violencia feminicida<\/strong><\/li><\/ul>\n\n\n\n<p class=\"wp-block-paragraph\"><strong>Redacci\u00f3n<\/strong><\/p>\n\n\n\n<p class=\"wp-block-paragraph\"><strong>SemM\u00e9xico. Uruapan, Michoac\u00e1n. 27 de julio de 2019.-<\/strong>\u00a0La sociedad juega un papel fundamental para identificar y denunciar todos los tipos de violencia de g\u00e9nero, fen\u00f3meno que se sigue presentando en varios puntos del Estado; por ello, es importante que se conozca y se denuncie.<br><br>Coincidieron en lo anterior, autoridades estatales y municipales, durante el taller \u201cEncuentro con Mujeres Uruapenses, claves para identificar la violencia feminicida\u201d, organizado por la Secretar\u00eda de Igualdad Sustantiva y Desarrollo de las Mujeres (Seimujer), la Secretar\u00eda de Perspectiva de G\u00e9nero e Inclusi\u00f3n, el Instituto Municipal de la Mujer y el Instituto Municipal de la Juventud.<br><br>Durante la charla, autoridades reconocieron el papel que tiene la sociedad en acciones preventivas para disminuir la violencia contra ni\u00f1as y mujeres, ya que se trata de un delito que, en su mayor\u00eda, ocurre en el espacio privado, pero se traslada al espacio p\u00fablico.<br><br>\u201cNo podemos ser indiferentes, si una amiga, una familiar o simplemente una conocida, sabemos vive violencia de g\u00e9nero y no hacemos nada, hay mecanismos e instituciones que les apoyamos, pero ustedes pueden ayudarnos a salvar una vida\u201d, expres\u00f3 la encargada del \u00e1rea de capacitaci\u00f3n de la Seimujer, Lisbeth Guadalupe\u00a0 S\u00e1nchez L\u00f3pez.<br><br>Por su parte, Avigail Castilla S\u00e1nchez, secretaria de Perspectiva de G\u00e9nero e Inclusi\u00f3n del municipio, agradeci\u00f3 al Gobernador Silvano Aureoles Conejo, por impulsar estas acciones de sensibilizaci\u00f3n para la sociedad civil, por ello record\u00f3 que ha sido inter\u00e9s del alcalde V\u00edctor Manr\u00edquez, ejecutar l\u00edneas de acci\u00f3n definidas que permitan lograr este objetivo. <\/p>\n","protected":false},"excerpt":{"rendered":"<p>Se ofreci\u00f3 en Uruapan platica de sensibilizaci\u00f3n sobre las claves para identificar la violencia feminicida<\/p>\n","protected":false},"author":3,"featured_media":10228,"comment_status":"open","ping_status":"open","sticky":false,"template":"","format":"standard","meta":{"_monsterinsights_skip_tracking":false,"footnotes":""},"categories":[690,51],"tags":[],"class_list":["post-10227","post","type-post","status-publish","format-standard","has-post-thumbnail","category-690","category-ejecutivo"],"_links":{"self":[{"href":"https:\/\/redsemlac.com\/semmexico\/wp-json\/wp\/v2\/posts\/10227","targetHints":{"allow":["GET"]}}],"collection":[{"href":"https:\/\/redsemlac.com\/semmexico\/wp-json\/wp\/v2\/posts"}],"about":[{"href":"https:\/\/redsemlac.com\/semmexico\/wp-json\/wp\/v2\/types\/post"}],"author":[{"embeddable":true,"href":"https:\/\/redsemlac.com\/semmexico\/wp-json\/wp\/v2\/users\/3"}],"replies":[{"embeddable":true,"href":"https:\/\/redsemlac.com\/semmexico\/wp-json\/wp\/v2\/comments?post=10227"}],"version-history":[{"count":0,"href":"https:\/\/redsemlac.com\/semmexico\/wp-json\/wp\/v2\/posts\/10227\/revisions"}],"wp:featuredmedia":[{"embeddable":true,"href":"https:\/\/redsemlac.com\/semmexico\/wp-json\/wp\/v2\/media\/10228"}],"wp:attachment":[{"href":"https:\/\/redsemlac.com\/semmexico\/wp-json\/wp\/v2\/media?parent=10227"}],"wp:term":[{"taxonomy":"category","embeddable":true,"href":"https:\/\/redsemlac.com\/semmexico\/wp-json\/wp\/v2\/categories?post=10227"},{"taxonomy":"post_tag","embeddable":true,"href":"https:\/\/redsemlac.com\/semmexico\/wp-json\/wp\/v2\/tags?post=10227"}],"curies":[{"name":"wp","href":"https:\/\/api.w.org\/{rel}","templated":true}]}}