{"id":102266,"date":"2026-01-28T10:50:02","date_gmt":"2026-01-28T16:50:02","guid":{"rendered":"https:\/\/redsemlac.com\/semmexico\/?p=102266"},"modified":"2026-01-28T10:50:03","modified_gmt":"2026-01-28T16:50:03","slug":"bellas-y-airosas-homenaje-a-florence-toussaint","status":"publish","type":"post","link":"https:\/\/redsemlac.com\/semmexico\/bellas-y-airosas-homenaje-a-florence-toussaint\/","title":{"rendered":"Bellas y airosas | Homenaje a Florence Toussaint\u00a0"},"content":{"rendered":"\n<p class=\"wp-block-paragraph\"><\/p>\n\n\n\n<p class=\"wp-block-paragraph\">Elvira Hern\u00e1ndez Carballido<\/p>\n\n\n\n<p class=\"wp-block-paragraph\">SemM\u00e9xico, Pachuca, Hidalgo, 28 de enero, 2026.- Una primavera de 1983 en un sal\u00f3n de la Facultad de Ciencias Pol\u00edticas y Sociales entr\u00f3 una mujer cuyo nombre desde la primera vez que lo vi present\u00ed la marca invaluable que dejar\u00eda en mi vida. Recuerdo su voz suave, dulcemente intelectual, explicando el temario de la asignatura que nos impartir\u00eda. Su largo cabello enmarcaba perfecto su hermoso rostro. Una sonrisa amigable y una mirada inteligente. Sus manos blancas contrastaban con el pizarr\u00f3n verdoso donde con un gis blanco escribi\u00f3 su nombre: Florence Toussaint.&nbsp;<\/p>\n\n\n\n<p class=\"wp-block-paragraph\">Me conquist\u00f3 la sabidur\u00eda que acentuaba su carisma y el brillo especial que surg\u00eda en el aula cada vez que entraba a impartir su c\u00e1tedra. Supe que iba a seguir su ejemplo. Yo la le\u00ed cuando estudiaba en el CCH y su texto \u201cCr\u00edtica a la informaci\u00f3n de masas\u201d me permiti\u00f3 comprender la relaci\u00f3n de la comunicaci\u00f3n con las corrientes filos\u00f3ficas de la \u00e9poca. Hasta la fecha sigue siendo un texto muy consultado.<\/p>\n\n\n\n<p class=\"wp-block-paragraph\">Recuerdo la impresi\u00f3n al saber que ella escrib\u00eda en la revista Proceso una columna donde durante muchos a\u00f1os nos ense\u00f1\u00f3 a mirar los medios de comunicaci\u00f3n con una perspectiva cr\u00edtica.&nbsp;<\/p>\n\n\n\n<p class=\"wp-block-paragraph\">Marc\u00f3 mi destino de investigadora cuando nos dej\u00f3 una tarea libremente forzada: visitar la Hemeroteca Nacional y buscar peri\u00f3dicos del siglo XIX. No fui nada inspirada, pero al buscar la biograf\u00eda del director del diario El Tiempo descubr\u00ed que \u00e9l colaboraba en unas revistas femeninas. \u00bfHab\u00eda publicaciones de mujeres en esa \u00e9poca? \u00bfQui\u00e9nes escrib\u00edan en ellas? \u00bfPor fin encontrar\u00eda los nombres y trabajos de las primeras periodistas, esas pioneras que nadie nombraba en clases ni tampoco en los libros? Mi maestra me anim\u00f3 a buscarlas, as\u00ed mi destino qued\u00f3 marcado y desde ese momento decid\u00ed escribir sobre el periodismo hecho por las mexicanas en diferentes \u00e9pocas.<\/p>\n\n\n\n<p class=\"wp-block-paragraph\">Acept\u00f3 ser mi asesora de tesis para convertirme en licenciada en ciencias de la comunicaci\u00f3n. Era fascinante aprender de ella, observarla concentrada leyendo mis avances y corrigiendo con respeto, sugiriendo con gran tino qu\u00e9 ampliar, c\u00f3mo profundizar\u2026 Con gran seguridad me motivaba, aseguraba que estaba haciendo una investigaci\u00f3n que hac\u00eda mucha falta. Su abrazo despu\u00e9s de mi examen profesional. Su sonrisa de orgullo en mi primera conferencia donde compartimos el mismo escenario.&nbsp;<\/p>\n\n\n\n<p class=\"wp-block-paragraph\">Fund\u00f3 y fue presidenta de la Asociaci\u00f3n Mexicana de Investigadores de la Comunicaci\u00f3n (AMIC), el espacio m\u00e1s representativo del estudio de nuestra disciplina y me invit\u00f3 a participar en sus congresos y yo fascinada conoc\u00ed a la \u201cbibliograf\u00eda viva\u201d que nos daba prestigio en las ciencias sociales.<\/p>\n\n\n\n<p class=\"wp-block-paragraph\">La alegr\u00eda cuando public\u00f3 su libro \u201cEscenario de la Prensa en el Porfiriato\u201d, ah\u00ed estaba toda su generosidad acad\u00e9mica al detallarnos cada peri\u00f3dico surgido durante ese periodo de la historia de M\u00e9xico. Un orgullo que citara mi tesis, pero m\u00e1s que nombrara a las periodistas de esa etapa.&nbsp;<\/p>\n\n\n\n<p class=\"wp-block-paragraph\">La apoy\u00e9 en algunas investigaciones donde la prensa, la radio y la televisi\u00f3n se volv\u00edan objeto de estudio y ella encontraba la manera de explicar su importancia, la necesidad de su transformaci\u00f3n, los retos y logros. Sin duda, decid\u00ed hacer estudios de posgrado por su ejemplo y as\u00ed volvi\u00f3 a ser mi asesora de tesis, ahora en b\u00fasqueda de las primeras reporteras mexicanas. Desde entonces la llamo madre acad\u00e9mica.&nbsp;<\/p>\n\n\n\n<p class=\"wp-block-paragraph\">Junto con otras investigadoras insisti\u00f3 en la necesidad de crear un doctorado en la UNAM especializado en comunicaci\u00f3n, que no exist\u00eda, y as\u00ed en el a\u00f1o de 1999 nos dio la bienvenida a quienes formamos parte de la primera generaci\u00f3n de ese posgrado. Form\u00f3 parte de mi comit\u00e9 tutorial y fue una revisora cr\u00edtica-solidaria como siempre. Nunca olvidar\u00e9 que en mi examen profesional provoc\u00f3 murmullos de sorpresa cuando dijo que me estaba convirtiendo en la primera doctora en comunicaci\u00f3n del pa\u00eds. Su abraz\u00f3 c\u00e1lido al terminar el examen, la promesa en silencio de acompa\u00f1arnos en este sinuoso camino del estudio de la comunicaci\u00f3n.&nbsp;<\/p>\n\n\n\n<p class=\"wp-block-paragraph\">Tantas conferencias donde sigo aprendiendo de ella, tantos textos que sigo recomendando a mis estudiantes y que leo con atenci\u00f3n. Celebrar que sea Investigadora nivel dos del Sistema Nacional de Investigadores (SNI), sus estancias acad\u00e9micas en Francia. El reconocimiento y respeto que le han demostrado diferentes organizaciones como la Asociaci\u00f3n Latinoamericana de Investigadores de Comunicaci\u00f3n (ALAIC), Asociaci\u00f3n de Estudios Latinoamericanos (LASA), Asociaci\u00f3n Internacional de Investigaci\u00f3n en Comunicaci\u00f3n Social (AIERI), y la Uni\u00f3n Latina de Econom\u00eda Pol\u00edtica de la Informaci\u00f3n, la Comunicaci\u00f3n y la Cultura (ULEPICC).&nbsp;<\/p>\n\n\n\n<p class=\"wp-block-paragraph\">Cuando yo fui presidenta de AMIC organic\u00e9 un homenaje sorpresa para reconocer sus aportaciones y tuve c\u00f3mplices solidarias a quienes tambi\u00e9n Florence ha marcado su vida como Norma Pareja, Mar\u00eda Teresa Vel\u00e1zquez Navarrete, Daniel Pe\u00f1a Serret y m\u00e1s de cuarenta personas a quienes nos asesor\u00f3 nuestras tesis.&nbsp;<\/p>\n\n\n\n<p class=\"wp-block-paragraph\">Este a\u00f1o publicar\u00e1 una hermosa compilaci\u00f3n de los textos que public\u00f3 en Proceso. Me encanta cuando visita la Universidad Aut\u00f3noma del Estado de Hidalgo y mis estudiantes la escuchan con fascinaci\u00f3n.&nbsp;<\/p>\n\n\n\n<p class=\"wp-block-paragraph\">Apenas ha empezado 2026 y ella tom\u00f3 una gran decisi\u00f3n: decir adi\u00f3s a la Facultad de Ciencias Pol\u00edticas y Sociales donde fue profesora e investigadora durante seis d\u00e9cadas. Fue as\u00ed como el 23 de enero de este a\u00f1o recibi\u00f3 un merecido homenaje, un agradecimiento justo, aplausos con el alma.<\/p>\n\n\n\n<p class=\"wp-block-paragraph\">Cu\u00e1ntas tesis asesoradas, cu\u00e1ntas clases impartidas, cu\u00e1ntas personas a quienes nos cambi\u00f3 la vida, que nos gui\u00f3 en el mundo de la academia y el periodismo, que gracias a ella nos dedicamos a la investigaci\u00f3n.<\/p>\n\n\n\n<p class=\"wp-block-paragraph\">&nbsp;Nos queremos mucho, como buenas Aries, somos de abril, he podido acompa\u00f1arla en momentos tristes y llorar juntas, hemos celebrado tantos logros y los que faltan. Pese a esta despedida mi madre acad\u00e9mica no detiene el paso, aunque ahora los dar\u00e1 sin tanto estr\u00e9s, seguir\u00e1 escribiendo -ahora tambi\u00e9n literatura-, su ejemplo ya es eterno.&nbsp;<\/p>\n\n\n\n<p class=\"wp-block-paragraph\">Gracias Florence Toussaint por una vida dedicada al estudio de la comunicaci\u00f3n, por ser pionera ejemplar, apasionada con tus temas, necia para defender nuestros espacios y una inspiraci\u00f3n que siempre iluminar\u00e1 mi vida.&nbsp;<\/p>\n","protected":false},"excerpt":{"rendered":"<p>Elvira Hern\u00e1ndez Carballido SemM\u00e9xico, Pachuca, Hidalgo, 28 de enero, 2026.- Una primavera de 1983 en un sal\u00f3n de la Facultad de Ciencias Pol\u00edticas y Sociales entr\u00f3 una mujer cuyo nombre desde la primera vez que lo vi present\u00ed la marca invaluable que dejar\u00eda en mi vida. Recuerdo su voz suave, dulcemente intelectual, explicando el temario [&hellip;]<\/p>\n","protected":false},"author":3,"featured_media":70197,"comment_status":"open","ping_status":"open","sticky":false,"template":"","format":"standard","meta":{"_monsterinsights_skip_tracking":false,"footnotes":""},"categories":[202,35],"tags":[],"class_list":["post-102266","post","type-post","status-publish","format-standard","has-post-thumbnail","category-elvira-hernandez-carballido","category-opinion"],"_links":{"self":[{"href":"https:\/\/redsemlac.com\/semmexico\/wp-json\/wp\/v2\/posts\/102266","targetHints":{"allow":["GET"]}}],"collection":[{"href":"https:\/\/redsemlac.com\/semmexico\/wp-json\/wp\/v2\/posts"}],"about":[{"href":"https:\/\/redsemlac.com\/semmexico\/wp-json\/wp\/v2\/types\/post"}],"author":[{"embeddable":true,"href":"https:\/\/redsemlac.com\/semmexico\/wp-json\/wp\/v2\/users\/3"}],"replies":[{"embeddable":true,"href":"https:\/\/redsemlac.com\/semmexico\/wp-json\/wp\/v2\/comments?post=102266"}],"version-history":[{"count":0,"href":"https:\/\/redsemlac.com\/semmexico\/wp-json\/wp\/v2\/posts\/102266\/revisions"}],"wp:featuredmedia":[{"embeddable":true,"href":"https:\/\/redsemlac.com\/semmexico\/wp-json\/wp\/v2\/media\/70197"}],"wp:attachment":[{"href":"https:\/\/redsemlac.com\/semmexico\/wp-json\/wp\/v2\/media?parent=102266"}],"wp:term":[{"taxonomy":"category","embeddable":true,"href":"https:\/\/redsemlac.com\/semmexico\/wp-json\/wp\/v2\/categories?post=102266"},{"taxonomy":"post_tag","embeddable":true,"href":"https:\/\/redsemlac.com\/semmexico\/wp-json\/wp\/v2\/tags?post=102266"}],"curies":[{"name":"wp","href":"https:\/\/api.w.org\/{rel}","templated":true}]}}