{"id":102258,"date":"2026-01-26T20:01:00","date_gmt":"2026-01-27T02:01:00","guid":{"rendered":"https:\/\/redsemlac.com\/semmexico\/?p=102258"},"modified":"2026-01-26T20:00:51","modified_gmt":"2026-01-27T02:00:51","slug":"concluyen-computos-distritales-de-la-jornada-de-revocacion-de-mandato","status":"publish","type":"post","link":"https:\/\/redsemlac.com\/semmexico\/concluyen-computos-distritales-de-la-jornada-de-revocacion-de-mandato\/","title":{"rendered":"Concluyen c\u00f3mputos distritales de la Jornada de Revocaci\u00f3n de Mandato"},"content":{"rendered":"\n<ul class=\"wp-block-list\">\n<li>29.9 % de participaci\u00f3n ciudadana<\/li>\n\n\n\n<li>Se emitieron 935 mil votos<\/li>\n<\/ul>\n\n\n\n<p class=\"wp-block-paragraph\">Redacci\u00f3n<\/p>\n\n\n\n<p class=\"wp-block-paragraph\">SemM\u00e9xico, Oaxaca, 26 de enero, 2026.- Concluy\u00f3 la captura de actas resultado de la jornada de revocaci\u00f3n de mandato del gobernador Salom\u00f3n Jara en el que se emitieron 935 mil 500 votos y una participaci\u00f3n ciudadana del 29.9 por ciento, inform\u00f3 el Consejo General del IEEPCO.<\/p>\n\n\n\n<p class=\"wp-block-paragraph\">Durante la sesi\u00f3n, la consejera presidenta del IEEPCO, Elizabeth S\u00e1nchez Gonz\u00e1lez, explic\u00f3 que concluido el c\u00f3mputo distrital y se remitir\u00e1n los resultados a la Secretar\u00eda Ejecutiva, a fin de que, dentro de las 48 horas siguientes, con base en las copias certificadas de las actas de c\u00f3mputo distrital del proceso de Revocaci\u00f3n de Mandato, proceda a informar al Consejo General, en sesi\u00f3n p\u00fablica, el resultado de la sumatoria, conforme a lo establecido en el art\u00edculo 56 de la Ley de Revocaci\u00f3n de Mandato.<\/p>\n","protected":false},"excerpt":{"rendered":"<p>Redacci\u00f3n SemM\u00e9xico, Oaxaca, 26 de enero, 2026.- Concluy\u00f3 la captura de actas resultado de la jornada de revocaci\u00f3n de mandato del gobernador Salom\u00f3n Jara en el que se emitieron 935 mil 500 votos y una participaci\u00f3n ciudadana del 29.9 por ciento, inform\u00f3 el Consejo General del IEEPCO. Durante la sesi\u00f3n, la consejera presidenta del IEEPCO, [&hellip;]<\/p>\n","protected":false},"author":3,"featured_media":102259,"comment_status":"open","ping_status":"open","sticky":false,"template":"","format":"standard","meta":{"_monsterinsights_skip_tracking":false,"footnotes":""},"categories":[141],"tags":[],"class_list":["post-102258","post","type-post","status-publish","format-standard","has-post-thumbnail","category-elecciones-2020-2021"],"_links":{"self":[{"href":"https:\/\/redsemlac.com\/semmexico\/wp-json\/wp\/v2\/posts\/102258","targetHints":{"allow":["GET"]}}],"collection":[{"href":"https:\/\/redsemlac.com\/semmexico\/wp-json\/wp\/v2\/posts"}],"about":[{"href":"https:\/\/redsemlac.com\/semmexico\/wp-json\/wp\/v2\/types\/post"}],"author":[{"embeddable":true,"href":"https:\/\/redsemlac.com\/semmexico\/wp-json\/wp\/v2\/users\/3"}],"replies":[{"embeddable":true,"href":"https:\/\/redsemlac.com\/semmexico\/wp-json\/wp\/v2\/comments?post=102258"}],"version-history":[{"count":0,"href":"https:\/\/redsemlac.com\/semmexico\/wp-json\/wp\/v2\/posts\/102258\/revisions"}],"wp:featuredmedia":[{"embeddable":true,"href":"https:\/\/redsemlac.com\/semmexico\/wp-json\/wp\/v2\/media\/102259"}],"wp:attachment":[{"href":"https:\/\/redsemlac.com\/semmexico\/wp-json\/wp\/v2\/media?parent=102258"}],"wp:term":[{"taxonomy":"category","embeddable":true,"href":"https:\/\/redsemlac.com\/semmexico\/wp-json\/wp\/v2\/categories?post=102258"},{"taxonomy":"post_tag","embeddable":true,"href":"https:\/\/redsemlac.com\/semmexico\/wp-json\/wp\/v2\/tags?post=102258"}],"curies":[{"name":"wp","href":"https:\/\/api.w.org\/{rel}","templated":true}]}}