{"id":102216,"date":"2026-01-26T12:54:30","date_gmt":"2026-01-26T18:54:30","guid":{"rendered":"https:\/\/redsemlac.com\/semmexico\/?p=102216"},"modified":"2026-01-26T19:34:17","modified_gmt":"2026-01-27T01:34:17","slug":"salomon-jara-seguira-en-como-gobernador-aunque-triunfo-el-abstencionismo","status":"publish","type":"post","link":"https:\/\/redsemlac.com\/semmexico\/salomon-jara-seguira-en-como-gobernador-aunque-triunfo-el-abstencionismo\/","title":{"rendered":"Salom\u00f3n Jara seguir\u00e1 en como gobernador, aunque triunf\u00f3 el abstencionismo"},"content":{"rendered":"\n<ul class=\"wp-block-list\">\n<li>\u00b7 No cambian los procesos electorales, adolecen de las mismas pr\u00e1cticas<\/li>\n\n\n\n<li>\u00b7 La ciudadan\u00eda se qued\u00f3 en sus casas<\/li>\n<\/ul>\n\n\n\n<p class=\"wp-block-paragraph\">Soledad Jarqu\u00edn Edgar<\/p>\n\n\n\n<p class=\"wp-block-paragraph\">SemM\u00e9xico, Oaxaca, 26 de enero, 2026.- Una lecci\u00f3n no aprendida y una historia&nbsp;repetida es el resumen de la jornada de revocaci\u00f3n de mandato del gobernador de&nbsp;Oaxaca, Salom\u00f3n Jara Cruz, realizada este domingo, quien hasta las seis de la&nbsp;ma\u00f1ana de este lunes hab\u00eda obtenido el 55.6 por ciento de votos emitidos, aunque&nbsp;el gran ganador fue el abstencionismo que super\u00f3 el 75.8 por ciento de la lista&nbsp;nominal.<\/p>\n\n\n\n<p class=\"wp-block-paragraph\">Pese a las evidentes cifras alrededor de las 10 de la noche, con apenas 72 mil 541&nbsp;votos computarizados en el Sistema del Instituto Estatal Electoral y de&nbsp;Participaci\u00f3n Ciudadana, Jara Cruz se declar\u00f3 \u201cganador\u201d y dijo que \u201ccientos de&nbsp;miles de oaxaque\u00f1as y oaxaque\u00f1os ratificaron su confianza en la primavera&nbsp;oaxaque\u00f1a\u201d.<\/p>\n\n\n\n<p class=\"wp-block-paragraph\">El ausentismo de la poblaci\u00f3n fue notorio durante la jornada. El 24.1 por ciento de&nbsp;la ciudadan\u00eda acudi\u00f3 a votar, de los votos emitidos 10 por ciento, con respecto a la&nbsp;lista nominal, votaron por la revocaci\u00f3n del mandato a Salom\u00f3n Jara por p\u00e9rdida&nbsp;de confianza; 13.4 por ciento vot\u00f3 para que siga gobernando y menos del uno por&nbsp;ciento de los votos fueron anulados. En total, de acuerdo con IEEPCO participaron&nbsp;unas 757 mil 183 personas con derecho a votar.<\/p>\n\n\n\n<p class=\"wp-block-paragraph\"><strong>Sistema de conteo<\/strong><\/p>\n\n\n\n<p class=\"wp-block-paragraph\">Hacia la 1.39 minutos de este lunes el n\u00famero de votos estaban en un \u201cempate&nbsp;t\u00e9cnico\u201d con 128 mil 813 personas que se inclinaron por la \u201crevocaci\u00f3n de&nbsp;mandato por perdida de confianza\u201d y 128 mil 564 le daban el s\u00ed \u201ca la continuidad\u201d a&nbsp;Salom\u00f3n Jara Cruz en un conteo que faltaba por llegar a su t\u00e9rmino y en el que,&nbsp;adem\u00e1s, no se hab\u00edan contabilizado cuatro distritos: el 19 de Ciudad Ixtepec, el 20&nbsp;de Juchit\u00e1n de Zaragoza, el 24 de Miahuatl\u00e1n de Porfirio D\u00edaz y el 25 de San&nbsp;Pedro Pochutla.<\/p>\n\n\n\n<p class=\"wp-block-paragraph\">1.45 horas: 131 mil 890 por la revocaci\u00f3n y 132 mil 221 por la continuidad, m\u00e1s de&nbsp;siete mil papeletas anuladas. Aun sin datos los distritos 19, 20, 24 y 25. Ya hab\u00edan&nbsp;finalizado los conteos en los distritos 2 de San Juan Bautista Tuxtepec, el 14 de la&nbsp;Villa de Etla y el 15 de Santa Cruz Xococotl\u00e1n.<\/p>\n\n\n\n<p class=\"wp-block-paragraph\">2.00 horas: 173 mil 471 papeletas a favor de la revocaci\u00f3n de mandato (44 %) y&nbsp;209 mil 930 papeletas tachadas para que siga en la gubernatura (53.2 %). Los&nbsp;votos nulos ya eran para esa hora 10 mil 767. Para entonces se hab\u00edan&nbsp;contabilizado las boletas de Ciudad Ixtepec y Juchit\u00e1n de Zaragoza, donde la&nbsp;continuidad de Jara Cruz y segu\u00eda en proceso.<\/p>\n\n\n\n<p class=\"wp-block-paragraph\">3:00 horas: 235 mil 326 votos por la revocaci\u00f3n de mandato y 303 mil 174 por la&nbsp;continuidad en la gubernatura. Votos anulados 16 mil 15. Los resultados en los&nbsp;distritos 24 de Miahuatl\u00e1n de Porfirio D\u00edaz y San Pedro Pochutla ten\u00eda avances. En&nbsp;el primero m\u00e1s personas votaron por la revocaci\u00f3n y en el segundo los votos&nbsp;favorec\u00edan que siguiera en la gubernatura.<\/p>\n\n\n\n<p class=\"wp-block-paragraph\">4:00 horas: 292 mil 608 votos por la revocaci\u00f3n (41.9%) y 385 mil 321 que sigua&nbsp;en la gubernatura (55.2 %), as\u00ed como 19 mil 295 votos nulos. El avance general&nbsp;para entonces era del 70.1 por ciento; casi 700 mil votos y se hab\u00edan finalizado los&nbsp;conteos en 16 de los 25 distritos.<\/p>\n\n\n\n<p class=\"wp-block-paragraph\">5:00 horas: 313 mil 83 (41.5 %) votos para que se revoque la p\u00e9rdida de confianza&nbsp;y 418 mil 104 para que siga en la gubernatura. M\u00e1s de 21 mil votos anulados.&nbsp;Avance general de 81.1 por ciento. En proceso seis distritos de 25.<\/p>\n\n\n\n<p class=\"wp-block-paragraph\">6:00 horas 314 mil siete votos (41.4 %) por la revocaci\u00f3n, 421 mil 533 (51.6 %)&nbsp;para que siga gobernando y 21 mil 642 votos nulos (2.8 %).<\/p>\n\n\n\n<p class=\"wp-block-paragraph\">De los 25 distritos, Salom\u00f3n Jara hab\u00eda ganado hasta esta ma\u00f1ana 15 aseguraban&nbsp;resultados favorables para que Jara Cruz siga gobernando; en cuatro distritos,&nbsp;todos de valles centrales, incluyendo la capital oaxaque\u00f1a fueron m\u00e1s votos por la&nbsp;revocaci\u00f3n de mandato y seis distritos a\u00fan segu\u00edan en proceso.<\/p>\n\n\n\n<p class=\"wp-block-paragraph\"><strong>El festejo con \u201clos otros datos\u201d<\/strong><\/p>\n\n\n\n<p class=\"wp-block-paragraph\">A las puertas del palacio de gobierno, apenas unas horas despu\u00e9s de cerrar las&nbsp;casillas, acompa\u00f1ado de su gabinete y simpatizantes, Salom\u00f3n Jara Cruz calific\u00f3&nbsp;la jornada como \u201ccopiosa\u201d y asegur\u00f3 que este domingo hab\u00eda superado otros&nbsp;procesos de consulta como la hecha para determinar el juicio contra los&nbsp;expresidentes, la revocaci\u00f3n de Andr\u00e9s Manuel L\u00f3pez Obrador y la elecci\u00f3n del&nbsp;poder judicial federal por el n\u00famero de participantes.<\/p>\n\n\n\n<p class=\"wp-block-paragraph\">La tendencia, seg\u00fan cifras que dio el gobernador se\u00f1alan que se hab\u00edan&nbsp;computado 55 por ciento de las casillas computadas, mil 561, la participaci\u00f3n era&nbsp;de 623 mil 864 votantes, que equivalen al 19.8 por ciento de la lista nominal.<\/p>\n\n\n\n<p class=\"wp-block-paragraph\">En suma, de acuerdo con los datos que dio a conocer el gobernador, s\u00f3lo el 9.2&nbsp;por ciento del total de la Lista Nominal -a las 10 de la noche- habr\u00edan votado por la&nbsp;continuidad de su mandato, pese a ello, sostuvo que est\u00e1 convencido de que la&nbsp;autoridad solo es leg\u00edtima cuando nace y cuenta con el respaldo de la voluntad&nbsp;popular y mantiene el \u201capoyo y la confianza ciudadana despu\u00e9s de tres a\u00f1os de&nbsp;gesti\u00f3n\u201d.<\/p>\n\n\n\n<p class=\"wp-block-paragraph\">Jara Cruz dedic\u00f3 tiempo al expresidente L\u00f3pez Obrador por haber sido el primero&nbsp;que se someti\u00f3 a la revocaci\u00f3n de mandato con \u201cvalent\u00eda\u201d, ahora Oaxaca es el&nbsp;primer estado del pa\u00eds en realizar ese ejercicio y asegur\u00f3 que se consolida como&nbsp;\u201cel estado m\u00e1s obradorista del pa\u00eds\u201d.<\/p>\n\n\n\n<p class=\"wp-block-paragraph\">En su discurso tambi\u00e9n se dirigi\u00f3 a quienes demandaron la revocaci\u00f3n de&nbsp;mandato, descalificando el proceso y pusieron en duda la sabidur\u00eda del pueblo:&nbsp;\u201ctonto es aquel que piensa que el pueblo es tonto, tonto es aquel que piensa que&nbsp;el pueblo de Oaxaca se le puede manipular, se le puede enga\u00f1ar\u201d, dijo en medio&nbsp;de aplausos y vivas de sus colaboradores.<\/p>\n\n\n\n<p class=\"wp-block-paragraph\"><strong>Los incidentes &nbsp;<\/strong><\/p>\n\n\n\n<p class=\"wp-block-paragraph\">El Comit\u00e9 Popular para la Revocaci\u00f3n del mandato de Salom\u00f3n Jara Cruz public\u00f3&nbsp;diversos incidentes ocurridos durante la jornada algunos relacionados con la&nbsp;presencia de personas que solicitaban credenciales, otras que pagaban por su&nbsp;voto, como se report\u00f3 en San Blas Atempa, en la regi\u00f3n del Istmo y en el que se&nbsp;acus\u00f3 al senador Nino Morales por estas acciones.<\/p>\n\n\n\n<p class=\"wp-block-paragraph\">Se detecto a funcionarios de casillas rellenando boletas como ocurri\u00f3 en Santa&nbsp;Mar\u00eda Jacatepec y en Salina Cruz se acus\u00f3 a un grupo de personas \u201callegados a&nbsp;la secretaria de Movilidad, Yesenia Nolasco Ram\u00edrez, de coaccionar a pobladores&nbsp;a votar para que siga la primavera\u201d.<\/p>\n\n\n\n<p class=\"wp-block-paragraph\">En Magdalena Tequisistl\u00e1n se registr\u00f3 la quema boletas. En San Juan Colorado,&nbsp;Sola de Vega, las autoridades detuvieron y encerraron a personas, encabezados&nbsp;por Luis Gustavo Hern\u00e1ndez, ciudadano de esa comunidad. Estas personas&nbsp;ofrecieron dinero a los funcionarios para entregar las boletas, sin embargo, no&nbsp;lograron su objetivo.<\/p>\n\n\n\n<p class=\"wp-block-paragraph\">En San Pedro Pochutla, Feliciano Cruz Mart\u00ednez, director administrativo de la&nbsp;Secretar\u00eda de Turismo, fue fotografiado regalando despensas. Pochutla es el lugar&nbsp;de nacimiento de la titular de esa dependencia.<\/p>\n\n\n\n<p class=\"wp-block-paragraph\">Una historia repetida<\/p>\n\n\n\n<p class=\"wp-block-paragraph\">Como en los tiempos del PRI, el partido hegem\u00f3nico, durante este proceso&nbsp;electoral se repitieron algunas pr\u00e1cticas no permitidas, como el gasto en&nbsp;propaganda pol\u00edtica y supuestas \u201cnotas period\u00edsticas y entrevistas\u201d en diversos&nbsp;medios, a favor de las acciones de la \u201cprimavera oaxaque\u00f1a\u201d, el eslogan del&nbsp;gobierno de Salom\u00f3n Jara.<\/p>\n\n\n\n<p class=\"wp-block-paragraph\">De igual manera, aunque el IEEPCO asegur\u00f3 que habr\u00eda sanciones y orden\u00f3 tres&nbsp;d\u00edas antes el retiro de dicha propaganda en redes sociales, lonas y&nbsp;espectaculares, no se logr\u00f3 el objetivo, lo que tambi\u00e9n fue reportado por la&nbsp;ciudadan\u00eda este domingo.<\/p>\n\n\n\n<p class=\"wp-block-paragraph\">Y como suced\u00eda antes, de nueva cuenta, la aplanadora partidista, ahora de&nbsp;Morena, sali\u00f3 a las urnas, frente a la apat\u00eda de una gran mayor\u00eda de la ciudadan\u00eda&nbsp;que decidi\u00f3 no acudir, entre otras razones por su desinter\u00e9s en la vida pol\u00edtica y&nbsp;por las diversas campa\u00f1as que operaron en contra del voto libre, ante la&nbsp;insistencia de que esta era una jornada electoral simulada.<\/p>\n\n\n\n<p class=\"wp-block-paragraph\">Otros incidentes, de unos cien, fueron urnas embarazadas y votaciones de&nbsp;personas que no asistieron a las casillas.<\/p>\n\n\n\n<p class=\"wp-block-paragraph\">SEM\/sj<\/p>\n\n\n\n<figure class=\"wp-block-gallery has-nested-images columns-default is-cropped wp-block-gallery-1 is-layout-flex wp-block-gallery-is-layout-flex\">\n<figure class=\"wp-block-image size-large\"><a href=\"https:\/\/redsemlac.com\/semmexico\/wp-content\/uploads\/2026\/01\/revocacion-2.jpg\"><img loading=\"lazy\" decoding=\"async\" width=\"795\" height=\"1024\" data-id=\"102220\" src=\"https:\/\/redsemlac.com\/semmexico\/wp-content\/uploads\/2026\/01\/revocacion-2-795x1024.jpg\" alt=\"\" class=\"wp-image-102220\" srcset=\"https:\/\/redsemlac.com\/semmexico\/wp-content\/uploads\/2026\/01\/revocacion-2-795x1024.jpg 795w, https:\/\/redsemlac.com\/semmexico\/wp-content\/uploads\/2026\/01\/revocacion-2-233x300.jpg 233w, https:\/\/redsemlac.com\/semmexico\/wp-content\/uploads\/2026\/01\/revocacion-2-768x989.jpg 768w, https:\/\/redsemlac.com\/semmexico\/wp-content\/uploads\/2026\/01\/revocacion-2-150x193.jpg 150w, https:\/\/redsemlac.com\/semmexico\/wp-content\/uploads\/2026\/01\/revocacion-2-300x386.jpg 300w, https:\/\/redsemlac.com\/semmexico\/wp-content\/uploads\/2026\/01\/revocacion-2-696x897.jpg 696w, https:\/\/redsemlac.com\/semmexico\/wp-content\/uploads\/2026\/01\/revocacion-2.jpg 909w\" sizes=\"auto, (max-width: 795px) 100vw, 795px\" \/><\/a><\/figure>\n\n\n\n<figure class=\"wp-block-image size-large\"><a href=\"https:\/\/redsemlac.com\/semmexico\/wp-content\/uploads\/2026\/01\/resultados-1.jpg\"><img loading=\"lazy\" decoding=\"async\" width=\"768\" height=\"1024\" data-id=\"102221\" src=\"https:\/\/redsemlac.com\/semmexico\/wp-content\/uploads\/2026\/01\/resultados-1-768x1024.jpg\" alt=\"\" class=\"wp-image-102221\" srcset=\"https:\/\/redsemlac.com\/semmexico\/wp-content\/uploads\/2026\/01\/resultados-1-768x1024.jpg 768w, https:\/\/redsemlac.com\/semmexico\/wp-content\/uploads\/2026\/01\/resultados-1-225x300.jpg 225w, https:\/\/redsemlac.com\/semmexico\/wp-content\/uploads\/2026\/01\/resultados-1-1152x1536.jpg 1152w, https:\/\/redsemlac.com\/semmexico\/wp-content\/uploads\/2026\/01\/resultados-1-150x200.jpg 150w, https:\/\/redsemlac.com\/semmexico\/wp-content\/uploads\/2026\/01\/resultados-1-300x400.jpg 300w, https:\/\/redsemlac.com\/semmexico\/wp-content\/uploads\/2026\/01\/resultados-1-696x928.jpg 696w, https:\/\/redsemlac.com\/semmexico\/wp-content\/uploads\/2026\/01\/resultados-1-1068x1424.jpg 1068w, https:\/\/redsemlac.com\/semmexico\/wp-content\/uploads\/2026\/01\/resultados-1.jpg 1536w\" sizes=\"auto, (max-width: 768px) 100vw, 768px\" \/><\/a><\/figure>\n<\/figure>\n\n\n\n<figure class=\"wp-block-image size-large\"><a href=\"https:\/\/redsemlac.com\/semmexico\/wp-content\/uploads\/2026\/01\/resultados-6am-.jpg.png\"><img loading=\"lazy\" decoding=\"async\" width=\"1024\" height=\"611\" src=\"https:\/\/redsemlac.com\/semmexico\/wp-content\/uploads\/2026\/01\/resultados-6am-.jpg-1024x611.png\" alt=\"\" class=\"wp-image-102222\" srcset=\"https:\/\/redsemlac.com\/semmexico\/wp-content\/uploads\/2026\/01\/resultados-6am-.jpg-1024x611.png 1024w, https:\/\/redsemlac.com\/semmexico\/wp-content\/uploads\/2026\/01\/resultados-6am-.jpg-300x179.png 300w, https:\/\/redsemlac.com\/semmexico\/wp-content\/uploads\/2026\/01\/resultados-6am-.jpg-768x458.png 768w, https:\/\/redsemlac.com\/semmexico\/wp-content\/uploads\/2026\/01\/resultados-6am-.jpg-150x89.png 150w, https:\/\/redsemlac.com\/semmexico\/wp-content\/uploads\/2026\/01\/resultados-6am-.jpg-696x415.png 696w, https:\/\/redsemlac.com\/semmexico\/wp-content\/uploads\/2026\/01\/resultados-6am-.jpg-1068x637.png 1068w, https:\/\/redsemlac.com\/semmexico\/wp-content\/uploads\/2026\/01\/resultados-6am-.jpg.png 1296w\" sizes=\"auto, (max-width: 1024px) 100vw, 1024px\" \/><\/a><\/figure>\n","protected":false},"excerpt":{"rendered":"<p>Soledad Jarqu\u00edn Edgar SemM\u00e9xico, Oaxaca, 26 de enero, 2026.- Una lecci\u00f3n no aprendida y una historia&nbsp;repetida es el resumen de la jornada de revocaci\u00f3n de mandato del gobernador de&nbsp;Oaxaca, Salom\u00f3n Jara Cruz, realizada este domingo, quien hasta las seis de la&nbsp;ma\u00f1ana de este lunes hab\u00eda obtenido el 55.6 por ciento de votos emitidos, aunque&nbsp;el gran [&hellip;]<\/p>\n","protected":false},"author":3,"featured_media":102219,"comment_status":"open","ping_status":"open","sticky":false,"template":"","format":"standard","meta":{"_monsterinsights_skip_tracking":false,"footnotes":""},"categories":[141],"tags":[],"class_list":["post-102216","post","type-post","status-publish","format-standard","has-post-thumbnail","category-elecciones-2020-2021"],"_links":{"self":[{"href":"https:\/\/redsemlac.com\/semmexico\/wp-json\/wp\/v2\/posts\/102216","targetHints":{"allow":["GET"]}}],"collection":[{"href":"https:\/\/redsemlac.com\/semmexico\/wp-json\/wp\/v2\/posts"}],"about":[{"href":"https:\/\/redsemlac.com\/semmexico\/wp-json\/wp\/v2\/types\/post"}],"author":[{"embeddable":true,"href":"https:\/\/redsemlac.com\/semmexico\/wp-json\/wp\/v2\/users\/3"}],"replies":[{"embeddable":true,"href":"https:\/\/redsemlac.com\/semmexico\/wp-json\/wp\/v2\/comments?post=102216"}],"version-history":[{"count":0,"href":"https:\/\/redsemlac.com\/semmexico\/wp-json\/wp\/v2\/posts\/102216\/revisions"}],"wp:featuredmedia":[{"embeddable":true,"href":"https:\/\/redsemlac.com\/semmexico\/wp-json\/wp\/v2\/media\/102219"}],"wp:attachment":[{"href":"https:\/\/redsemlac.com\/semmexico\/wp-json\/wp\/v2\/media?parent=102216"}],"wp:term":[{"taxonomy":"category","embeddable":true,"href":"https:\/\/redsemlac.com\/semmexico\/wp-json\/wp\/v2\/categories?post=102216"},{"taxonomy":"post_tag","embeddable":true,"href":"https:\/\/redsemlac.com\/semmexico\/wp-json\/wp\/v2\/tags?post=102216"}],"curies":[{"name":"wp","href":"https:\/\/api.w.org\/{rel}","templated":true}]}}