{"id":102198,"date":"2026-01-23T19:48:33","date_gmt":"2026-01-24T01:48:33","guid":{"rendered":"https:\/\/redsemlac.com\/semmexico\/?p=102198"},"modified":"2026-01-23T19:50:48","modified_gmt":"2026-01-24T01:50:48","slug":"tras-nueve-anos-de-reclusion-una-mujer-obtiene-su-libertad-anticipada","status":"publish","type":"post","link":"https:\/\/redsemlac.com\/semmexico\/tras-nueve-anos-de-reclusion-una-mujer-obtiene-su-libertad-anticipada\/","title":{"rendered":"Tras nueve a\u00f1os de reclusi\u00f3n, una mujer obtiene su libertad anticipada"},"content":{"rendered":"\n<ul class=\"wp-block-list\">\n<li>Con ella suman 54 las mujeres que reciben este beneficio<\/li>\n\n\n\n<li>Se dar\u00e1 seguimiento y acompa\u00f1amiento durante los pr\u00f3ximos seis meses<\/li>\n<\/ul>\n\n\n\n<p class=\"wp-block-paragraph\">Redacci\u00f3n<\/p>\n\n\n\n<p class=\"wp-block-paragraph\">SemM\u00e9xico, Toluca, Estado de M\u00e9xico, 23 de enero, 2026.- Lorena N, tras nueve a\u00f1os en el Centro Penitenciario y de Reinserci\u00f3n Social Santiaguito, obtuvo su libertad anticipada como parte de la estrategia Mujeres Privadas de la Libertad, en el que participa la Secretar\u00eda de la Mujer, de Seguridad (SSEM) y la Consejer\u00eda Jur\u00eddica, a trav\u00e9s del Instituto de la Defensor\u00eda P\u00fablica (IDP).<\/p>\n\n\n\n<p class=\"wp-block-paragraph\">Hasta ahora, en lo que va del sexenio, un total de 54 mujeres han recuperado su libertad con esquema interinstitucional, en el que se revisa cada caso, se toma en cuenta el tiempo de la sentencia y el buen comportamiento; posteriormente se procede a la canalizaci\u00f3n y an\u00e1lisis entre la SeMujeres y el IDP, y el proceso concluye con la evaluaci\u00f3n del comit\u00e9 t\u00e9cnico y resoluci\u00f3n.<\/p>\n\n\n\n<p class=\"wp-block-paragraph\">Posterior a la liberaci\u00f3n, personal de la SeMujeres da seguimiento y acompa\u00f1amiento durante seis meses y ofrece vinculaci\u00f3n con las Unidades de Atenci\u00f3n a Mujeres en Situaci\u00f3n de Violencia (UNIDAS), en caso de requerir asesor\u00eda jur\u00eddica, atenci\u00f3n psicol\u00f3gica y de trabajo social.<\/p>\n\n\n\n<p class=\"wp-block-paragraph\">Con estas acciones, el Gobierno del Estado de M\u00e9xico refrenda su compromiso de trabajar de manera coordinada para que m\u00e1s mujeres recuperen su libertad, reconstruyan sus proyectos de vida y accedan a una reinserci\u00f3n social digna y libre de violencia, con acompa\u00f1amiento posterior a su liberaci\u00f3n.<\/p>\n","protected":false},"excerpt":{"rendered":"<p>Redacci\u00f3n SemM\u00e9xico, Toluca, Estado de M\u00e9xico, 23 de enero, 2026.- Lorena N, tras nueve a\u00f1os en el Centro Penitenciario y de Reinserci\u00f3n Social Santiaguito, obtuvo su libertad anticipada como parte de la estrategia Mujeres Privadas de la Libertad, en el que participa la Secretar\u00eda de la Mujer, de Seguridad (SSEM) y la Consejer\u00eda Jur\u00eddica, a [&hellip;]<\/p>\n","protected":false},"author":3,"featured_media":102199,"comment_status":"open","ping_status":"open","sticky":false,"template":"","format":"standard","meta":{"_monsterinsights_skip_tracking":false,"footnotes":""},"categories":[700],"tags":[],"class_list":["post-102198","post","type-post","status-publish","format-standard","has-post-thumbnail","category-estados"],"_links":{"self":[{"href":"https:\/\/redsemlac.com\/semmexico\/wp-json\/wp\/v2\/posts\/102198","targetHints":{"allow":["GET"]}}],"collection":[{"href":"https:\/\/redsemlac.com\/semmexico\/wp-json\/wp\/v2\/posts"}],"about":[{"href":"https:\/\/redsemlac.com\/semmexico\/wp-json\/wp\/v2\/types\/post"}],"author":[{"embeddable":true,"href":"https:\/\/redsemlac.com\/semmexico\/wp-json\/wp\/v2\/users\/3"}],"replies":[{"embeddable":true,"href":"https:\/\/redsemlac.com\/semmexico\/wp-json\/wp\/v2\/comments?post=102198"}],"version-history":[{"count":0,"href":"https:\/\/redsemlac.com\/semmexico\/wp-json\/wp\/v2\/posts\/102198\/revisions"}],"wp:featuredmedia":[{"embeddable":true,"href":"https:\/\/redsemlac.com\/semmexico\/wp-json\/wp\/v2\/media\/102199"}],"wp:attachment":[{"href":"https:\/\/redsemlac.com\/semmexico\/wp-json\/wp\/v2\/media?parent=102198"}],"wp:term":[{"taxonomy":"category","embeddable":true,"href":"https:\/\/redsemlac.com\/semmexico\/wp-json\/wp\/v2\/categories?post=102198"},{"taxonomy":"post_tag","embeddable":true,"href":"https:\/\/redsemlac.com\/semmexico\/wp-json\/wp\/v2\/tags?post=102198"}],"curies":[{"name":"wp","href":"https:\/\/api.w.org\/{rel}","templated":true}]}}