{"id":102190,"date":"2026-01-23T19:39:37","date_gmt":"2026-01-24T01:39:37","guid":{"rendered":"https:\/\/redsemlac.com\/semmexico\/?p=102190"},"modified":"2026-01-23T19:39:38","modified_gmt":"2026-01-24T01:39:38","slug":"cientificas-de-la-unam-crean-biosensor-para-prevenir-el-cancer-cervicouterino","status":"publish","type":"post","link":"https:\/\/redsemlac.com\/semmexico\/cientificas-de-la-unam-crean-biosensor-para-prevenir-el-cancer-cervicouterino\/","title":{"rendered":"Cient\u00edficas de la UNAM crean biosensor para prevenir el c\u00e1ncer cervicouterino"},"content":{"rendered":"\n<ul class=\"wp-block-list\">\n<li>La OMS ha sugerido sustituir el papanicol\u00e1u por t\u00e9cnicas de detecci\u00f3n molecular para identificar el virus antes de que haga da\u00f1o<\/li>\n<\/ul>\n\n\n\n<p class=\"wp-block-paragraph\">Wendy Vega<\/p>\n\n\n\n<p class=\"wp-block-paragraph\">SemM\u00e9xico\/El Sol de M\u00e9xico, Ciudad de M\u00e9xico, 23 de enero, 2026.- Un grupo de cient\u00edficas de la<a href=\"https:\/\/oem.com.mx\/elsoldemexico\/mexico\/la-autonomia-no-se-hereda-se-defiende-cotidianamente-asegura-rector-de-la-unam-27704719.app.json\" target=\"_blank\" rel=\"noreferrer noopener\"><strong>Universidad Nacional Aut\u00f3noma de M\u00e9xico<\/strong><\/a><strong>&nbsp;<\/strong>(UNAM) crearon un&nbsp;<strong>biosensor para detectar<\/strong>&nbsp;de manera temprana los casos de<strong>&nbsp;Virus de Papiloma Humano<\/strong>&nbsp;(VPH) causante del&nbsp;<strong>c\u00e1ncer cervicouterino,<\/strong>&nbsp;este dispositivo actualmente participa en la<strong>&nbsp;validaci\u00f3n cl\u00ednica<\/strong>.<\/p>\n\n\n\n<p class=\"wp-block-paragraph\">De acuerdo con el&nbsp;<strong>Centro de Informaci\u00f3n del VPH<\/strong>, en 2023 el 65 por ciento de las mujeres que padecieron<strong>&nbsp;c\u00e1ncer cervicouterino<\/strong>&nbsp;presentaron<strong>&nbsp;infecciones de los tipos 16 y 18 del VPH<\/strong>, dos de los m\u00e1s agresivos que est\u00e1n relacionados con el&nbsp;<strong>crecimiento anormal de las c\u00e9lulas&nbsp;<\/strong>se encuentran en el<strong>&nbsp;cuello del \u00fatero.<\/strong><\/p>\n\n\n\n<p class=\"wp-block-paragraph\">La responsable del&nbsp;<strong>Laboratorio Nacional de Soluciones Biomim\u00e9ticas para Diagn\u00f3stico y Terapia<\/strong>&nbsp;(LaNSBioDyT), Tatiana Fiordelisio, explic\u00f3 que el&nbsp;<strong>proyecto naci\u00f3 de una experiencia<\/strong>&nbsp;de haber&nbsp;<strong>desarrollado un biosensor capaz de detectar el virus de Covid-19<\/strong>, mismo que sirvi\u00f3 para<strong>&nbsp;realizar m\u00e1s de 45 mil diagn\u00f3sticos gratuitos.<\/strong><\/p>\n\n\n\n<p class=\"wp-block-paragraph\"><strong>\u00bfC\u00f3mo funciona el biosensor para detectar el c\u00e1ncer cervicouterino?<\/strong><\/p>\n\n\n\n<p class=\"wp-block-paragraph\">El&nbsp;<strong>biosensor emplea una t\u00e9cnica de hibridaci\u00f3n<\/strong>&nbsp;muy similar al PCR (reacci\u00f3n en cadena de la polimerasa) utilizada para&nbsp;<strong>identificar fragmentos del material gen\u00e9tico<\/strong>&nbsp;del virus. Las muestras<strong>&nbsp;son recolectadas a trav\u00e9s de un cepillo similar a un hisopo<\/strong>&nbsp;y se colocan en un<strong>&nbsp;tubo con l\u00edquido<\/strong>, pasados 30 minutos los<strong>&nbsp;resultados se muestran con un sistema de colores.<\/strong><\/p>\n\n\n\n<p class=\"wp-block-paragraph\">Uno de estos sistemas es para&nbsp;<strong>detectar las cepas m\u00e1s cancer\u00edgenas<\/strong>&nbsp;y el otro es para las&nbsp;<strong>menos agresivas.<\/strong><\/p>\n\n\n\n<p class=\"wp-block-paragraph\">El sistema es port\u00e1til, econ\u00f3mico, f\u00e1cil de usar e ideal para consultorios peque\u00f1os o cl\u00ednicas rurales<em>Tatiana Fiordelisio, responsable del LaNSBioDyT<\/em><\/p>\n\n\n\n<p class=\"wp-block-paragraph\">De acuerdo con Fiordelisio, la Organizaci\u00f3n Mundial de la Salud (OMS) ha<strong>&nbsp;sugerido al personal m\u00e9dico sustituir el papanicol\u00e1u<\/strong>&nbsp;por&nbsp;<strong>t\u00e9cnicas de detecci\u00f3n molecular como el PCR<\/strong>, de esta manera se puede<strong>&nbsp;identificar al virus&nbsp;<\/strong>antes de que genere da\u00f1os celulares.<\/p>\n\n\n\n<p class=\"wp-block-paragraph\">Este proyecto busca democratizar el acceso al diagn\u00f3stico cl\u00ednico. Si logramos que una mujer se tome la muestra en casa o en su comunidad (&#8230;) reduciremos muertes y romperemos barreras sociales<em>Tatiana Fiordelisio, responsable del LaNSBioDyT.<\/em><\/p>\n\n\n\n<p class=\"wp-block-paragraph\">Actualmente el biosensor se encuentra en validaci\u00f3n cl\u00ednica ante la Comisi\u00f3n Federal para la Protecci\u00f3n contra Riesgos Sanitarios (Cofepris).<\/p>\n\n\n\n<p class=\"wp-block-paragraph\">SEM-El Sol de M\u00e9xico\/wv<\/p>\n","protected":false},"excerpt":{"rendered":"<p>Wendy Vega SemM\u00e9xico\/El Sol de M\u00e9xico, Ciudad de M\u00e9xico, 23 de enero, 2026.- Un grupo de cient\u00edficas de laUniversidad Nacional Aut\u00f3noma de M\u00e9xico&nbsp;(UNAM) crearon un&nbsp;biosensor para detectar&nbsp;de manera temprana los casos de&nbsp;Virus de Papiloma Humano&nbsp;(VPH) causante del&nbsp;c\u00e1ncer cervicouterino,&nbsp;este dispositivo actualmente participa en la&nbsp;validaci\u00f3n cl\u00ednica. De acuerdo con el&nbsp;Centro de Informaci\u00f3n del VPH, en 2023 el [&hellip;]<\/p>\n","protected":false},"author":3,"featured_media":102191,"comment_status":"open","ping_status":"open","sticky":false,"template":"","format":"standard","meta":{"_monsterinsights_skip_tracking":false,"footnotes":""},"categories":[748],"tags":[],"class_list":["post-102190","post","type-post","status-publish","format-standard","has-post-thumbnail","category-cultura-feminista"],"_links":{"self":[{"href":"https:\/\/redsemlac.com\/semmexico\/wp-json\/wp\/v2\/posts\/102190","targetHints":{"allow":["GET"]}}],"collection":[{"href":"https:\/\/redsemlac.com\/semmexico\/wp-json\/wp\/v2\/posts"}],"about":[{"href":"https:\/\/redsemlac.com\/semmexico\/wp-json\/wp\/v2\/types\/post"}],"author":[{"embeddable":true,"href":"https:\/\/redsemlac.com\/semmexico\/wp-json\/wp\/v2\/users\/3"}],"replies":[{"embeddable":true,"href":"https:\/\/redsemlac.com\/semmexico\/wp-json\/wp\/v2\/comments?post=102190"}],"version-history":[{"count":0,"href":"https:\/\/redsemlac.com\/semmexico\/wp-json\/wp\/v2\/posts\/102190\/revisions"}],"wp:featuredmedia":[{"embeddable":true,"href":"https:\/\/redsemlac.com\/semmexico\/wp-json\/wp\/v2\/media\/102191"}],"wp:attachment":[{"href":"https:\/\/redsemlac.com\/semmexico\/wp-json\/wp\/v2\/media?parent=102190"}],"wp:term":[{"taxonomy":"category","embeddable":true,"href":"https:\/\/redsemlac.com\/semmexico\/wp-json\/wp\/v2\/categories?post=102190"},{"taxonomy":"post_tag","embeddable":true,"href":"https:\/\/redsemlac.com\/semmexico\/wp-json\/wp\/v2\/tags?post=102190"}],"curies":[{"name":"wp","href":"https:\/\/api.w.org\/{rel}","templated":true}]}}