{"id":102184,"date":"2026-01-23T19:36:57","date_gmt":"2026-01-24T01:36:57","guid":{"rendered":"https:\/\/redsemlac.com\/semmexico\/?p=102184"},"modified":"2026-01-23T19:36:58","modified_gmt":"2026-01-24T01:36:58","slug":"siete-de-cada-10-opiniones-sobre-el-sistema-de-cuidados-en-la-cdmx-son-de-mujeres","status":"publish","type":"post","link":"https:\/\/redsemlac.com\/semmexico\/siete-de-cada-10-opiniones-sobre-el-sistema-de-cuidados-en-la-cdmx-son-de-mujeres\/","title":{"rendered":"Siete de cada 10 opiniones sobre el Sistema de Cuidados en la CDMX son de mujeres"},"content":{"rendered":"\n<ul class=\"wp-block-list\">\n<li>El 50% de las personas cuidadoras expresaron dedicar m\u00e1s de 12 horas al d\u00eda para ejecutar esta labor sin tener momentos de descanso<\/li>\n\n\n\n<li>Las principales necesidades detectadas se concentran en servicios de salud y rehabilitaci\u00f3n, apoyos econ\u00f3micos, capacitaci\u00f3n, movilidad y accesibilidad\u00a0<\/li>\n<\/ul>\n\n\n\n<p class=\"wp-block-paragraph\">Gloria L\u00f3pez<\/p>\n\n\n\n<p class=\"wp-block-paragraph\">SemM\u00e9xico\/El Sol de M\u00e9xico, Ciudad de M\u00e9xico, 23 de enero, 2026.- Siete de cada diez&nbsp;opiniones recabadas en la&nbsp;consulta para la construcci\u00f3n&nbsp;del&nbsp;Sistema de Cuidados de la Ciudad de M\u00e9xico&nbsp;fueron de mujeres, un dato que, de acuerdo con el&nbsp;Congreso capitalino, confirma su papel central en el&nbsp;trabajo de cuidado&nbsp;y en la definici\u00f3n de esta&nbsp;pol\u00edtica p\u00fablica.<\/p>\n\n\n\n<p class=\"wp-block-paragraph\">Las&nbsp;Comisiones Unidas de Igualdad de G\u00e9nero&nbsp;y de&nbsp;Inclusi\u00f3n, Bienestar Social&nbsp;y Exigibilidad de&nbsp;Derechos Sociales&nbsp;presentaron los resultados del proceso, el cual incluy\u00f3 foros, mesas de trabajo y una&nbsp;consulta p\u00fablica&nbsp;orientada a generar un diagn\u00f3stico integral sobre las&nbsp;necesidades de cuidado en la capital.<\/p>\n\n\n\n<p class=\"wp-block-paragraph\">La diputada&nbsp;Cecilia Vadillo Obreg\u00f3n&nbsp;(MORENA), presidenta de la&nbsp;Comisi\u00f3n de Igualdad de G\u00e9nero, detall\u00f3 que los trabajos abordaron temas como la corresponsabilidad social,&nbsp;la sostenibilidad financiera, la&nbsp;infraestructura, el&nbsp;cambio cultural&nbsp;y la&nbsp;profesionalizaci\u00f3n del cuidado, con la participaci\u00f3n de especialistas y personas cuidadoras.<\/p>\n\n\n\n<p class=\"wp-block-paragraph\">Como parte del&nbsp;despliegue territorial y digital, se colocaron&nbsp;dos mil 700 lonas y 20 mil carteles&nbsp;en toda la ciudad y se habilit\u00f3 un micrositio oficial, lo que&nbsp;permiti\u00f3 recabar tres mil 42 respuestas ciudadanas, de las cuales el&nbsp;70 por ciento&nbsp;fueron emitidas por mujeres, lo que&nbsp;refleja la dimensi\u00f3n de g\u00e9nero&nbsp;que atraviesa el trabajo de cuidado en la CDMX.<\/p>\n\n\n\n<p class=\"wp-block-paragraph\">Entre los hallazgos,&nbsp;se identific\u00f3 que s\u00f3lo el 30 por ciento&nbsp;de las personas reconoce&nbsp;recibir cuidados&nbsp;y que la mayor\u00eda no considera el&nbsp;trabajo dom\u00e9stico como &nbsp;una forma de cuidado. Asimismo, m\u00e1s del&nbsp;50 por ciento de las personas cuidadoras&nbsp;se\u00f1al\u00f3&nbsp;dedicar m\u00e1s de 12 horas diarias&nbsp;a esta labor, generalmente sin descanso.<\/p>\n\n\n\n<p class=\"wp-block-paragraph\">Las&nbsp;principales necesidades detectadas&nbsp;se concentran en&nbsp;servicios de salud y rehabilitaci\u00f3n,&nbsp;apoyos econ\u00f3micos,&nbsp;capacitaci\u00f3n,&nbsp;movilidad,&nbsp;accesibilidad&nbsp;y atenci\u00f3n emocional, especialmente para quienes&nbsp;cuidan a personas adultas mayores, el grupo con mayor demanda de cuidados en una ciudad que avanza hacia un proceso de envejecimiento poblacional.<\/p>\n\n\n\n<p class=\"wp-block-paragraph\">Los resultados de la&nbsp;consulta ser\u00e1n integrados en un informe t\u00e9cnico&nbsp;que formar\u00e1 parte del&nbsp;dictamen legislativo&nbsp;con el objetivo de fortalecer un&nbsp;Sistema de Cuidados sostenible, corresponsable y con enfoque de&nbsp;derechos humanos&nbsp;para la Ciudad de M\u00e9xico.<\/p>\n\n\n\n<p class=\"wp-block-paragraph\">SEM-El Sol de M\u00e9xico\/gl<\/p>\n","protected":false},"excerpt":{"rendered":"<p>Gloria L\u00f3pez SemM\u00e9xico\/El Sol de M\u00e9xico, Ciudad de M\u00e9xico, 23 de enero, 2026.- Siete de cada diez&nbsp;opiniones recabadas en la&nbsp;consulta para la construcci\u00f3n&nbsp;del&nbsp;Sistema de Cuidados de la Ciudad de M\u00e9xico&nbsp;fueron de mujeres, un dato que, de acuerdo con el&nbsp;Congreso capitalino, confirma su papel central en el&nbsp;trabajo de cuidado&nbsp;y en la definici\u00f3n de esta&nbsp;pol\u00edtica p\u00fablica. Las&nbsp;Comisiones [&hellip;]<\/p>\n","protected":false},"author":3,"featured_media":102185,"comment_status":"open","ping_status":"open","sticky":false,"template":"","format":"standard","meta":{"_monsterinsights_skip_tracking":false,"footnotes":""},"categories":[748],"tags":[],"class_list":["post-102184","post","type-post","status-publish","format-standard","has-post-thumbnail","category-cultura-feminista"],"_links":{"self":[{"href":"https:\/\/redsemlac.com\/semmexico\/wp-json\/wp\/v2\/posts\/102184","targetHints":{"allow":["GET"]}}],"collection":[{"href":"https:\/\/redsemlac.com\/semmexico\/wp-json\/wp\/v2\/posts"}],"about":[{"href":"https:\/\/redsemlac.com\/semmexico\/wp-json\/wp\/v2\/types\/post"}],"author":[{"embeddable":true,"href":"https:\/\/redsemlac.com\/semmexico\/wp-json\/wp\/v2\/users\/3"}],"replies":[{"embeddable":true,"href":"https:\/\/redsemlac.com\/semmexico\/wp-json\/wp\/v2\/comments?post=102184"}],"version-history":[{"count":0,"href":"https:\/\/redsemlac.com\/semmexico\/wp-json\/wp\/v2\/posts\/102184\/revisions"}],"wp:featuredmedia":[{"embeddable":true,"href":"https:\/\/redsemlac.com\/semmexico\/wp-json\/wp\/v2\/media\/102185"}],"wp:attachment":[{"href":"https:\/\/redsemlac.com\/semmexico\/wp-json\/wp\/v2\/media?parent=102184"}],"wp:term":[{"taxonomy":"category","embeddable":true,"href":"https:\/\/redsemlac.com\/semmexico\/wp-json\/wp\/v2\/categories?post=102184"},{"taxonomy":"post_tag","embeddable":true,"href":"https:\/\/redsemlac.com\/semmexico\/wp-json\/wp\/v2\/tags?post=102184"}],"curies":[{"name":"wp","href":"https:\/\/api.w.org\/{rel}","templated":true}]}}