{"id":102177,"date":"2026-01-23T19:34:20","date_gmt":"2026-01-24T01:34:20","guid":{"rendered":"https:\/\/redsemlac.com\/semmexico\/?p=102177"},"modified":"2026-01-23T19:34:20","modified_gmt":"2026-01-24T01:34:20","slug":"proponen-blindar-el-patrimonio-de-adultos-mayores-a-traves-del-dif-nacional","status":"publish","type":"post","link":"https:\/\/redsemlac.com\/semmexico\/proponen-blindar-el-patrimonio-de-adultos-mayores-a-traves-del-dif-nacional\/","title":{"rendered":"Proponen blindar el patrimonio de adultos mayores a trav\u00e9s del DIF Nacional"},"content":{"rendered":"\n<ul class=\"wp-block-list\">\n<li>A trav\u00e9s de una Procuradur\u00eda de la Defensa del Adulto Mayor<\/li>\n\n\n\n<li>La iniciativa fue presentada al DIF Nacional por la diputada Claudia Rivero<\/li>\n<\/ul>\n\n\n\n<p class=\"wp-block-paragraph\">Elda Montiel<\/p>\n\n\n\n<p class=\"wp-block-paragraph\">SemM\u00e9xico, Ciudad de M\u00e9xico, 23 de enero 2026.- La creaci\u00f3n de Procuradur\u00edas Especializadas para blindar el patrimonio de adultos mayores y darles integridad, dignidad y seguridad jur\u00eddica fue presentada ante el DIF Nacional por la diputada Claudia Rivera Vivanco.<\/p>\n\n\n\n<p class=\"wp-block-paragraph\">En una reuni\u00f3n de trabajo encabezada por la vicecoordinadora Gabriela Jim\u00e9nez con la titular del organismo, Roc\u00edo Garc\u00eda P\u00e9rez, la diputada explic\u00f3 que dada la naturaleza del DIF como organismo p\u00fablico descentralizado, cuenta con la facultad id\u00f3nea para proponer y operar estas procuradur\u00edas que urgen en todo el pa\u00eds.<\/p>\n\n\n\n<p class=\"wp-block-paragraph\">La legisladora busca encabezar una ruta legislativa y administrativa que pretende armonizar el trabajo de los DIF municipales y estatales con la federaci\u00f3n, asegurando que el Estado mexicano cuente con una instituci\u00f3n robusta dedicada exclusivamente a vigilar la integridad, la dignidad y la seguridad jur\u00eddica de los adultos mayores.<\/p>\n\n\n\n<p class=\"wp-block-paragraph\">La diputada federal ha impulsado en Puebla, la entidad que representa, la protecci\u00f3n a los adultos mayores para frenar los casos de violencia patrimonial, despojo de bienes y robo de pensiones que sufren las personas de la tercera edad.<\/p>\n\n\n\n<p class=\"wp-block-paragraph\">Esto es un paso decisivo para transformar la asistencia social en una aut\u00e9ntica defensor\u00eda de derechos humanos considera la diputada federal poblana Claudia Rivera Vivanco, integrante del Grupo Parlamentario de Morena.<\/p>\n\n\n\n<p class=\"wp-block-paragraph\">En la reuni\u00f3n tambi\u00e9n participaron diputadas de distintos estados para conocer los avances del DIF nacional.<\/p>\n\n\n\n<p class=\"wp-block-paragraph\">SEM\/em\/sj<\/p>\n","protected":false},"excerpt":{"rendered":"<p>Elda Montiel SemM\u00e9xico, Ciudad de M\u00e9xico, 23 de enero 2026.- La creaci\u00f3n de Procuradur\u00edas Especializadas para blindar el patrimonio de adultos mayores y darles integridad, dignidad y seguridad jur\u00eddica fue presentada ante el DIF Nacional por la diputada Claudia Rivera Vivanco. En una reuni\u00f3n de trabajo encabezada por la vicecoordinadora Gabriela Jim\u00e9nez con la titular [&hellip;]<\/p>\n","protected":false},"author":3,"featured_media":102178,"comment_status":"open","ping_status":"open","sticky":false,"template":"","format":"standard","meta":{"_monsterinsights_skip_tracking":false,"footnotes":""},"categories":[903],"tags":[],"class_list":["post-102177","post","type-post","status-publish","format-standard","has-post-thumbnail","category-presidenta-y-mas"],"_links":{"self":[{"href":"https:\/\/redsemlac.com\/semmexico\/wp-json\/wp\/v2\/posts\/102177","targetHints":{"allow":["GET"]}}],"collection":[{"href":"https:\/\/redsemlac.com\/semmexico\/wp-json\/wp\/v2\/posts"}],"about":[{"href":"https:\/\/redsemlac.com\/semmexico\/wp-json\/wp\/v2\/types\/post"}],"author":[{"embeddable":true,"href":"https:\/\/redsemlac.com\/semmexico\/wp-json\/wp\/v2\/users\/3"}],"replies":[{"embeddable":true,"href":"https:\/\/redsemlac.com\/semmexico\/wp-json\/wp\/v2\/comments?post=102177"}],"version-history":[{"count":0,"href":"https:\/\/redsemlac.com\/semmexico\/wp-json\/wp\/v2\/posts\/102177\/revisions"}],"wp:featuredmedia":[{"embeddable":true,"href":"https:\/\/redsemlac.com\/semmexico\/wp-json\/wp\/v2\/media\/102178"}],"wp:attachment":[{"href":"https:\/\/redsemlac.com\/semmexico\/wp-json\/wp\/v2\/media?parent=102177"}],"wp:term":[{"taxonomy":"category","embeddable":true,"href":"https:\/\/redsemlac.com\/semmexico\/wp-json\/wp\/v2\/categories?post=102177"},{"taxonomy":"post_tag","embeddable":true,"href":"https:\/\/redsemlac.com\/semmexico\/wp-json\/wp\/v2\/tags?post=102177"}],"curies":[{"name":"wp","href":"https:\/\/api.w.org\/{rel}","templated":true}]}}