{"id":102174,"date":"2026-01-23T19:30:21","date_gmt":"2026-01-24T01:30:21","guid":{"rendered":"https:\/\/redsemlac.com\/semmexico\/?p=102174"},"modified":"2026-01-23T19:30:22","modified_gmt":"2026-01-24T01:30:22","slug":"revocacion-de-mandato-maquillaje-politico-de-salomon-jara-osc","status":"publish","type":"post","link":"https:\/\/redsemlac.com\/semmexico\/revocacion-de-mandato-maquillaje-politico-de-salomon-jara-osc\/","title":{"rendered":"Revocaci\u00f3n de mandato, maquillaje pol\u00edtico de Salom\u00f3n Jara: OSC"},"content":{"rendered":"\n<ul class=\"wp-block-list\">\n<li>El domingo Oaxaca vivir\u00e1 un ejercicio de \u201clegitimaci\u00f3n forzada y uso de instituciones democr\u00e1ticas<\/li>\n\n\n\n<li>Intacta la deuda hist\u00f3rica con la justicia en la entidad<\/li>\n<\/ul>\n\n\n\n<p class=\"wp-block-paragraph\">Redacci\u00f3n<\/p>\n\n\n\n<p class=\"wp-block-paragraph\">SemM\u00e9xico, Oaxaca, 23 de enero, 2026.- Tras rechazar la simulaci\u00f3n democr\u00e1tica de la revocaci\u00f3n de mandato que se realizar\u00e1 el pr\u00f3ximo domingo, 25 de enero, en Oaxaca, organizaciones de la sociedad civil se\u00f1alan que en tanto la estructura sist\u00e9mica no se transforme y las demandas de los pueblos sigan siendo ignoradas, estos ejercicios no son democracia, son maquillaje pol\u00edtico.<\/p>\n\n\n\n<p class=\"wp-block-paragraph\">En un desplegado en el que se pronuncian por la verdadera autodeterminaci\u00f3n de los pueblos de Oaxaca, consideran que el domingo en lugar de una revocaci\u00f3n de mandato, ser\u00e1 un ejercicio de legitimaci\u00f3n forzada y un uso faccioso de las instituciones democr\u00e1ticas.<\/p>\n\n\n\n<p class=\"wp-block-paragraph\">En el pronunciamiento denuncian \u201cinstrumentalizaci\u00f3n de la participaci\u00f3n ciudadana\u201d, al se\u00f1alar que la revocaci\u00f3n de mandato no nace de una genuina exigencia popular de remoci\u00f3n, sino de una estrategia de autopromoci\u00f3n pol\u00edtica.<\/p>\n\n\n\n<p class=\"wp-block-paragraph\">La recolecci\u00f3n de firmas por la propia militancia del partido en el poder -Morena- desvirt\u00faa la naturaleza de la revocaci\u00f3n, convirti\u00e9ndola en un acto de ratificaci\u00f3n oficialista, dice el pronunciamiento firmado por 30 organizaciones civiles.<\/p>\n\n\n\n<p class=\"wp-block-paragraph\">Consideran que se trata de una \u201csimulaci\u00f3n como Pol\u00edtica de Estado\u201d y explican que en un contexto de control absoluto del Congreso local, cooptaci\u00f3n de sindicatos y debilitamiento de la oposici\u00f3n, la consulta es una farsa innecesaria.<\/p>\n\n\n\n<p class=\"wp-block-paragraph\">\u201cNo existe un riesgo real para la continuidad del gobernador; el objetivo es \u00fanicamente el despliegue de m\u00fasculo pol\u00edtico para fines personales\u201d.<\/p>\n\n\n\n<p class=\"wp-block-paragraph\">Tambi\u00e9n sostienen que el \u201cdespilfarro de Recursos P\u00fablicos\u201d es inadmisible que en un estado con carencias estructurales hist\u00f3ricas, se destinen millones de pesos del erario para un ejercicio, cuyo resultado, est\u00e1 prefigurado por la maquinaria estatal. \u201cEste gasto no beneficia al pueblo, sino que financia la propaganda del r\u00e9gimen\u201d.<\/p>\n\n\n\n<p class=\"wp-block-paragraph\">En el punto \u201cValidaci\u00f3n del Modelo Extractivista y Neoliberal\u201d se\u00f1alan que la revocaci\u00f3n de mandato busca obtener un \u00abcheque en blanco\u00bb para profundizar las pol\u00edticas de despojo bajo el eslogan de la \u00abPrimavera Oaxaque\u00f1a\u00bb, eslogan de la propaganda pol\u00edtica del gobernador Salom\u00f3n Jara.<\/p>\n\n\n\n<p class=\"wp-block-paragraph\">En ese sentido, plantean que votar por la continuidad es validar el Corredor Interoce\u00e1nico, la miner\u00eda desenfrenada, la gentrificaci\u00f3n y la entrega del territorio al capital transnacional.<\/p>\n\n\n\n<p class=\"wp-block-paragraph\">\u201cCoacci\u00f3n y Vicios de Origen\u201d en este punto condenan la inducci\u00f3n al voto por parte de servidores p\u00fablicos. El uso de programas asistencialistas para movilizar a la ciudadan\u00eda hacia las urnas bajo amenaza o presi\u00f3n es una pr\u00e1ctica que cre\u00edamos superada, pero que hoy es el motor de este proceso.<\/p>\n\n\n\n<p class=\"wp-block-paragraph\">A 20 a\u00f1os de la insurgencia popular de 2006, la estructura sist\u00e9mica de impunidad permanece intacta y persiste la \u201cdeuda hist\u00f3rica de justicia\u201d. En ese sentido explican que el actual gobierno que se dice \u00abpopular\u00bb, pero mantiene la misma pol\u00edtica de dilaci\u00f3n en la justicia y denostaci\u00f3n de la cr\u00edtica, no es m\u00e1s que el reciclaje de las viejas estructuras de poder bajo un nuevo color.<\/p>\n\n\n\n<p class=\"wp-block-paragraph\">\u201cEncubrir la mentira de la erradicaci\u00f3n de la pobreza\u201d sostienen en relaci\u00f3n con las acciones p\u00fablicas del gobierno morenista que se siguen limitando a pol\u00edticas asistencialistas mediante d\u00e1divas condicionadas y tarjetas de apoyos m\u00ednimos.<\/p>\n\n\n\n<p class=\"wp-block-paragraph\">\u201cNo hay pol\u00edticas constructivas ni para los campesinos ni para los trabajadores, sino un incremento real de la pobreza. Y mientras se fomenta la ficci\u00f3n de un falso indigenismo a modo del negocio tur\u00edstico, se destruyen las bases socio-econ\u00f3micas y culturales de la existencia de los pueblos originarios para beneficio de las \u00e9lites corruptas en el poder. Una vez m\u00e1s se quiere utilizar el voto de los pobres para legitimar el despojo de los derechos del pueblo\u201d.<\/p>\n\n\n\n<p class=\"wp-block-paragraph\">El texto termina con la afirmaci\u00f3n se\u00f1alando que la pregunta que \u201cel pueblo debe hacerse no es si el gobernador debe seguir o irse, sino: \u00bfQui\u00e9n se beneficia realmente con esta consulta?\u201d, porque el cambio de nombres en la c\u00fapula no garantiza un cambio en las pol\u00edticas de opresi\u00f3n.<\/p>\n\n\n\n<p class=\"wp-block-paragraph\">Las organizaciones firmantes son Asamblea de la Comunidad Ind\u00edgena Binniza de Puente Madera, Asamblea de la Comunidad Ind\u00edgena Chontal El Coyul, Asamblea de los Pueblos Ind\u00edgenas del Istmo en Defensa de la Tierra y el Territorio, Asamblea de Pueblos en Defensa del Territorio, la Educaci\u00f3n P\u00fablica, Gratuita y los Derechos Humanos, Casa Tequiana, Centro de Apoyo al Movimiento Popular Oaxaque\u00f1o, Centro de apoyo para la educaci\u00f3n y creatividad Calpulli, Centro de Derechos Ind\u00edgenas Flor y Canto.<\/p>\n\n\n\n<p class=\"wp-block-paragraph\">Adem\u00e1s del Centro de Estudios y Fortalecimiento Comunitario Mano Vuelta, C\u00edrculo Profesional para la Formaci\u00f3n con Equidad de G\u00e9nero Nduva Ndandi CODEP-Samuel Hernandez Morales, Comisi\u00f3n de apoyo a la unidad y reconciliaci\u00f3n comunitaria Organizaciones Indias por los Derechos Humanos en Oaxaca, Comit\u00e9 Nacional para la Defensa y Conservaci\u00f3n de Los Chimalapas, Consejo de Comunidades en Resistencia de Oaxaca, Consorcio para el Di\u00e1logo Parlamentario y Equidad Oaxaca y DC FALP Espiral por la Vida.<\/p>\n\n\n\n<p class=\"wp-block-paragraph\">As\u00ed como el Frente Popular Revolucionario, Grupo de estudios sobre la mujer Rosario Castellanos, Grupo de Mujeres Sabinas, Iniciativas para el Desarrollo de la Mujer Oaxaque\u00f1a (IDEMO), Luna del Sur, Maderas del Pueblo del Sureste, Mexicanos Unidos, Mujeres Oaxaque\u00f1as Tejiendo Comunidad, Servicios para una Educaci\u00f3n Alternativa, Tequio Jur\u00eddico, Territorios de Cultura para la Equidad Trans-Difusi\u00f3n, UCIO-EZ Uni\u00f3n Campesina e Ind\u00edgena de Oaxaca Emiliano Zapata y Unidad Anticapitalista de los Pueblos Organizados.<\/p>\n\n\n\n<p class=\"wp-block-paragraph\">SEM\/sj<\/p>\n","protected":false},"excerpt":{"rendered":"<p>Redacci\u00f3n SemM\u00e9xico, Oaxaca, 23 de enero, 2026.- Tras rechazar la simulaci\u00f3n democr\u00e1tica de la revocaci\u00f3n de mandato que se realizar\u00e1 el pr\u00f3ximo domingo, 25 de enero, en Oaxaca, organizaciones de la sociedad civil se\u00f1alan que en tanto la estructura sist\u00e9mica no se transforme y las demandas de los pueblos sigan siendo ignoradas, estos ejercicios no [&hellip;]<\/p>\n","protected":false},"author":3,"featured_media":102175,"comment_status":"open","ping_status":"open","sticky":false,"template":"","format":"standard","meta":{"_monsterinsights_skip_tracking":false,"footnotes":""},"categories":[700],"tags":[],"class_list":["post-102174","post","type-post","status-publish","format-standard","has-post-thumbnail","category-estados"],"_links":{"self":[{"href":"https:\/\/redsemlac.com\/semmexico\/wp-json\/wp\/v2\/posts\/102174","targetHints":{"allow":["GET"]}}],"collection":[{"href":"https:\/\/redsemlac.com\/semmexico\/wp-json\/wp\/v2\/posts"}],"about":[{"href":"https:\/\/redsemlac.com\/semmexico\/wp-json\/wp\/v2\/types\/post"}],"author":[{"embeddable":true,"href":"https:\/\/redsemlac.com\/semmexico\/wp-json\/wp\/v2\/users\/3"}],"replies":[{"embeddable":true,"href":"https:\/\/redsemlac.com\/semmexico\/wp-json\/wp\/v2\/comments?post=102174"}],"version-history":[{"count":0,"href":"https:\/\/redsemlac.com\/semmexico\/wp-json\/wp\/v2\/posts\/102174\/revisions"}],"wp:featuredmedia":[{"embeddable":true,"href":"https:\/\/redsemlac.com\/semmexico\/wp-json\/wp\/v2\/media\/102175"}],"wp:attachment":[{"href":"https:\/\/redsemlac.com\/semmexico\/wp-json\/wp\/v2\/media?parent=102174"}],"wp:term":[{"taxonomy":"category","embeddable":true,"href":"https:\/\/redsemlac.com\/semmexico\/wp-json\/wp\/v2\/categories?post=102174"},{"taxonomy":"post_tag","embeddable":true,"href":"https:\/\/redsemlac.com\/semmexico\/wp-json\/wp\/v2\/tags?post=102174"}],"curies":[{"name":"wp","href":"https:\/\/api.w.org\/{rel}","templated":true}]}}