{"id":102146,"date":"2026-01-21T11:47:38","date_gmt":"2026-01-21T17:47:38","guid":{"rendered":"https:\/\/redsemlac.com\/semmexico\/?p=102146"},"modified":"2026-01-21T11:47:39","modified_gmt":"2026-01-21T17:47:39","slug":"mirada-violeta-guatemala-la-democracia-en-disputa-y-los-cuerpos-de-las-mujeres-en-la-primera-linea","status":"publish","type":"post","link":"https:\/\/redsemlac.com\/semmexico\/mirada-violeta-guatemala-la-democracia-en-disputa-y-los-cuerpos-de-las-mujeres-en-la-primera-linea\/","title":{"rendered":"Mirada Violeta | Guatemala: la democracia en disputa y los cuerpos de las mujeres en la primera l\u00ednea"},"content":{"rendered":"\n<p class=\"wp-block-paragraph\"><\/p>\n\n\n\n<p class=\"wp-block-paragraph\">Guadalupe Ramos Ponce<\/p>\n\n\n\n<p class=\"wp-block-paragraph\">SemM\u00e9xico, Guadalajara, Jalisco, 21 de enero, 2026.-Guatemala atraviesa un momento cr\u00edtico. No se trata \u00fanicamente de una crisis pol\u00edtica o institucional: estamos frente a una disputa profunda por el sentido mismo de la democracia y como ocurre siempre en contextos de regresi\u00f3n, los cuerpos y los derechos de las mujeres vuelven a ser el campo de batalla.<\/p>\n\n\n\n<p class=\"wp-block-paragraph\">Desde una mirada violeta, lo que observamos no es un hecho aislado ni coyuntural. La fragilidad democr\u00e1tica guatemalteca se sostiene sobre estructuras hist\u00f3ricas de exclusi\u00f3n, racismo, militarizaci\u00f3n del poder y una captura del Estado que ha sido particularmente violenta con las mujeres, especialmente con las mujeres ind\u00edgenas, defensoras de derechos humanos y lideresas comunitarias.<\/p>\n\n\n\n<p class=\"wp-block-paragraph\">En este escenario, la participaci\u00f3n pol\u00edtica de las mujeres no solo es limitada: es activamente obstaculizada. No hablamos \u00fanicamente de la ausencia de paridad o de cuotas incumplidas, sino de un entramado de violencia pol\u00edtica por razones de g\u00e9nero que opera a trav\u00e9s del hostigamiento, la criminalizaci\u00f3n, las amenazas y el silenciamiento. En Guatemala, hacer pol\u00edtica siendo mujer sigue teniendo un costo alto y hacerlo desde el feminismo o desde los pueblos originarios, un costo a\u00fan mayor.<\/p>\n\n\n\n<p class=\"wp-block-paragraph\">Lo que hoy vive el pa\u00eds (con decreto de estado de excepci\u00f3n, con procesos de elecci\u00f3n cuestionados, decisiones tomadas a puerta cerrada y una ciudadan\u00eda que observa con desconfianza), nos obliga a decirlo con claridad: no hay democracia posible sin la participaci\u00f3n real, libre y segura de las mujeres. Las llamadas \u201celecciones de segundo grado\u201d, que reaparecen c\u00edclicamente en la historia guatemalteca, se convierten en espacios donde las mujeres quedan nuevamente relegadas de la toma de decisiones, reproduciendo pactos patriarcales que se heredan entre \u00e9lites pol\u00edticas.<\/p>\n\n\n\n<p class=\"wp-block-paragraph\">Desde la mirada violeta, tambi\u00e9n es imposible no nombrar la contradicci\u00f3n central: mientras el discurso institucional habla de legalidad y orden, las mujeres siguen enfrentando niveles alarmantes de violencia, con un sistema de justicia que no responde, que revictimiza o que simplemente mira hacia otro lado. La democracia se vac\u00eda de contenido cuando no garantiza la vida, la seguridad y la dignidad de m\u00e1s de la mitad de la poblaci\u00f3n.<\/p>\n\n\n\n<p class=\"wp-block-paragraph\">Sin embargo, Guatemala no es solo dolor y retroceso. Tambi\u00e9n es resistencia feminista. Son las organizaciones de mujeres, las redes comunitarias, las defensoras que, incluso en contextos adversos, siguen sosteniendo la democracia desde abajo. Son ellas quienes documentan, denuncian, acompa\u00f1an y proponen. Quienes entienden que la democracia no se reduce al voto, sino que se construye todos los d\u00edas en la defensa de los derechos.<\/p>\n\n\n\n<p class=\"wp-block-paragraph\">Hoy m\u00e1s que nunca, Guatemala necesita una apuesta pol\u00edtica clara por la democracia paritaria, por procesos transparentes y por una participaci\u00f3n de las mujeres libre de violencia. Desde CLADEM y desde los feminismos regionales, lo decimos con firmeza: no habr\u00e1 salida democr\u00e1tica sin las mujeres, sin su voz, sin su experiencia y sin su liderazgo.<\/p>\n\n\n\n<p class=\"wp-block-paragraph\">Mirar Guatemala con lentes violetas es asumir una responsabilidad colectiva. Es exigir que la democracia deje de ser un privilegio y se convierta en una realidad vivida tambi\u00e9n por las mujeres. Porque cuando la democracia se debilita, somos las mujeres quienes primero pagamos el precio. Y cuando las mujeres avanzamos, la democracia se fortalece.<\/p>\n\n\n\n<p class=\"wp-block-paragraph\">Dra. Mar\u00eda Guadalupe Ramos Ponce, Coordinadora Regional electa de CLADEM&nbsp;<\/p>\n\n\n\n<p class=\"wp-block-paragraph\">Profesora Investigadora de la UdeG.<\/p>\n\n\n\n<p class=\"wp-block-paragraph\">@dralupitaramosp&nbsp; <a href=\"mailto:lupitaramosponce@gmail.com\">lupitaramosponce@gmail.com<\/a>, Canal de Youtoube Dra. Lupita Ramos.<\/p>\n\n\n\n<figure class=\"wp-block-embed\"><div class=\"wp-block-embed__wrapper\">\nhttps:\/\/www.youtube.com\/channel\/UCQ_bKrt9f4rkb7VST7-sYrg\n<\/div><\/figure>\n","protected":false},"excerpt":{"rendered":"<p>Guadalupe Ramos Ponce SemM\u00e9xico, Guadalajara, Jalisco, 21 de enero, 2026.-Guatemala atraviesa un momento cr\u00edtico. No se trata \u00fanicamente de una crisis pol\u00edtica o institucional: estamos frente a una disputa profunda por el sentido mismo de la democracia y como ocurre siempre en contextos de regresi\u00f3n, los cuerpos y los derechos de las mujeres vuelven a [&hellip;]<\/p>\n","protected":false},"author":3,"featured_media":100464,"comment_status":"open","ping_status":"open","sticky":false,"template":"","format":"standard","meta":{"_monsterinsights_skip_tracking":false,"footnotes":""},"categories":[91,35],"tags":[],"class_list":["post-102146","post","type-post","status-publish","format-standard","has-post-thumbnail","category-lupita-ramos-ponce","category-opinion"],"_links":{"self":[{"href":"https:\/\/redsemlac.com\/semmexico\/wp-json\/wp\/v2\/posts\/102146","targetHints":{"allow":["GET"]}}],"collection":[{"href":"https:\/\/redsemlac.com\/semmexico\/wp-json\/wp\/v2\/posts"}],"about":[{"href":"https:\/\/redsemlac.com\/semmexico\/wp-json\/wp\/v2\/types\/post"}],"author":[{"embeddable":true,"href":"https:\/\/redsemlac.com\/semmexico\/wp-json\/wp\/v2\/users\/3"}],"replies":[{"embeddable":true,"href":"https:\/\/redsemlac.com\/semmexico\/wp-json\/wp\/v2\/comments?post=102146"}],"version-history":[{"count":0,"href":"https:\/\/redsemlac.com\/semmexico\/wp-json\/wp\/v2\/posts\/102146\/revisions"}],"wp:featuredmedia":[{"embeddable":true,"href":"https:\/\/redsemlac.com\/semmexico\/wp-json\/wp\/v2\/media\/100464"}],"wp:attachment":[{"href":"https:\/\/redsemlac.com\/semmexico\/wp-json\/wp\/v2\/media?parent=102146"}],"wp:term":[{"taxonomy":"category","embeddable":true,"href":"https:\/\/redsemlac.com\/semmexico\/wp-json\/wp\/v2\/categories?post=102146"},{"taxonomy":"post_tag","embeddable":true,"href":"https:\/\/redsemlac.com\/semmexico\/wp-json\/wp\/v2\/tags?post=102146"}],"curies":[{"name":"wp","href":"https:\/\/api.w.org\/{rel}","templated":true}]}}