{"id":102136,"date":"2026-01-21T11:42:44","date_gmt":"2026-01-21T17:42:44","guid":{"rendered":"https:\/\/redsemlac.com\/semmexico\/?p=102136"},"modified":"2026-01-21T11:44:08","modified_gmt":"2026-01-21T17:44:08","slug":"la-brecha-se-cuela-en-davos-apenas-el-1-de-las-sesiones-del-foro-se-centra-en-asuntos-que-afectan-a-las-mujeres","status":"publish","type":"post","link":"https:\/\/redsemlac.com\/semmexico\/la-brecha-se-cuela-en-davos-apenas-el-1-de-las-sesiones-del-foro-se-centra-en-asuntos-que-afectan-a-las-mujeres\/","title":{"rendered":"La brecha se cuela en Davos: apenas el 1% de las sesiones del foro se centra en asuntos que afectan a las mujeres"},"content":{"rendered":"\n<p class=\"wp-block-paragraph\"><em><sub>Ursula von der Leyen, presidenta de la Comisi\u00f3n Europea, interviene en la 56\u00aa edici\u00f3n del Foro Econ\u00f3mico Mundial (FEM) en Suiza.\u00a0EFE\/EPA\/GIAN EHRENZELLER<\/sub><\/em><\/p>\n\n\n\n<p class=\"wp-block-paragraph\"><strong>Ausencia de la igualdad de g\u00e9nero, n<\/strong>o tanto en participaci\u00f3n solamente,&nbsp; sino en la r tem\u00e1tica, de las 191 sesiones <strong>&nbsp;solo tres abordan directamente problemas que afectan a las mujeres.<\/strong>&nbsp;<\/p>\n\n\n\n<p class=\"wp-block-paragraph\">S\u00f3lo salud, finanzas y trabajo,&nbsp; en el Foro Econ\u00f3mico Mundial&nbsp; dedicado a las mujeres<\/p>\n\n\n\n<p class=\"wp-block-paragraph\">Elena P\u00e9rez *<\/p>\n\n\n\n<p class=\"wp-block-paragraph\">SemM\u00e9xico,&nbsp; Davos, Suiza, 21 de enero , 2026.- Desde el primer d\u00eda la reuni\u00f3n anual del&nbsp;<strong>Foro Econ\u00f3mico Mundial (FEM)<\/strong>. La reuni\u00f3n bati\u00f3 &nbsp; r\u00e9cords de participaci\u00f3n, comenz\u00f3 el lunes, 19 de enero y hoy entra en su n\u00facleo duro con los principales l\u00edderes mundiales ya desplegados en la localidad suiza de Davos. La agenda avanza entre discusiones sobre geopol\u00edtica, econom\u00eda y revoluci\u00f3n tecnol\u00f3gica.<\/p>\n\n\n\n<p class=\"wp-block-paragraph\">Sin embargo, tambi\u00e9n lo hace con una ausencia persistente:&nbsp;<strong>la igualdad de g\u00e9nero<\/strong>. No tanto en lo que a participaci\u00f3n se refiere sino por tem\u00e1tica.&nbsp;De las 191 sesiones previstas en la 56\u00aa edici\u00f3n del encuentro,<strong>&nbsp;solo tres abordan directamente problemas que afectan a las mujeres.<\/strong>&nbsp;Eso, si se traduce en porcentajes, apenas representa un 1,6% del total.<\/p>\n\n\n\n<p class=\"wp-block-paragraph\">La reuni\u00f3n, convocada por el&nbsp;Foro \u2014organizaci\u00f3n no gubernamental con sede en Cologny\u2014, se extender\u00e1 hasta el 23 de enero y, bajo el<strong>&nbsp;<\/strong>lema&nbsp;<strong>&#8216;Un esp\u00edritu de di\u00e1logo&#8217;<\/strong>, reune a m\u00e1s de 3.000 personalidades para buscar consensos en&nbsp;un contexto global marcado por guerras activas, crisis clim\u00e1tica, fragmentaci\u00f3n econ\u00f3mica y avances acelerados&nbsp;en IA.<\/p>\n\n\n\n<p class=\"wp-block-paragraph\"><strong>Protagonismo masculino<\/strong><\/p>\n\n\n\n<p class=\"wp-block-paragraph\">Desde su fundaci\u00f3n en 1971, Davos se ha consolidado como un espacio de poder. Aqu\u00ed se discuten las estrategias y prioridades que acaban influyendo en decisiones p\u00fablicas y privadas en todo el mundo. Esta edici\u00f3n tiene nombre propio:&nbsp;<strong>Donald Trump<\/strong>&nbsp;regresa al foro tras seis a\u00f1os de ausencia, acompa\u00f1ado por la mayor delegaci\u00f3n estadounidense enviada hasta ahora.<\/p>\n\n\n\n<p class=\"wp-block-paragraph\">Su intervenci\u00f3n tendr\u00e1 lugar este&nbsp; mediod\u00eda (21 de enero)y hay gran expectaci\u00f3n por ella. Tambi\u00e9n tiene peso especial el presidente franc\u00e9s<strong>&nbsp;Emmanuel Macron<\/strong>, ausente en 2025, en un momento marcado por la decisi\u00f3n de Washington de incluir a su pa\u00eds entre los ocho europeos a los que les impondr\u00e1 aranceles por participar en ejercicios militares en Groenlandia.<\/p>\n\n\n\n<p class=\"wp-block-paragraph\">Pero en Davos tambi\u00e9n resuenan las ausencias. El presidente del Gobierno de Espa\u00f1a, Pedro S\u00e1nchez, ha cancelado su participaci\u00f3n en el foro por el descarrilamiento de dos trenes en la provincia de C\u00f3rdoba, al igual que<strong>&nbsp;Dinamarca tampoco tendr\u00e1 representaci\u00f3n<\/strong>&nbsp;por cambios de planes en la agenda del ministro de Comercio e Industria Morten B\u00f8dskov.<\/p>\n\n\n\n<p class=\"wp-block-paragraph\">En cuanto a los perfiles femeninos,&nbsp;el programa contempla la presencia de mujeres en debates de alto nivel. Entre ellas est\u00e1n&nbsp;<strong>Christine Lagarde<\/strong>, presidenta del Banco Central Europeo;&nbsp;<strong>Kristalina Georgieva<\/strong>, directora del Fondo Monetario Internacional;&nbsp;<strong>Nadia Calvi\u00f1o<\/strong>, presidenta del Banco Europeo de Inversiones; o<strong>&nbsp;Ana Bot\u00edn<\/strong>, presidenta del Banco Santander.<\/p>\n\n\n\n<p class=\"wp-block-paragraph\">Todas ellas participan en debates estrat\u00e9gicos sobre econom\u00eda global, innovaci\u00f3n y finanzas retransmitidos en directo y seguidos atentamente por la prensa internacional.&nbsp;<strong>Su presencia, sin embargo, no se traduce en una prioridad tem\u00e1tica clara<\/strong>. La igualdad de g\u00e9nero no atraviesa el conjunto de la agenda ni estructura los grandes debates del foro.<\/p>\n\n\n\n<p class=\"wp-block-paragraph\"><strong>Qu\u00e9 preocupa en Davos<\/strong><\/p>\n\n\n\n<p class=\"wp-block-paragraph\">Las \u00fanicas tres sesiones que colocan expl\u00edcitamente a las mujeres en el centro de la agenda lo hacen desde enfoques muy concretos \u2014finanzas, mercado laboral y salud\u2014, y todas parten de la premisa de que la desigualdad no es solo una cuesti\u00f3n social, sino tambi\u00e9n econ\u00f3mica.<\/p>\n\n\n\n<p class=\"wp-block-paragraph\">La primera, &#8216;<strong>Women at the Finance Frontier&#8217;<\/strong>, ayer puso el foco en el dinero y en el poder de decisi\u00f3n. El punto de partida es un dato que ya manejan los grandes actores financieros: impulsadas por cambios demogr\u00e1ficos, sociales y legales, se proyecta que las mujeres podr\u00edan controlar&nbsp;<strong>casi el 40% de la riqueza invertible mundial en 2030.<\/strong><\/p>\n\n\n\n<p class=\"wp-block-paragraph\">Una transferencia de capital sin precedentes que tiene<strong>&nbsp;capacidad para transformar los mercados globales.<\/strong>&nbsp;El debate gira en torno a una pregunta clave: c\u00f3mo convertir la titularidad de esa riqueza en&nbsp;<strong>capacidad real de decisi\u00f3n<\/strong>, y qu\u00e9 oportunidades de innovaci\u00f3n y crecimiento econ\u00f3mico pueden surgir si ese poder financiero se traduce en influencia.<\/p>\n\n\n\n<p class=\"wp-block-paragraph\">La segunda mesa, &#8216;<strong>Breakthroughs in Women\u2019s Health<\/strong>&#8216;, prevista para hoy mi\u00e9rcoles&nbsp; 21, se adentra en lo que \u00aba menudo se percibe como un problema de nicho\u00bb, lamenta el Foro. Esta&nbsp;parte de un dato contundente: la brecha en salud de las mujeres afecta a&nbsp;<strong>3.900 millones de vidas&nbsp;<\/strong>en todo el mundo y ha sido hist\u00f3ricamente tratada como un asunto marginal.<\/p>\n\n\n\n<p class=\"wp-block-paragraph\">La mesa analiza desde soluciones emergentes para reducir la mortalidad materna hasta anticonceptivos de nueva generaci\u00f3n y el uso de IA para detectar y monitorizar con mayor precisi\u00f3n enfermedades como el c\u00e1ncer de cuello uterino.<\/p>\n\n\n\n<p class=\"wp-block-paragraph\">El enfoque de esta sesi\u00f3n, en la que participar\u00e1 Nadia Calvi\u00f1o, es claro:&nbsp;<strong>cerrar esta brecha no solo mejora la salud de las mujeres, sino que tiene efectos directos sobre las generaciones futuras&nbsp;<\/strong>y los sistemas econ\u00f3micos.<\/p>\n\n\n\n<p class=\"wp-block-paragraph\">La tercera, &#8216;<strong>Is Everyone Falling Behind?&#8217;<\/strong>, tambi\u00e9n programada para el mi\u00e9rcoles, ampl\u00eda el foco y aborda lo que el FEM describe como una \u00abcrisis dual\u00bb. Por un lado, el aumento de las brechas educativas y de salud mental entre los hombres; por otro, la persistencia de barreras estructurales para las mujeres en el mercado laboral.<\/p>\n\n\n\n<p class=\"wp-block-paragraph\">La sesi\u00f3n plantea un diagn\u00f3stico inc\u00f3modo: las desigualdades no avanzan de forma aislada y est\u00e1n erosionando las oportunidades econ\u00f3micas para todos. El objetivo del debate es explorar c\u00f3mo reconstruir un relato compartido de progreso que reconozca las dificultades de ambos \u00absin caer en una l\u00f3gica de suma cero\u00bb, indica el programa.<\/p>\n\n\n\n<p class=\"wp-block-paragraph\">Tres mesas, tres diagn\u00f3sticos y un hilo com\u00fan: la igualdad aparece en Davos como un \u00e1mbito espec\u00edfico de debate, con datos y propuestas concretas, pero&nbsp;su protagonismo, m\u00e1s all\u00e1 de que pueda permear el resto de conversaciones, es limitado.&nbsp;Es la paradoja del foro: cuando se habla de g\u00e9nero, se habla en serio; el problema es lo poco que se habla de \u00e9l.<\/p>\n\n\n\n<p class=\"wp-block-paragraph\">*Enivada desde Espa\u00f1a, con mirada feminista.<\/p>\n","protected":false},"excerpt":{"rendered":"<p>Ursula von der Leyen, presidenta de la Comisi\u00f3n Europea, interviene en la 56\u00aa edici\u00f3n del Foro Econ\u00f3mico Mundial (FEM) en Suiza.\u00a0EFE\/EPA\/GIAN EHRENZELLER Ausencia de la igualdad de g\u00e9nero, no tanto en participaci\u00f3n solamente,&nbsp; sino en la r tem\u00e1tica, de las 191 sesiones &nbsp;solo tres abordan directamente problemas que afectan a las mujeres.&nbsp; S\u00f3lo salud, finanzas [&hellip;]<\/p>\n","protected":false},"author":3,"featured_media":102137,"comment_status":"open","ping_status":"open","sticky":false,"template":"","format":"standard","meta":{"_monsterinsights_skip_tracking":false,"footnotes":""},"categories":[27,702],"tags":[],"class_list":["post-102136","post","type-post","status-publish","format-standard","has-post-thumbnail","category-cobertura-especial","category-economia"],"_links":{"self":[{"href":"https:\/\/redsemlac.com\/semmexico\/wp-json\/wp\/v2\/posts\/102136","targetHints":{"allow":["GET"]}}],"collection":[{"href":"https:\/\/redsemlac.com\/semmexico\/wp-json\/wp\/v2\/posts"}],"about":[{"href":"https:\/\/redsemlac.com\/semmexico\/wp-json\/wp\/v2\/types\/post"}],"author":[{"embeddable":true,"href":"https:\/\/redsemlac.com\/semmexico\/wp-json\/wp\/v2\/users\/3"}],"replies":[{"embeddable":true,"href":"https:\/\/redsemlac.com\/semmexico\/wp-json\/wp\/v2\/comments?post=102136"}],"version-history":[{"count":0,"href":"https:\/\/redsemlac.com\/semmexico\/wp-json\/wp\/v2\/posts\/102136\/revisions"}],"wp:featuredmedia":[{"embeddable":true,"href":"https:\/\/redsemlac.com\/semmexico\/wp-json\/wp\/v2\/media\/102137"}],"wp:attachment":[{"href":"https:\/\/redsemlac.com\/semmexico\/wp-json\/wp\/v2\/media?parent=102136"}],"wp:term":[{"taxonomy":"category","embeddable":true,"href":"https:\/\/redsemlac.com\/semmexico\/wp-json\/wp\/v2\/categories?post=102136"},{"taxonomy":"post_tag","embeddable":true,"href":"https:\/\/redsemlac.com\/semmexico\/wp-json\/wp\/v2\/tags?post=102136"}],"curies":[{"name":"wp","href":"https:\/\/api.w.org\/{rel}","templated":true}]}}