{"id":102132,"date":"2026-01-21T11:39:17","date_gmt":"2026-01-21T17:39:17","guid":{"rendered":"https:\/\/redsemlac.com\/semmexico\/?p=102132"},"modified":"2026-01-21T11:39:18","modified_gmt":"2026-01-21T17:39:18","slug":"bellas-y-airosas-una-compositora-mexicana-alicia-urreta","status":"publish","type":"post","link":"https:\/\/redsemlac.com\/semmexico\/bellas-y-airosas-una-compositora-mexicana-alicia-urreta\/","title":{"rendered":"Bellas y airosas | Una compositora mexicana: Alicia Urreta\u00a0"},"content":{"rendered":"\n<p class=\"wp-block-paragraph\">Elvira Hern\u00e1ndez Carballido<\/p>\n\n\n\n<p class=\"wp-block-paragraph\">SemM\u00e9xico, Pachuca, Hidalgo, 21 de enero, 2026.- \u201cSe dec\u00eda autodidacta, la composici\u00f3n fue para ella un campo que aprendi\u00f3 sola\u201d, asegur\u00f3 Pilar L\u00f3pez Urreta en uno de los tantos homenajes brindados a su madre.&nbsp;<\/p>\n\n\n\n<p class=\"wp-block-paragraph\">El 15 de enero fue el d\u00eda de los compositores y la fecha es un hermoso pretexto para recuperar a Alicia Urreta Arroyo, Nacida en Veracruz, el 12 de octubre de 1930, y quien al cumplir los cinco a\u00f1os emigr\u00f3 con su familia a la ciudad de M\u00e9xico. Sincera, nunca habl\u00f3 de un destino o una vocaci\u00f3n iluminada, confi\u00f3 que a los 12 a\u00f1os empez\u00f3 a tomar clases de piano por la simple y sencilla raz\u00f3n de que en la casa hab\u00eda un piano.<\/p>\n\n\n\n<p class=\"wp-block-paragraph\">Descrita como una mujer alegre, decidida, severa, cari\u00f1osa y entusiasta, al empezar la d\u00e9cada de los cincuenta se inscribi\u00f3 al Conservatorio Nacional de M\u00fasica y entre sus profesores destacaron como Rodolfo Halfffter, Joaqu\u00edn Ampar\u00e1n y Alicia de Larrocha. De su mano fue descubriendo la pasi\u00f3n por el piano, la armon\u00eda y la m\u00fasica de c\u00e1mara. Fue una estudiante destacada ya que a los veinte a\u00f1os recibi\u00f3 el premio de piano que otorgaba el Conservatorio y poco despu\u00e9s gan\u00f3 el primer lugar en el <em>Concurso Johann Sebastian Bach.&nbsp; <\/em>Reci\u00e9n egresada concurs\u00f3 por la plaza de pianista en la Orquesta Sinf\u00f3nica Nacional.&nbsp;<\/p>\n\n\n\n<p class=\"wp-block-paragraph\">La d\u00e9cada de los sesenta fue muy significativa para ella ya que ingres\u00f3 a Schola Cantorum de Par\u00eds y entre sus maestros cont\u00f3 con el apoyo de Jean Etienne Marie en composici\u00f3n. En 1967 recibi\u00f3 otro reconocimiento al ganar el Premio a la mejor m\u00fasica original en el II Concurso Nacional de Cine Experimental.&nbsp;<\/p>\n\n\n\n<p class=\"wp-block-paragraph\">Fue coordinadora General de la Compa\u00f1\u00eda Nacional de \u00d3pera del INBA (1973 -1976) y directora de Actividades Musicales de la UNAM (1985). Si bien la gesti\u00f3n y los nombramientos formaron parte de su carrera, la composici\u00f3n musical fue su prioridad. En el homenaje organizado por la Casa del Lago, 2021, su hija Pilar e invitados coincidieron en destacar los siguientes aspectos de la gran compositora mexicana:<\/p>\n\n\n\n<ul class=\"wp-block-list\">\n<li>Fue no s\u00f3lo una gran pianista y compositora de ensambles, sino que experiment\u00f3 con novedades tecnol\u00f3gicas como la m\u00fasica electroac\u00fastica.<\/li>\n\n\n\n<li>Se involucr\u00f3 intensamente en el uso de distintas disciplinas art\u00edsticas.<\/li>\n\n\n\n<li>Pose\u00eda una gran curiosidad ac\u00fastica.<\/li>\n\n\n\n<li>Fue una profesora generosa al promover a los j\u00f3venes valores, sin reparo daba a conocer las composiciones de los muchachos.\u00a0\u00a0<\/li>\n\n\n\n<li>Sin lugar a dudas se trat\u00f3 de una mujer con una creatividad desbordante.<\/li>\n<\/ul>\n\n\n\n<p class=\"wp-block-paragraph\">Urreta se\u00f1alaba que fue en 1972 cuando cre\u00f3 su primera obra de cat\u00e1logo y a partir de entonces no detuvo su producci\u00f3n musical, que en este siglo XXI es muy valorada por especialistas en el tema. Una experta en su trabajo, Irasema de Andrade, se\u00f1al\u00f3:&nbsp;<\/p>\n\n\n\n<p class=\"wp-block-paragraph\">Alicia entendi\u00f3 el devenir musical como fen\u00f3meno vinculado al movimiento de los cuerpos y de las im\u00e1genes \u2014reminiscencia de su ejercicio profesional interdisciplinar\u2014 y, en \u00faltima instancia, a los desplazamientos de masas de sonidos y sus transformaciones espectrales en el despliegue espacio temporal de sus composiciones. En su pr\u00e1ctica encontramos muchas veces que la centralidad de la obra musical es desplazada para privilegiar la acci\u00f3n esc\u00e9nica. Alicia convierte el evento esc\u00e9nico sonoro, en sus varias dimensiones, en la obra musical misma, de manera que su sentido se desdobla de manera concomitante al acto perform\u00e1tico. Estos son algunos de los aspectos que hacen que su legado sea \u00fanico e irrepetible dentro de la producci\u00f3n vanguardista de la m\u00fasica de concierto en M\u00e9xico.<\/p>\n\n\n\n<p class=\"wp-block-paragraph\">De acuerdo con el <em>Diccionario Enciclop\u00e9dico de M\u00fasica en M\u00e9xico<\/em> en su repertorio musical pueden encontrarse en la obra de Urreta solos, d\u00faos, tr\u00edos, cuartetos, otros conjuntos de c\u00e1mara, obra para orquesta de cuerdas, obra sinf\u00f3nica, obra para solista y orquesta, obra vocal-instrumental, \u00f3peras, m\u00fasica para ballet, m\u00fasica electr\u00f3nica y electroac\u00fastica, y, para el inter\u00e9s de este trabajo, obra teatral-musical.<\/p>\n\n\n\n<p class=\"wp-block-paragraph\">Su producci\u00f3n para teatro ser\u00e1 detallada en el siguiente apartado, pero antes de pasar a esa revisi\u00f3n, nada mejor que cerrar este espacio con la voz de Alicia Urreta cuando hizo referencia a su proceso creativo.&nbsp;<\/p>\n\n\n\n<p class=\"wp-block-paragraph\">De la palabra, el tiempo y el poeta son tres intentos originados por la lectura \u00e1vida de los textos de Octavio Paz. Tom\u00e9 bajo tu clara sombra \u201cPaisaje inmemorial\u201d y \u201cLibertad bajo palabra\u201d un fragmento y escrib\u00ed la m\u00fasica que ellos provocaron en mi o\u00eddo interior. Cada intento posee una verdad, la de la poes\u00eda que le ha dado vida y por eso estos tres seres po\u00e9ticos, temporalmente musicales, conviven en cualquier orden. Si los hados deciden que ellos permanezcan en la futura memoria de la m\u00fasica, es seguro que tambi\u00e9n determinar\u00e1n su disposici\u00f3n final. La riqueza de las im\u00e1genes sonoras provocadas por las palabras de Paz revolucionaria, subvertida de mi orden y caos, ha sido necesario o\u00edr dentro e internamente esclarecer, limitar y administrar con prudencia escrupulosa el material sonoro y tambi\u00e9n afilar agudamente la herramienta, buscar con cuidado amoroso cu\u00e1l es el sonido que sigue, la inflexi\u00f3n exacta, la \u00fanica, la que permita que la m\u00fasica se acerque so\u00f1ando que esta fuera posible a la verdad.<\/p>\n\n\n\n<p class=\"wp-block-paragraph\">Explorar de manera general el trabajo creativo de Alicia Urreta permite confirmar la presencia de una figura talentosa que comparti\u00f3 con armon\u00eda y generosidad cada una de sus piezas musicales que exploraron todos los mundos posibles de la m\u00fasica, desde d\u00faos y \u00f3peras, desde m\u00fasica incidental para teatro hasta comedias musicales. Bien han se\u00f1alado los expertos en el tema que tres elementos caracterizaron a su obra:&nbsp;<\/p>\n\n\n\n<ul class=\"wp-block-list\">\n<li>Una sinceridad y fuerza creadoras que hacen que la elaboraci\u00f3n de su m\u00fasica.<\/li>\n\n\n\n<li>La peculiar traducci\u00f3n del universo inundado por mensajes de la percusi\u00f3n, de cuyos instrumentos extrae una paleta inagotable.<\/li>\n\n\n\n<li>Una singular imaginaci\u00f3n de la m\u00fasica en la que los par\u00e1metros de espacio y tiempo<\/li>\n<\/ul>\n\n\n\n<p class=\"wp-block-paragraph\">son especialmente magnificados.<\/p>\n\n\n\n<p class=\"wp-block-paragraph\">Recuperar sus bellas inspiraciones para llenar a las obras de teatro de la m\u00fasica, representa la maravillosa oportunidad de reafirmar que para las mujeres no hay espacios art\u00edsticos cerrados, basta el talento y la necedad, el amor por s\u00ed misma y la certeza de que nada es imposible, Alicia Urreta, alquimista musical, dio al teatro m\u00fasica eterna y comparti\u00f3 la m\u00fasica para disfrutar con m\u00e1s amor el teatro.<\/p>\n","protected":false},"excerpt":{"rendered":"<p>Elvira Hern\u00e1ndez Carballido SemM\u00e9xico, Pachuca, Hidalgo, 21 de enero, 2026.- \u201cSe dec\u00eda autodidacta, la composici\u00f3n fue para ella un campo que aprendi\u00f3 sola\u201d, asegur\u00f3 Pilar L\u00f3pez Urreta en uno de los tantos homenajes brindados a su madre.&nbsp; El 15 de enero fue el d\u00eda de los compositores y la fecha es un hermoso pretexto para [&hellip;]<\/p>\n","protected":false},"author":3,"featured_media":70197,"comment_status":"open","ping_status":"open","sticky":false,"template":"","format":"standard","meta":{"_monsterinsights_skip_tracking":false,"footnotes":""},"categories":[202,35],"tags":[],"class_list":["post-102132","post","type-post","status-publish","format-standard","has-post-thumbnail","category-elvira-hernandez-carballido","category-opinion"],"_links":{"self":[{"href":"https:\/\/redsemlac.com\/semmexico\/wp-json\/wp\/v2\/posts\/102132","targetHints":{"allow":["GET"]}}],"collection":[{"href":"https:\/\/redsemlac.com\/semmexico\/wp-json\/wp\/v2\/posts"}],"about":[{"href":"https:\/\/redsemlac.com\/semmexico\/wp-json\/wp\/v2\/types\/post"}],"author":[{"embeddable":true,"href":"https:\/\/redsemlac.com\/semmexico\/wp-json\/wp\/v2\/users\/3"}],"replies":[{"embeddable":true,"href":"https:\/\/redsemlac.com\/semmexico\/wp-json\/wp\/v2\/comments?post=102132"}],"version-history":[{"count":0,"href":"https:\/\/redsemlac.com\/semmexico\/wp-json\/wp\/v2\/posts\/102132\/revisions"}],"wp:featuredmedia":[{"embeddable":true,"href":"https:\/\/redsemlac.com\/semmexico\/wp-json\/wp\/v2\/media\/70197"}],"wp:attachment":[{"href":"https:\/\/redsemlac.com\/semmexico\/wp-json\/wp\/v2\/media?parent=102132"}],"wp:term":[{"taxonomy":"category","embeddable":true,"href":"https:\/\/redsemlac.com\/semmexico\/wp-json\/wp\/v2\/categories?post=102132"},{"taxonomy":"post_tag","embeddable":true,"href":"https:\/\/redsemlac.com\/semmexico\/wp-json\/wp\/v2\/tags?post=102132"}],"curies":[{"name":"wp","href":"https:\/\/api.w.org\/{rel}","templated":true}]}}