{"id":102098,"date":"2026-01-21T10:57:07","date_gmt":"2026-01-21T16:57:07","guid":{"rendered":"https:\/\/redsemlac.com\/semmexico\/?p=102098"},"modified":"2026-01-21T11:01:51","modified_gmt":"2026-01-21T17:01:51","slug":"entregan-reconocimiento-mujeres-forjadoras-por-una-vida-libre-de-violencia-y-digna","status":"publish","type":"post","link":"https:\/\/redsemlac.com\/semmexico\/entregan-reconocimiento-mujeres-forjadoras-por-una-vida-libre-de-violencia-y-digna\/","title":{"rendered":"Entregan reconocimiento Mujeres Forjadoras por una Vida Libre de Violencia y Digna"},"content":{"rendered":"\n<p class=\"wp-block-paragraph\">Los diplomas reconocen&nbsp; trayectorias en altruismo, cultura, econom\u00eda, educaci\u00f3n y trabajo comunitario en Ciudad Ju\u00e1rez.<\/p>\n\n\n\n<p class=\"wp-block-paragraph\">Redacci\u00f3n&nbsp;<\/p>\n\n\n\n<p class=\"wp-block-paragraph\">SemM\u00e9xico, Ciudad Ju\u00e1rez, Chihuahua, 21 de enero, 2026.-&nbsp; En el desarrollo de la sesi\u00f3n de la Comisi\u00f3n Edilicia de la Mujer y Equidad de G\u00e9nero, regidoras del Ayuntamiento entregaron el reconocimiento<em> Mujeres Forjadoras por una Vida Libre de Violencia y Digna<\/em>,&nbsp; dirigida a visibilizar aportaciones de mujeres que inciden en la construcci\u00f3n de entornos m\u00e1s justos y seguros en la ciudad.<\/p>\n\n\n\n<p class=\"wp-block-paragraph\">La entrega fue encabezada por la regidora y coordinadora de la comisi\u00f3n, Martha Patricia Mendoza Rodr\u00edguez, junto con las regidoras Gloria Roc\u00edo Mirazo de la Roza y Sandra Marbel Valenzuela Mart\u00ednez. El galard\u00f3n distingue acciones sostenidas en \u00e1mbitos como el altruismo, la econom\u00eda, lo social, lo cultural, la educaci\u00f3n y las artes, entre otros.<\/p>\n\n\n\n<p class=\"wp-block-paragraph\">En esta ocasi\u00f3n&nbsp; fueron reconocidas&nbsp; 6 mujeres: Vianey Moreno Balbuena, Martha Patricia Barraza de Anda, Lina Olivia Portillo Araiza, \u00c1ngela Guadalupe Hatcher L\u00f3pez, Elpidia Garc\u00eda Delgado y Yerald\u00edn Camacho Acosta, por trayectorias con impacto comunitario y enfoque de derechos.<\/p>\n\n\n\n<p class=\"wp-block-paragraph\">Vianey Moreno Balbuena fue destacada por su labor al frente de la asociaci\u00f3n civil Huellas de Amor, Ciudad Ju\u00e1rez AC, iniciativa que surgi\u00f3 hace una d\u00e9cada y que hoy brinda atenci\u00f3n integral a ni\u00f1as, ni\u00f1os, adolescentes y personas adultas. Su trabajo abarca desde alimentaci\u00f3n hasta gesti\u00f3n de identidad, acceso a salud y continuidad educativa.<\/p>\n\n\n\n<p class=\"wp-block-paragraph\">Lina Olivia Portillo Araiza, licenciada en Trabajo Social, acumula m\u00e1s de cinco d\u00e9cadas de servicio orientado a la poblaci\u00f3n adulta mayor. Con una trayectoria institucional en el IMSS y la fundaci\u00f3n del Club de la Tercera Edad \u00c9poca de Oro, ha impulsado pol\u00edticas y programas de cuidado y defensa de derechos para personas mayores.<\/p>\n\n\n\n<p class=\"wp-block-paragraph\">\u00c1ngela Guadalupe Hatcher L\u00f3pez fue reconocida por su liderazgo comunitario en el fraccionamiento Real del Desierto, donde gestion\u00f3 servicios b\u00e1sicos y promovi\u00f3 la organizaci\u00f3n vecinal. En 2023 fund\u00f3 la asociaci\u00f3n civil Frente Hatcher para atender necesidades alimentarias, educativas y de documentaci\u00f3n en zonas vulnerables.<\/p>\n\n\n\n<p class=\"wp-block-paragraph\">En el \u00e1mbito cultural, Elpidia Garc\u00eda Delgado recibi\u00f3 el reconocimiento por su trabajo como narradora y gestora cultural, as\u00ed como por la impartici\u00f3n de talleres de escritura con enfoque comunitario. Su trayectoria ha sido respaldada por becas y premios nacionales y su integraci\u00f3n al Sistema Nacional de Creadores de Arte.<\/p>\n\n\n\n<p class=\"wp-block-paragraph\">Yerald\u00edn Camacho Acosta fue distinguida por una carrera de m\u00e1s de 30 a\u00f1os en publicidad y comunicaci\u00f3n, con liderazgo en agencias, radio y asociaciones del sector, fortaleciendo la identidad cultural fronteriza y los v\u00ednculos institucionales del gremio.<\/p>\n\n\n\n<p class=\"wp-block-paragraph\">Finalmente, Martha Patricia Barraza de Anda fue reconocida por su aportaci\u00f3n acad\u00e9mica y de pol\u00edtica p\u00fablica. Economista e investigadora de la UACJ, destaca por su trabajo en econom\u00eda fronteriza y perspectiva de g\u00e9nero, as\u00ed como por su papel como primera directora del Instituto Municipal de la Mujer Juarense, desde donde impuls\u00f3 programas culturales y de acceso a la lectura en contextos de exclusi\u00f3n.<\/p>\n\n\n\n<p class=\"wp-block-paragraph\"><\/p>\n","protected":false},"excerpt":{"rendered":"<p>Los diplomas reconocen&nbsp; trayectorias en altruismo, cultura, econom\u00eda, educaci\u00f3n y trabajo comunitario en Ciudad Ju\u00e1rez. Redacci\u00f3n&nbsp; SemM\u00e9xico, Ciudad Ju\u00e1rez, Chihuahua, 21 de enero, 2026.-&nbsp; En el desarrollo de la sesi\u00f3n de la Comisi\u00f3n Edilicia de la Mujer y Equidad de G\u00e9nero, regidoras del Ayuntamiento entregaron el reconocimiento Mujeres Forjadoras por una Vida Libre de Violencia [&hellip;]<\/p>\n","protected":false},"author":3,"featured_media":102107,"comment_status":"open","ping_status":"open","sticky":false,"template":"","format":"standard","meta":{"_monsterinsights_skip_tracking":false,"footnotes":""},"categories":[700],"tags":[],"class_list":["post-102098","post","type-post","status-publish","format-standard","has-post-thumbnail","category-estados"],"_links":{"self":[{"href":"https:\/\/redsemlac.com\/semmexico\/wp-json\/wp\/v2\/posts\/102098","targetHints":{"allow":["GET"]}}],"collection":[{"href":"https:\/\/redsemlac.com\/semmexico\/wp-json\/wp\/v2\/posts"}],"about":[{"href":"https:\/\/redsemlac.com\/semmexico\/wp-json\/wp\/v2\/types\/post"}],"author":[{"embeddable":true,"href":"https:\/\/redsemlac.com\/semmexico\/wp-json\/wp\/v2\/users\/3"}],"replies":[{"embeddable":true,"href":"https:\/\/redsemlac.com\/semmexico\/wp-json\/wp\/v2\/comments?post=102098"}],"version-history":[{"count":0,"href":"https:\/\/redsemlac.com\/semmexico\/wp-json\/wp\/v2\/posts\/102098\/revisions"}],"wp:featuredmedia":[{"embeddable":true,"href":"https:\/\/redsemlac.com\/semmexico\/wp-json\/wp\/v2\/media\/102107"}],"wp:attachment":[{"href":"https:\/\/redsemlac.com\/semmexico\/wp-json\/wp\/v2\/media?parent=102098"}],"wp:term":[{"taxonomy":"category","embeddable":true,"href":"https:\/\/redsemlac.com\/semmexico\/wp-json\/wp\/v2\/categories?post=102098"},{"taxonomy":"post_tag","embeddable":true,"href":"https:\/\/redsemlac.com\/semmexico\/wp-json\/wp\/v2\/tags?post=102098"}],"curies":[{"name":"wp","href":"https:\/\/api.w.org\/{rel}","templated":true}]}}