{"id":102089,"date":"2026-01-21T10:54:31","date_gmt":"2026-01-21T16:54:31","guid":{"rendered":"https:\/\/redsemlac.com\/semmexico\/?p=102089"},"modified":"2026-01-21T10:54:32","modified_gmt":"2026-01-21T16:54:32","slug":"la-concentracion-del-poder-de-trump-ha-puesto-en-crisis-los-derechos-humanos-amnistia-internacional","status":"publish","type":"post","link":"https:\/\/redsemlac.com\/semmexico\/la-concentracion-del-poder-de-trump-ha-puesto-en-crisis-los-derechos-humanos-amnistia-internacional\/","title":{"rendered":"La concentraci\u00f3n del poder de Trump ha puesto en crisis los derechos humanos: Amnist\u00eda Internacional\u00a0\u00a0"},"content":{"rendered":"\n<p class=\"wp-block-paragraph\">La pol\u00edtica de migraci\u00f3n una forma de control social (MPI)<\/p>\n\n\n\n<p class=\"wp-block-paragraph\">Prohibi\u00f3 la pol\u00edtica de g\u00e9nero y por el avance de las mujeres<\/p>\n\n\n\n<p class=\"wp-block-paragraph\">Elda Montiel&nbsp;<\/p>\n\n\n\n<p class=\"wp-block-paragraph\">SemM\u00e9xico, Cd. de M\u00e9xico, 21 de enero, 2026.- Amnist\u00eda Internacional USA, Human Rights Watch y la Alianza para la Diplomacia y Justicia coinciden en que el actual gobierno republicano de Donald Trump, a un a\u00f1o de haber iniciado, ha impulsado una concentraci\u00f3n de poder, evasi\u00f3n de la rendici\u00f3n de cuentas y la erosi\u00f3n del Estado de Derecho, por lo que existe una crisis de los Derechos Humanos marcada por \u201cel caos y la crueldad\u201d.<\/p>\n\n\n\n<p class=\"wp-block-paragraph\">Con la concentraci\u00f3n del poder, el gobierno republicano intenta dificultar que se les exijan responsabilidades, se\u00f1ala Amnist\u00eda Internacional USA.&nbsp;<\/p>\n\n\n\n<p class=\"wp-block-paragraph\">En este contexto las mujeres han resultado las m\u00e1s afectadas con la criminalizaci\u00f3n contra migrantes y refugiados, y pol\u00edticas que se han extendido a comunidades afroamericanas, personas LGBTIQ, mujeres y activistas.<\/p>\n\n\n\n<p class=\"wp-block-paragraph\">Jessica Stern, cofundadora de la Alianza para la Diplomacia y la Justicia, dijo \u201cque se han suspendido programas de ayuda a v\u00edctimas de violencia y discriminaci\u00f3n, y se ha convertido el racismo, la homofobia y el sexismo en pol\u00edtica exterior\u201d.&nbsp;<\/p>\n\n\n\n<p class=\"wp-block-paragraph\">Acus\u00f3 al Departamento de Estado de desmantelar infraestructura clave que permit\u00eda a Estados Unidos apoyar la democracia y los derechos humanos en el extranjero. Record\u00f3 que una orden ejecutiva del gobierno de Trump obligar\u00e1 a Estados Unidos a retirarse de 66 organizaciones internacionales o a congelar apoyos destinados a respuesta humanitaria, igualdad de g\u00e9nero, salud p\u00fablica y supervisi\u00f3n de tratados.<\/p>\n\n\n\n<p class=\"wp-block-paragraph\">Para Amanda Klasing&nbsp; directora de Relaciones Gubernamentales y Defensa en Amnist\u00eda Internacional USA, el segundo mandato del presidente Donald Trump ha sido un desastre en materia de derechos humanos, tanto en el pa\u00eds como en el extranjero.<\/p>\n\n\n\n<p class=\"wp-block-paragraph\">En Estados Unidos renacen acciones como control de la informaci\u00f3n, la desacreditaci\u00f3n y la criminalizaci\u00f3n de poblaciones marginadas, con las cuales se fomentan practicas autoritarias en todo el mundo.<\/p>\n\n\n\n<p class=\"wp-block-paragraph\">Subray\u00f3 que la administraci\u00f3n Trump ha desplegado operativos de detenci\u00f3n a gran escala y de estilo paramilitar, lo que podr\u00eda normalizar estas t\u00e1cticas contra otros sectores de la poblaci\u00f3n. \u201cLa aplicaci\u00f3n de la ley migratoria se ha transformado en un sistema que combina discrecionalidad, rapidez, miedo y deshumanizaci\u00f3n\u201d, explic\u00f3.<\/p>\n\n\n\n<p class=\"wp-block-paragraph\">Uzra Zeya, presidenta de Human Rights First, denunci\u00f3 una \u201cextralimitaci\u00f3n sin precedentes\u201d en 2025 contra personas migrantes y refugiadas, vinculada a ataques a las protecciones constitucionales.<\/p>\n\n\n\n<p class=\"wp-block-paragraph\">Detall\u00f3 que la aprobaci\u00f3n de la Ley H.R.1 inyect\u00f3 170 mil millones de d\u00f3lares al Departamento de Seguridad Nacional, lo que implic\u00f3 un aumento anual del 265 % en el presupuesto de detenci\u00f3n del ICE, hoy 62 % mayor que el presupuesto total del Sistema Penitenciario Federal.<\/p>\n\n\n\n<p class=\"wp-block-paragraph\">El ICE mantiene detenidas a alrededor de 70 mil personas, la mayor cifra en su historia, y&nbsp; 2025 fue el a\u00f1o m\u00e1s mort\u00edfero para personas bajo custodia migratoria, con 35 muertes, debido a la omisi\u00f3n del debido proceso.<\/p>\n\n\n\n<p class=\"wp-block-paragraph\">Desde Human Rights Watch, Nicole Wittersheim calific\u00f3 como \u201ccruel\u201d la pol\u00edtica de enviar migrantes a terceros pa\u00edses, al denunciar casos como el de venezolanos enviados a una prisi\u00f3n de m\u00e1xima seguridad en El Salvador, pese a reportes de abusos.<\/p>\n\n\n\n<p class=\"wp-block-paragraph\">Preciso: \u201cEstados Unidos est\u00e1 llevando a cabo desapariciones forzadas y violando la Convenci\u00f3n contra la Tortura al enviar personas a lugares donde existe riesgo documentado de tortura\u201d.&nbsp;<\/p>\n\n\n\n<p class=\"wp-block-paragraph\">En 2025 el gobierno estadounidense pag\u00f3 a pa\u00edses como Ruanda, Uganda, Costa Rica, Panam\u00e1 y Guinea Ecuatorial para recibir deportados, incluidos ciudadanos mexicanos, en el marco de acuerdos bilaterales.<\/p>\n\n\n\n<p class=\"wp-block-paragraph\">\u201cSe han recortado fondos para documentar violaciones de derechos humanos y cr\u00edmenes de guerra, as\u00ed como para brindar asistencia jur\u00eddica a v\u00edctimas\u201d, concluy\u00f3.<\/p>\n\n\n\n<p class=\"wp-block-paragraph\">Las organizaciones coincidieron en que, pese a la magnitud de los cambios impulsados por la administraci\u00f3n Trump, el balance del primer a\u00f1o de su segundo mandato es alarmante, y advirtieron que el impacto de estas pol\u00edticas podr\u00eda extenderse m\u00e1s all\u00e1 de las fronteras de Estados Unidos.<\/p>\n\n\n\n<p class=\"wp-block-paragraph\"><strong>Retiro de Estados Unidos de 66 organismos internacionales<\/strong><\/p>\n\n\n\n<p class=\"wp-block-paragraph\">El pasado 7 de enero cuando el presidente Donald Trump anunci\u00f3 el retiro de Estados Unidos de 66 organismos, convenios y tratados internacionales, Amnist\u00eda Internacional advirti\u00f3 que era un golpe directo al sistema multilateral y la protecci\u00f3n global de los derechos humanos.<\/p>\n\n\n\n<p class=\"wp-block-paragraph\">Erika Guevara Rosas, directora general de Investigaci\u00f3n, Incidencia, Pol\u00edtica y Campa\u00f1as de AI, lo calific\u00f3 como un desprecio hacia el derecho internacional y los compromisos globales en \u00e1mbitos como el desarrollo, la igualdad de g\u00e9nero, la protecci\u00f3n de la infancia y la lucha contra la crisis clim\u00e1tica.&nbsp;<\/p>\n\n\n\n<p class=\"wp-block-paragraph\">En particular la retirada del Fondo de Poblaci\u00f3n de las Naciones Unidas (UNFPA), al que calific\u00f3 de \u201cvital en la lucha contra la violencia de g\u00e9nero y la defensa de millones de mujeres en todo el mundo\u201d.<\/p>\n\n\n\n<p class=\"wp-block-paragraph\">Estados Unidos ya se hab\u00eda retirado de la Organizaci\u00f3n Mundial de la Salud, el Consejo de Derechos Humanos de la ONU, as\u00ed como del Acuerdo de Par\u00eds sobre cambio clim\u00e1tico 2025.<\/p>\n\n\n\n<p class=\"wp-block-paragraph\"><strong>La pol\u00edtica migratoria una forma de control social<\/strong><\/p>\n\n\n\n<p class=\"wp-block-paragraph\">Durante el primer a\u00f1o de Trump, el Servicio de Inmigraci\u00f3n y Control de Aduanas (ICE) arrest\u00f3 a cerca de 595.000 personas, con un promedio de 1.200 detenciones diarias. Al mismo tiempo, la poblaci\u00f3n detenida en centros de ICE casi se duplic\u00f3, pasando de 39.000 a cerca de 70.000 personas privadas de libertad migratoria.<\/p>\n\n\n\n<p class=\"wp-block-paragraph\">De acuerdo al Informe del Instituto de Pol\u00edtica Migratoria (MPI), titulado \u201cDesatando el poder en nuevas formas : Inmigraci\u00f3n en el primer a\u00f1o de Trump 2.0\u201d, destaca que solo el 26 % de las personas bajo custodia de ICE tiene una condena criminal, lo que desmonta la narrativa reiterada desde la Casa Blanca de que las deportaciones se enfocan en \u201clo peor de lo peor\u201d.&nbsp;<\/p>\n\n\n\n<p class=\"wp-block-paragraph\">La realidad es otra: la pol\u00edtica migratoria actual est\u00e1 impactando mayoritariamente a personas sin antecedentes penales, trabajadores, padres y madres de familia, muchos con a\u00f1os \u2014incluso d\u00e9cadas\u2014 de residencia en Estados Unidos.,<\/p>\n\n\n\n<p class=\"wp-block-paragraph\">Advierte que la eliminaci\u00f3n masiva del Estatus de Protecci\u00f3n Temporal (TPS) para 14 pa\u00edses generalizado ignorando contextos humanitarios, crisis pol\u00edticas o desastres naturales, signific\u00f3 para miles de familias pasar de un d\u00eda para otro de un estatus legal a la amenaza inmediata de deportaci\u00f3n.&nbsp;<\/p>\n\n\n\n<p class=\"wp-block-paragraph\">La pol\u00edtica afecta de manera desproporcionada a las mujeres migrantes, quienes quedan expuestas a condiciones inhumanas, separaciones familiares y violaciones sistem\u00e1ticas al debido proceso. La reapertura de centro de detenci\u00f3n familiar y el encierro de ni\u00f1as y ni\u00f1os, impacta a las madres, muchas de las cuales enfrentan la imposibilidad de acceder a atenci\u00f3n m\u00e9dica, legal o audiencias justas.<\/p>\n\n\n\n<p class=\"wp-block-paragraph\">El informe se\u00f1ala que los cambios migratorios de Trump se han enfocado en tres grandes \u00e1reas: eliminar protecciones migratorias concedidas en el Gobierno anterior, acelerar las deportaciones y elevar la cooperaci\u00f3n con las autoridades estatales y locales.<\/p>\n\n\n\n<p class=\"wp-block-paragraph\">El Gobierno federal tambi\u00e9n busca \u00abremociones expeditas\u00bb al negar audiencias en las cortes, donde MPI identific\u00f3 4 millones de casos pendientes de deportaciones, incluyendo unos 2,4 millones de peticiones de asilo.<\/p>\n\n\n\n<p class=\"wp-block-paragraph\">Adem\u00e1s, la Administraci\u00f3n ha casi multiplicado por 10 los acuerdos \u2018287(g)\u2019, que permiten a autoridades locales cooperar con ICE, por lo que ya hay alrededor de 8.500 agentes estatales y locales entrenados para participar en operaciones migratorias.<\/p>\n\n\n\n<p class=\"wp-block-paragraph\">La deportaci\u00f3n, en Trump 2.0, dej\u00f3 de ser una herramienta excepcional para convertirse en un mecanismo cotidiano de control social. (Con informaci\u00f3n de EFE).<\/p>\n","protected":false},"excerpt":{"rendered":"<p>La pol\u00edtica de migraci\u00f3n una forma de control social (MPI) Prohibi\u00f3 la pol\u00edtica de g\u00e9nero y por el avance de las mujeres Elda Montiel&nbsp; SemM\u00e9xico, Cd. de M\u00e9xico, 21 de enero, 2026.- Amnist\u00eda Internacional USA, Human Rights Watch y la Alianza para la Diplomacia y Justicia coinciden en que el actual gobierno republicano de Donald [&hellip;]<\/p>\n","protected":false},"author":3,"featured_media":102095,"comment_status":"open","ping_status":"open","sticky":false,"template":"","format":"standard","meta":{"_monsterinsights_skip_tracking":false,"footnotes":""},"categories":[694,48],"tags":[],"class_list":["post-102089","post","type-post","status-publish","format-standard","has-post-thumbnail","category-destacadas","category-no-mas-impunidad-no-mas-impunidad"],"_links":{"self":[{"href":"https:\/\/redsemlac.com\/semmexico\/wp-json\/wp\/v2\/posts\/102089","targetHints":{"allow":["GET"]}}],"collection":[{"href":"https:\/\/redsemlac.com\/semmexico\/wp-json\/wp\/v2\/posts"}],"about":[{"href":"https:\/\/redsemlac.com\/semmexico\/wp-json\/wp\/v2\/types\/post"}],"author":[{"embeddable":true,"href":"https:\/\/redsemlac.com\/semmexico\/wp-json\/wp\/v2\/users\/3"}],"replies":[{"embeddable":true,"href":"https:\/\/redsemlac.com\/semmexico\/wp-json\/wp\/v2\/comments?post=102089"}],"version-history":[{"count":0,"href":"https:\/\/redsemlac.com\/semmexico\/wp-json\/wp\/v2\/posts\/102089\/revisions"}],"wp:featuredmedia":[{"embeddable":true,"href":"https:\/\/redsemlac.com\/semmexico\/wp-json\/wp\/v2\/media\/102095"}],"wp:attachment":[{"href":"https:\/\/redsemlac.com\/semmexico\/wp-json\/wp\/v2\/media?parent=102089"}],"wp:term":[{"taxonomy":"category","embeddable":true,"href":"https:\/\/redsemlac.com\/semmexico\/wp-json\/wp\/v2\/categories?post=102089"},{"taxonomy":"post_tag","embeddable":true,"href":"https:\/\/redsemlac.com\/semmexico\/wp-json\/wp\/v2\/tags?post=102089"}],"curies":[{"name":"wp","href":"https:\/\/api.w.org\/{rel}","templated":true}]}}