{"id":10208,"date":"2019-07-26T22:54:27","date_gmt":"2019-07-26T22:54:27","guid":{"rendered":"https:\/\/redsemlac.com\/semmexico\/?p=10208"},"modified":"2023-07-21T14:51:18","modified_gmt":"2023-07-21T19:51:18","slug":"michoacan-sera-sede-de-coloquio-internacional-en-favor-de-la-inclusion-femenina","status":"publish","type":"post","link":"https:\/\/redsemlac.com\/semmexico\/michoacan-sera-sede-de-coloquio-internacional-en-favor-de-la-inclusion-femenina\/","title":{"rendered":"Michoac\u00e1n ser\u00e1 sede de Coloquio Internacional en favor de la inclusi\u00f3n femenina"},"content":{"rendered":"\n<ul class=\"wp-block-list\"><li><strong>Con la\nparticipaci\u00f3n de mujeres de ocho pa\u00edses, se realizar\u00e1 Coloquio Internacional de\nMasoner\u00eda Femenina 2019<\/strong><\/li><\/ul>\n\n\n\n<p class=\"wp-block-paragraph\"><strong>Redacci\u00f3n<\/strong><\/p>\n\n\n\n<p class=\"wp-block-paragraph\">SemM\u00e9xico. Morelia, Michoac\u00e1n. &nbsp;26 de julio de 2019.- Con la finalidad de\nimpulsar la figura de la mujer en la soluci\u00f3n de los problemas que enfrentan\nlos pa\u00edses de Am\u00e9rica Latina, las integrantes de la Federaci\u00f3n Americana de\nMasoner\u00eda Femenina anunciaron la realizaci\u00f3n del 3er Coloquio Internacional\n2019 que tendr\u00e1 lugar en la capital michoacana.<\/p>\n\n\n\n<p class=\"wp-block-paragraph\">En rueda de prensa, Patricia Pogani, Presidenta de la\nFederaci\u00f3n, adelant\u00f3 que los temas que se pondr\u00e1n a la mesa durante este\ncoloquio ser\u00e1n la violencia de g\u00e9nero y la discriminaci\u00f3n.<\/p>\n\n\n\n<p class=\"wp-block-paragraph\">&nbsp;\u00abLo que queremos\nes llegar cada d\u00eda a m\u00e1s mujeres y hacerles saber c\u00f3mo podemos colaborar\nnosotras para llevar a la sociedad una soluci\u00f3n efectiva ante estos problemas\nque enfrentan pr\u00e1cticamente todos los pa\u00edses de Am\u00e9rica\u00bb, revel\u00f3. <\/p>\n\n\n\n<figure class=\"wp-block-image\"><img decoding=\"async\" src=\"https:\/\/redsemlac.com\/semmexico\/wp-content\/uploads\/2019\/07\/masonas-2-1024x682.jpg\" alt=\"\" class=\"wp-image-10209\"\/><\/figure>\n\n\n\n<p class=\"wp-block-paragraph\">Puntualiz\u00f3 que se trata no s\u00f3lo de que las mujeres trabajen\nen problemas que les afectan a ellas, sino de detectar e involucrarse en\nasuntos que tienen que ver con la sociedad en su conjunto, incluso de un\ntrabajo con j\u00f3venes. <\/p>\n\n\n\n<p class=\"wp-block-paragraph\">Por su parte, Mariela Rodr\u00edguez Ruiz, maestra de la Gran\nLogia Femenina de Argentina adelant\u00f3 que en este Coloquio que se llevar\u00e1 a cabo\nlos d\u00edas 26, 27 y 28 de julio, presentar\u00e1n un documento para que toda Am\u00e9rica\nescuche a las mujeres masonas.<\/p>\n\n\n\n<figure class=\"wp-block-image\"><img decoding=\"async\" src=\"https:\/\/redsemlac.com\/semmexico\/wp-content\/uploads\/2019\/07\/masonas-3-1024x682.jpg\" alt=\"\" class=\"wp-image-10210\"\/><\/figure>\n\n\n\n<p class=\"wp-block-paragraph\">&nbsp;\u201cQue sepan que vamos\nhacia un trato de respeto, tolerancia y equidad\u201d, apunt\u00f3. <\/p>\n\n\n\n<p class=\"wp-block-paragraph\">Finalmente, Carmen Mardones, representante de la Gran Logia\nFemenina de Chile, consider\u00f3 que es importante que cada mujer tom\u00e9 conciencia\nclara de la importancia de su rol en la sociedad.<\/p>\n\n\n\n<p class=\"wp-block-paragraph\">\u201cPreocuparnos por lo que sucede en la sociedad y saber que\npodemos hacer algo para llevar soluciones\u201d apunt\u00f3.<\/p>\n\n\n\n<p class=\"wp-block-paragraph\">Cabe mencionar que en este Coloquio participar\u00e1n mujeres de\nArgentina, Chile, Bolivia, Estados Unidos, Brasil, Venezuela, Per\u00fa y&nbsp; Panam\u00e1.<\/p>\n\n\n\n<p class=\"wp-block-paragraph\">SEM\/IL<\/p>\n","protected":false},"excerpt":{"rendered":"<p>Con la participaci\u00f3n de mujeres de ocho pa\u00edses, se realizar\u00e1 Coloquio Internacional de Masoner\u00eda Femenina 2019<\/p>\n","protected":false},"author":3,"featured_media":10211,"comment_status":"open","ping_status":"open","sticky":false,"template":"","format":"standard","meta":{"_monsterinsights_skip_tracking":false,"footnotes":""},"categories":[690,51],"tags":[],"class_list":["post-10208","post","type-post","status-publish","format-standard","has-post-thumbnail","category-690","category-ejecutivo"],"_links":{"self":[{"href":"https:\/\/redsemlac.com\/semmexico\/wp-json\/wp\/v2\/posts\/10208","targetHints":{"allow":["GET"]}}],"collection":[{"href":"https:\/\/redsemlac.com\/semmexico\/wp-json\/wp\/v2\/posts"}],"about":[{"href":"https:\/\/redsemlac.com\/semmexico\/wp-json\/wp\/v2\/types\/post"}],"author":[{"embeddable":true,"href":"https:\/\/redsemlac.com\/semmexico\/wp-json\/wp\/v2\/users\/3"}],"replies":[{"embeddable":true,"href":"https:\/\/redsemlac.com\/semmexico\/wp-json\/wp\/v2\/comments?post=10208"}],"version-history":[{"count":0,"href":"https:\/\/redsemlac.com\/semmexico\/wp-json\/wp\/v2\/posts\/10208\/revisions"}],"wp:featuredmedia":[{"embeddable":true,"href":"https:\/\/redsemlac.com\/semmexico\/wp-json\/wp\/v2\/media\/10211"}],"wp:attachment":[{"href":"https:\/\/redsemlac.com\/semmexico\/wp-json\/wp\/v2\/media?parent=10208"}],"wp:term":[{"taxonomy":"category","embeddable":true,"href":"https:\/\/redsemlac.com\/semmexico\/wp-json\/wp\/v2\/categories?post=10208"},{"taxonomy":"post_tag","embeddable":true,"href":"https:\/\/redsemlac.com\/semmexico\/wp-json\/wp\/v2\/tags?post=10208"}],"curies":[{"name":"wp","href":"https:\/\/api.w.org\/{rel}","templated":true}]}}