{"id":102051,"date":"2026-01-19T20:15:41","date_gmt":"2026-01-20T02:15:41","guid":{"rendered":"https:\/\/redsemlac.com\/semmexico\/?p=102051"},"modified":"2026-01-19T20:16:04","modified_gmt":"2026-01-20T02:16:04","slug":"la-opinion-sheinbaum-tomara-por-asalto-a-morena-rumbo-a-las-elecciones-intermedias","status":"publish","type":"post","link":"https:\/\/redsemlac.com\/semmexico\/la-opinion-sheinbaum-tomara-por-asalto-a-morena-rumbo-a-las-elecciones-intermedias\/","title":{"rendered":"La opini\u00f3n| Sheinbaum tomar\u00e1 por asalto a Morena rumbo a las elecciones intermedias"},"content":{"rendered":"\n<p class=\"wp-block-paragraph\">Miguel \u00c1ngel Romero Ram\u00edrez<\/p>\n\n\n\n<p class=\"wp-block-paragraph\">SemM\u00e9xico, Ciudad de M\u00e9xico, 19 de enero, 2026.- Si bien la incertidumbre es una constante en la pol\u00edtica, aminorar los riesgos es fundamental para la supervivencia. Bajo esa premisa, la presidenta Claudia Sheinbaum y su equipo cerrado saben que los pr\u00f3ximos 10 meses de trabajo son estrat\u00e9gicos, pues en dicho lapso se redefine -v\u00eda la selecci\u00f3n de candidatos a las 17 gubernaturas y el Congreso- el tablero sobre el cual se mover\u00e1 la segunda mitad de su sexenio.<\/p>\n\n\n\n<p class=\"wp-block-paragraph\">Las presiones ser\u00e1n brutales. A la influencia del expresidente y l\u00edder moral de la autodenominada Cuarta Transformaci\u00f3n, Andr\u00e9s Manuel L\u00f3pez Obrador (AMLO), se sumar\u00e1 el acoso de Washington, que en el escenario m\u00e1s conservador tendr\u00e1 poder de veto sobre personajes de Morena, pues bajo la figura de \u00abseguridad nacional\u00bb, el presidente Donald Trump insiste en ver a pol\u00edticos mexicanos tras las rejas en territorio estadounidense y no necesariamente haciendo campa\u00f1a.<\/p>\n\n\n\n<p class=\"wp-block-paragraph\">Ante este panorama, la pregunta sustantiva que se instala tanto dentro como fuera de Palacio Nacional es con qui\u00e9n o qui\u00e9nes podr\u00e1 la primera mujer presidenta de M\u00e9xico dise\u00f1ar la hoja de ruta para las elecciones intermedias de 2027. Y es que, a 15 meses de tomar protesta, para nadie es una novedad que las piezas m\u00e1s importantes del r\u00e9gimen le fueron heredadas por AMLO; todas operando como contrapeso interno y no como sus aliados.<\/p>\n\n\n\n<p class=\"wp-block-paragraph\">La mandataria, hasta ahora, ha dado peque\u00f1os visos rumbo a la edificaci\u00f3n de su propio liderazgo. La operaci\u00f3n que deriv\u00f3 en la salida de Gertz Manero de la fiscal\u00eda general de la Rep\u00fablica fue un mensaje potente en ese sentido. El coreografiado desgaste de Ad\u00e1n Augusto impulsado por los propagandistas del r\u00e9gimen incrustados en medios de comunicaci\u00f3n parece estar dando resultados.<\/p>\n\n\n\n<p class=\"wp-block-paragraph\">De acuerdo con diversas fuentes, su estrategia est\u00e1 orientada a centralizar la ingenier\u00eda electoral de 2027 en la Secretar\u00eda de Gobernaci\u00f3n (Segob), con un eventual relevo o enroque. La inquilina de Palacio Nacional se asume jefa del partido Morena y est\u00e1 lista para hacerlo valer ante una intrascendente dirigencia y los fracasos electorales inmediatos en donde el hijo del expresidente AMLO, Andy L\u00f3pez Beltr\u00e1n, es se\u00f1alado por los equipos como el principal culpable.<\/p>\n\n\n\n<p class=\"wp-block-paragraph\">Para dejar un legado hacia adelante, Claudia Sheinbaum necesita lealtad y pericia para la reingenier\u00eda del poder que significa el proceso electoral del 2027, dos recursos dif\u00edciles de encontrar en un mismo personaje dentro del \u00abmovimiento\u00bb. Marcelo Ebrard, por ejemplo, mantiene eficacia, aunque el riesgo de que construya una plataforma orientada a sus propias ambiciones rumbo a la presidencia en 2030 es elevado.<\/p>\n\n\n\n<p class=\"wp-block-paragraph\">Por otro lado, Rosa Icela Rodr\u00edguez, quien trabaja intensamente, acumula cr\u00edticas de sus propios correligionarios: advierten que no tiene experiencia pol\u00edtica-electoral para revisar perfiles y tampoco conoce los recovecos del pa\u00eds para elaborar un plan de acci\u00f3n ganador.<\/p>\n\n\n\n<p class=\"wp-block-paragraph\">A ella, tambi\u00e9n se suma Omar Garc\u00eda Harfuch, secretario de Seguridad, a quien el grupo de los \u00abduros\u00bb o radicales ven con recelo porque infieren que sus servicios son m\u00e1s \u00fatiles a Washington que a la propia estrategia de seguridad nacional. Y aunque es de las figuras m\u00e1s \u00fatiles y cercanas a la titular del Ejecutivo, sus detractores subrayan sus limitaciones e inexperiencia en las grandes ligas de la pol\u00edtica.<\/p>\n\n\n\n<p class=\"wp-block-paragraph\">Entre los nombres que se barajan como piezas clave para desembarcar en Segob y participar en el dise\u00f1o de la hoja de ruta que podr\u00eda dotarle, o no, margen de maniobra a la presidenta en la segunda parte de su sexenio, est\u00e1n tambi\u00e9n Alfonso Ram\u00edrez Cu\u00e9llar, Ricardo Monreal, L\u00e1zaro C\u00e1rdenas Batel y Alfonso Durazo.<\/p>\n\n\n\n<p class=\"wp-block-paragraph\">Del primero, qui\u00e9n fuera l\u00edder de El Barz\u00f3n, se puede decir que a pesar de que mantiene cercan\u00eda con la mandataria, su presencia y poder se diluyeron al m\u00ednimo al vivir a la sombra del jefe de los Diputados del r\u00e9gimen, Ricardo Monreal, quien en las \u00faltimas semanas y haciendo caso a su olfato pol\u00edtico ha ido modificando su discurso desafiante frente a Palacio Nacional, refiriendo incluso que su tiempo en la pol\u00edtica se agot\u00f3.<\/p>\n\n\n\n<p class=\"wp-block-paragraph\">Para quienes se mantienen cerca de los tomadores de decisi\u00f3n, la disputa real est\u00e1 entre L\u00e1zaro C\u00e1rdena Batel (a quien sus cercanos lo prefieren ver en el relevo de Petr\u00f3leos Mexicanos) y Alfonso Durazo. El principal desaf\u00edo del nieto del General C\u00e1rdenas del R\u00edo es que, como Rosa Icela, carece de experiencia y de contactos pol\u00edticos suficientes como para configurar la estrategia de cara a 2027.<\/p>\n\n\n\n<p class=\"wp-block-paragraph\">Por lo que respecta al gobernador de Sonora, Alfonso Durazo Monta\u00f1o, a quien un d\u00eda lo elogian y otro d\u00eda lo atacan desde el seno de la 4T, se podr\u00eda decir que tiene a su favor que la propia presidenta lo considera uno de los mejores mandatarios. Lo siente cercano. Su papel como presidente del Consejo de Morena ha sido crucial y le ha permitido conocer a profundidad las entra\u00f1as y la complejidad de Morena como fuerza pol\u00edtica dominante a lo largo y ancho del pa\u00eds.<\/p>\n\n\n\n<p class=\"wp-block-paragraph\">Entre sus debilidades, est\u00e1 el se\u00f1alamiento de que se le hab\u00eda retirado la visa por ser sospechoso de v\u00ednculos con el crimen organizado. Sin embargo, el tiempo evidenci\u00f3 la mentira pues Durazo pudo cruzar la frontera y tener reuniones de trabajo en Arizona y Texas.<\/p>\n\n\n\n<p class=\"wp-block-paragraph\">La definici\u00f3n sobre las elecciones intermedias de 2027 abre la puerta para que Claudia Sheinbaum deje de administrar una herencia y empiece a consolidar y a ejercer su propio poder. La arquitectura de candidaturas constituye algo m\u00e1s que victorias y derrotas electorales: reconfigura incentivos y establece qui\u00e9n manda dentro de Morena, qui\u00e9n obedece y qui\u00e9n queda fuera del reparto real de poder. La mandataria parece estar lista para tomar a Morena por asalto.<\/p>\n\n\n\n<p class=\"wp-block-paragraph\"><\/p>\n","protected":false},"excerpt":{"rendered":"<p>Miguel \u00c1ngel Romero Ram\u00edrez SemM\u00e9xico, Ciudad de M\u00e9xico, 19 de enero, 2026.- Si bien la incertidumbre es una constante en la pol\u00edtica, aminorar los riesgos es fundamental para la supervivencia. Bajo esa premisa, la presidenta Claudia Sheinbaum y su equipo cerrado saben que los pr\u00f3ximos 10 meses de trabajo son estrat\u00e9gicos, pues en dicho lapso [&hellip;]<\/p>\n","protected":false},"author":3,"featured_media":90567,"comment_status":"open","ping_status":"open","sticky":false,"template":"","format":"standard","meta":{"_monsterinsights_skip_tracking":false,"footnotes":""},"categories":[82,110,35],"tags":[],"class_list":["post-102051","post","type-post","status-publish","format-standard","has-post-thumbnail","category-la-opinion","category-la-opinion-columnas","category-opinion"],"_links":{"self":[{"href":"https:\/\/redsemlac.com\/semmexico\/wp-json\/wp\/v2\/posts\/102051","targetHints":{"allow":["GET"]}}],"collection":[{"href":"https:\/\/redsemlac.com\/semmexico\/wp-json\/wp\/v2\/posts"}],"about":[{"href":"https:\/\/redsemlac.com\/semmexico\/wp-json\/wp\/v2\/types\/post"}],"author":[{"embeddable":true,"href":"https:\/\/redsemlac.com\/semmexico\/wp-json\/wp\/v2\/users\/3"}],"replies":[{"embeddable":true,"href":"https:\/\/redsemlac.com\/semmexico\/wp-json\/wp\/v2\/comments?post=102051"}],"version-history":[{"count":0,"href":"https:\/\/redsemlac.com\/semmexico\/wp-json\/wp\/v2\/posts\/102051\/revisions"}],"wp:featuredmedia":[{"embeddable":true,"href":"https:\/\/redsemlac.com\/semmexico\/wp-json\/wp\/v2\/media\/90567"}],"wp:attachment":[{"href":"https:\/\/redsemlac.com\/semmexico\/wp-json\/wp\/v2\/media?parent=102051"}],"wp:term":[{"taxonomy":"category","embeddable":true,"href":"https:\/\/redsemlac.com\/semmexico\/wp-json\/wp\/v2\/categories?post=102051"},{"taxonomy":"post_tag","embeddable":true,"href":"https:\/\/redsemlac.com\/semmexico\/wp-json\/wp\/v2\/tags?post=102051"}],"curies":[{"name":"wp","href":"https:\/\/api.w.org\/{rel}","templated":true}]}}