{"id":10205,"date":"2019-07-26T21:46:40","date_gmt":"2019-07-26T21:46:40","guid":{"rendered":"https:\/\/redsemlac.com\/semmexico\/?p=10205"},"modified":"2023-07-21T14:51:18","modified_gmt":"2023-07-21T19:51:18","slug":"jalisco","status":"publish","type":"post","link":"https:\/\/redsemlac.com\/semmexico\/jalisco\/","title":{"rendered":"Asesinan a fiscal regional de Jalisco"},"content":{"rendered":"\n<p class=\"wp-block-paragraph\"> <strong>Entre otros temas atend\u00eda feminicidios y desaparici\u00f3n de mujeres en la Ci\u00e9nega y Puerto Vallarta.<\/strong><\/p>\n\n\n\n<p class=\"wp-block-paragraph\"><strong>Analy S. Nu\u00f1o<\/strong><\/p>\n\n\n\n<p class=\"wp-block-paragraph\">SemM\u00e9xico. Jalisco. 26 de julio de 2019.- La ma\u00f1ana de este viernes fue asesinado el Fiscal Regional de Jalisco, Gonzalo Huitr\u00f3n, qui\u00e9n entre otros temas atend\u00eda los casos de feminicidios y desapariciones de mujeres en Puerto Vallarta y la regi\u00f3n Ci\u00e9nega.<\/p>\n\n\n\n<p class=\"wp-block-paragraph\">Guadalupe Ramos Ponce, coordinadora en Jalisco del Comit\u00e9 de Am\u00e9rica Latina y el Caribe para la Defensa de los Derechos de las Mujeres (CLADEM), lament\u00f3 el asesinato del funcionario y sus dos escoltas durante una emboscada en la carretera Poncitl\u00e1n-La Barca.&nbsp;<\/p>\n\n\n\n<p class=\"wp-block-paragraph\">\u00abLo lamentamos much\u00edsimo no solo por \u00e9l como funcionario sino como persona por el trato amable y c\u00e1lido que les daba a las familias para atender los casos. Es muy lamentable\u00bb, dijo.<\/p>\n\n\n\n<p class=\"wp-block-paragraph\">Refiri\u00f3 que la atenci\u00f3n de los casos de violencia feminicida y desapariciones de mujeres fue en todo momento puntual y abierta para con las familias y los colectivos de defensa de los derechos de las mujeres.<\/p>\n\n\n\n<p class=\"wp-block-paragraph\">\u00abCon \u00e9l ten\u00edamos, d\u00edgamos, una relaci\u00f3n cercana por los casos de acompa\u00f1amiento de feminicidios; \u00e9l era el que estaba muy atento en estar atendiendo las situaciones que se presentaban en cada uno de los casos y dem\u00e1s. Nos parece muy grave y lamentable la forma y el nivel de violencia que se est\u00e1 viviendo en el estado\u00bb, se\u00f1al\u00f3.<\/p>\n\n\n\n<p class=\"wp-block-paragraph\">Tras una reuni\u00f3n con el Fiscal General, a inicios de la administraci\u00f3n encabezada por Enrique Alfaro Ram\u00edrez, se determin\u00f3 que Huitr\u00f3n atender\u00eda a los familiares y colectivos para los casos que se registrar\u00e1n en las regiones.<\/p>\n\n\n\n<p class=\"wp-block-paragraph\">\u00abParticularmente \u00e9l nos ayudaba en casos de la Ci\u00e9nega y Puerto Vallarta. En los casos de Vallarta \u00e9l estaba dando un caso muy puntual para que los casos se estuvieran atendiendo y se atendieran cada una de las problem\u00e1ticas que cada una de las familias ten\u00edan en sus procesos de administraci\u00f3n de justicia\u00bb, indic\u00f3.<\/p>\n\n\n\n<p class=\"wp-block-paragraph\">Seg\u00fan las estad\u00edsticas del Instituto Jalisciense de Ciencias Forenses, en Puerto Vallarta se han registrado 6 muertes violentas de mujeres, mientras que en la regi\u00f3n Ci\u00e9nega 10. Las causas de muerte fueron arma de fuego, estrangulaci\u00f3n, golpes y objeto punzocortante.&nbsp;<\/p>\n\n\n\n<p class=\"wp-block-paragraph\">De acuerdo al registro de feminicidios del CLADEM en Jalisco han ocurrido&nbsp;112 asesinatos de mujeres al 25 de julio. &nbsp;<\/p>\n","protected":false},"excerpt":{"rendered":"<p>Entre otros temas atend\u00eda feminicidios y desaparici\u00f3n de mujeres en la Ci\u00e9nega y Puerto Vallarta <\/p>\n","protected":false},"author":3,"featured_media":10206,"comment_status":"open","ping_status":"open","sticky":false,"template":"","format":"standard","meta":{"_monsterinsights_skip_tracking":false,"footnotes":""},"categories":[690,51],"tags":[],"class_list":["post-10205","post","type-post","status-publish","format-standard","has-post-thumbnail","category-690","category-ejecutivo"],"_links":{"self":[{"href":"https:\/\/redsemlac.com\/semmexico\/wp-json\/wp\/v2\/posts\/10205","targetHints":{"allow":["GET"]}}],"collection":[{"href":"https:\/\/redsemlac.com\/semmexico\/wp-json\/wp\/v2\/posts"}],"about":[{"href":"https:\/\/redsemlac.com\/semmexico\/wp-json\/wp\/v2\/types\/post"}],"author":[{"embeddable":true,"href":"https:\/\/redsemlac.com\/semmexico\/wp-json\/wp\/v2\/users\/3"}],"replies":[{"embeddable":true,"href":"https:\/\/redsemlac.com\/semmexico\/wp-json\/wp\/v2\/comments?post=10205"}],"version-history":[{"count":0,"href":"https:\/\/redsemlac.com\/semmexico\/wp-json\/wp\/v2\/posts\/10205\/revisions"}],"wp:featuredmedia":[{"embeddable":true,"href":"https:\/\/redsemlac.com\/semmexico\/wp-json\/wp\/v2\/media\/10206"}],"wp:attachment":[{"href":"https:\/\/redsemlac.com\/semmexico\/wp-json\/wp\/v2\/media?parent=10205"}],"wp:term":[{"taxonomy":"category","embeddable":true,"href":"https:\/\/redsemlac.com\/semmexico\/wp-json\/wp\/v2\/categories?post=10205"},{"taxonomy":"post_tag","embeddable":true,"href":"https:\/\/redsemlac.com\/semmexico\/wp-json\/wp\/v2\/tags?post=10205"}],"curies":[{"name":"wp","href":"https:\/\/api.w.org\/{rel}","templated":true}]}}