{"id":101993,"date":"2026-01-19T18:53:30","date_gmt":"2026-01-20T00:53:30","guid":{"rendered":"https:\/\/redsemlac.com\/semmexico\/?p=101993"},"modified":"2026-01-19T18:53:31","modified_gmt":"2026-01-20T00:53:31","slug":"las-imagenes-que-nos-mostraron-la-barbarie","status":"publish","type":"post","link":"https:\/\/redsemlac.com\/semmexico\/las-imagenes-que-nos-mostraron-la-barbarie\/","title":{"rendered":"Las im\u00e1\u00adge\u00adnes que nos mos\u00adtra\u00adron la bar\u00adba\u00adrie"},"content":{"rendered":"\n<p class=\"wp-block-paragraph\"><strong><\/strong>&nbsp;<strong>A 10 meses del descubrimiento del Rancho Izaguirre, la pregunta sigue en el aire \u00bfqu\u00e9 pas\u00f3 ah\u00ed?, dice la periodista Sandra Romand\u00eda.&nbsp;\/&nbsp;Foto: Cortes\u00eda\/Sandra Romand\u00eda<\/strong><\/p>\n\n\n\n<p class=\"wp-block-paragraph\">En <em>Testigos del Horror<\/em>, Sandra Romand\u00eda indaga c\u00f3mo el crimen recluta a los j\u00f3venes<\/p>\n\n\n\n<p class=\"wp-block-paragraph\">Alejandro Jim\u00e9nez *<\/p>\n\n\n\n<p class=\"wp-block-paragraph\">SemM\u00e9xico\/ El Sol de M\u00e9xico, 19 de enero, 2026.- A10 meses del des\u00adcu\u00adbri\u00admiento del Ran\u00adcho Iza\u00adgui\u00adrre, la pre\u00adgunta sigue en el aire \u00bfqu\u00e9 pas\u00f3 ah\u00ed?, dice la perio\u00addista San\u00addra Roman\u00add\u00eda. \u201cComo perio\u00addista me pre\u00adgunt\u00e9 qu\u00e9 hab\u00eda m\u00e1s all\u00e1 de esas foto\u00adgra\u00adf\u00edas: \u00bfqu\u00e9 pas\u00f3 real\u00admente ah\u00ed?, \u00bfa d\u00f3nde van a dar los desa\u00adpa\u00adre\u00adci\u00addos?, \u00bfpor qu\u00e9 desa\u00adpa\u00adrece tanta gente que no est\u00e1 vin\u00adcu\u00adlada, al menos de forma evi\u00addente, con el cri\u00admen orga\u00adni\u00adzado?\u201d, dijo.<\/p>\n\n\n\n<p class=\"wp-block-paragraph\">A pro\u00adp\u00f3\u00adsito de su nuevo libro, Tes\u00adti\u00adgos del horror, El Sol de M\u00e9xico pla\u00adtic\u00f3 con Roman\u00add\u00eda sobre su inves\u00adti\u00adga\u00adci\u00f3n de este caso que no es un hecho ais\u00adlado, sino uno de varios en nues\u00adtro pa\u00eds.<\/p>\n\n\n\n<p class=\"wp-block-paragraph\"><strong>Tu libro aborda casos recien\u00adtes y pro\u00adfun\u00adda\u00admente dolo\u00adro\u00adsos. \u00bfPor qu\u00e9 inves\u00adti\u00adgar un tema que a\u00fan est\u00e1 en desa\u00adrro\u00adllo y no espe\u00adrar a que pase el tiempo?<\/strong><\/p>\n\n\n\n<p class=\"wp-block-paragraph\">Gene\u00adral\u00admente se piensa que el perio\u00addismo de inves\u00adti\u00adga\u00adci\u00f3n requiere dis\u00adtan\u00adcia tem\u00adpo\u00adral, que haya reso\u00adlu\u00adcio\u00adnes ofi\u00adcia\u00adles o expe\u00addien\u00adtes cerra\u00addos. Pero en este caso todo estaba ocu\u00adrriendo en tiempo real, y tam\u00adbi\u00e9n exis\u00adt\u00eda el riesgo de que se le diera car\u00adpe\u00adtazo al asunto. Cuando las madres bus\u00adca\u00addo\u00adras denun\u00adcia\u00adron lo que encon\u00adtra\u00adron en el Ran\u00adcho Iza\u00adgui\u00adrre \u2014un pre\u00addio que deb\u00eda estar ase\u00adgu\u00adrado por la auto\u00adri\u00addad\u2014 supe que ah\u00ed hab\u00eda algo que no pod\u00eda que\u00addarse solo en la nota del d\u00eda.<\/p>\n\n\n\n<p class=\"wp-block-paragraph\"><strong>\u00bfQu\u00e9 fue lo que te impact\u00f3 del hallazgo en el Ran\u00adcho Iza\u00adgui\u00adrre?<\/strong><\/p>\n\n\n\n<p class=\"wp-block-paragraph\">Las im\u00e1\u00adge\u00adnes tuvie\u00adron un impacto nacio\u00adnal e inter\u00adna\u00adcio\u00adnal. Por pri\u00admera vez lo visual nos mos\u00adtr\u00f3 la bar\u00adba\u00adrie que se vive en M\u00e9xico. Pero como perio\u00addista me pre\u00adgunt\u00e9 qu\u00e9 hab\u00eda m\u00e1s all\u00e1 de esas foto\u00adgra\u00adf\u00edas: \u00bfqu\u00e9 pas\u00f3 real\u00admente ah\u00ed?, \u00bfa d\u00f3nde van a dar los desa\u00adpa\u00adre\u00adci\u00addos?, \u00bfpor qu\u00e9 desa\u00adpa\u00adrece tanta gente que no est\u00e1 vin\u00adcu\u00adlada, al menos de forma evi\u00addente, con el cri\u00admen orga\u00adni\u00adzado?<\/p>\n\n\n\n<p class=\"wp-block-paragraph\"><strong>\u00bfQu\u00e9 aporta tu libro frente a la cober\u00adtura medi\u00e1\u00adtica que ya se hab\u00eda hecho del caso?<\/strong><\/p>\n\n\n\n<p class=\"wp-block-paragraph\">En marzo de 2025, el colec\u00adtivo Gue\u00adrre\u00adros Bus\u00adca\u00addo\u00adres de Jalisco loca\u00adliz\u00f3 res\u00adtos huma\u00adnos en el Ran\u00adcho Iza\u00adgui\u00adrre<\/p>\n\n\n\n<p class=\"wp-block-paragraph\">Lo que aporta es pro\u00adfun\u00addi\u00addad. Muchas notas se que\u00adda\u00adron en el morbo, en el impacto inme\u00addiato o en la an\u00e9c\u00addota. En el libro hay tes\u00adti\u00admo\u00adnios in\u00e9\u00addi\u00adtos que des\u00adcri\u00adben una forma de ope\u00adrar sis\u00adte\u00adm\u00e1\u00adtica: c\u00f3mo el cri\u00admen orga\u00adni\u00adzado no solo mata, sino que admi\u00adnis\u00adtra terri\u00adto\u00adrios, escla\u00adviza per\u00adso\u00adnas, ges\u00adtiona pobla\u00adcio\u00adnes y eli\u00admina a quie\u00adnes se reh\u00fa\u00adsan a par\u00adti\u00adci\u00adpar. Eso per\u00admite recons\u00adtruir una his\u00adto\u00adria com\u00adpleta, no frag\u00admen\u00adtada.<\/p>\n\n\n\n<p class=\"wp-block-paragraph\"><strong>En el libro uti\u00adli\u00adzas el t\u00e9r\u00admino \u201ccen\u00adtro de exter\u00admi\u00adnio\u201d, algo que fue dura\u00admente cues\u00adtio\u00adnado por las auto\u00adri\u00adda\u00addes. \u00bfPor qu\u00e9 sos\u00adte\u00adner ese con\u00adcepto?<\/strong><\/p>\n\n\n\n<p class=\"wp-block-paragraph\">Por\u00adque las evi\u00adden\u00adcias apun\u00adtan a ello. Durante a\u00f1os se ase\u00adsin\u00f3 de manera sis\u00adte\u00adm\u00e1\u00adtica a per\u00adso\u00adnas que no acep\u00adta\u00adron inte\u00adgrarse a una orga\u00adni\u00adza\u00adci\u00f3n cri\u00admi\u00adnal:<\/p>\n\n\n\n<p class=\"wp-block-paragraph\"><strong>\u201cLas im\u00e1\u00adge\u00adnes tuvie\u00adron un impacto nacio\u00adnal\u201d<\/strong><\/p>\n\n\n\n<p class=\"wp-block-paragraph\">quie\u00adnes inten\u00adta\u00adron esca\u00adpar, quie\u00adnes se nega\u00adron a usar armas, quie\u00adnes no qui\u00adsie\u00adron ser sica\u00adrios. El horror que pro\u00advoca esa pala\u00adbra inco\u00admod\u00f3 a la narra\u00adtiva ofi\u00adcial, pero mi obli\u00adga\u00adci\u00f3n fue ana\u00adli\u00adzarla a la luz de los tes\u00adti\u00admo\u00adnios y los hallaz\u00adgos. Para m\u00ed, lo que ocu\u00adrri\u00f3 en el Ran\u00adcho Iza\u00adgui\u00adrre y en otros sitios s\u00ed corres\u00adponde a un cen\u00adtro de exter\u00admi\u00adnio.<\/p>\n\n\n\n<p class=\"wp-block-paragraph\"><strong>\u00bfEste caso es excep\u00adcio\u00adnal o puede ser repre\u00adsen\u00adta\u00adtivo de lo que ocu\u00adrre en otras regio\u00adnes del pa\u00eds?<\/strong><\/p>\n\n\n\n<p class=\"wp-block-paragraph\">Jalisco es el estado con m\u00e1s per\u00adso\u00adnas desa\u00adpa\u00adre\u00adci\u00addas, m\u00e1s de 15 mil, pero no es un caso ais\u00adlado. En el libro se docu\u00admen\u00adtan otros ran\u00adchos y cam\u00adpa\u00admen\u00adtos en Tamau\u00adli\u00adpas, Sina\u00adloa, Zaca\u00adte\u00adcas, Gue\u00adrrero y Michoa\u00adc\u00e1n. La auto\u00adri\u00addad suele cata\u00adlo\u00adgar\u00adlos s\u00f3lo como cen\u00adtros de entre\u00adna\u00admiento, pero no inves\u00adtiga cu\u00e1n\u00adtas per\u00adso\u00adnas fue\u00adron reclu\u00adta\u00addas a la fuerza. Des\u00adpu\u00e9s de Iza\u00adgui\u00adrre hemos visto casos simi\u00adla\u00adres en Chihuahua, Sina\u00adloa y Tamau\u00adli\u00adpas: j\u00f3ve\u00adnes que fue\u00adron a pedir tra\u00adbajo y nunca regre\u00adsa\u00adron.<\/p>\n\n\n\n<p class=\"wp-block-paragraph\"><strong>Uno de los temas m\u00e1s com\u00adple\u00adjos que plan\u00adteas es la figura del \u201cv\u00edc\u00adtima-vic\u00adti\u00adma\u00adrio\u201d. \u00bfPor qu\u00e9 es impor\u00adtante?<\/strong><\/p>\n\n\n\n<p class=\"wp-block-paragraph\">Por\u00adque muchos de los j\u00f3ve\u00adnes reclu\u00adta\u00addos a la fuerza fue\u00adron obli\u00adga\u00addos a come\u00adter deli\u00adtos. Algu\u00adnos sobre\u00advi\u00advie\u00adron y hoy est\u00e1n pro\u00adce\u00adsa\u00addos como cri\u00admi\u00adna\u00adles, sin que exista una figura legal que ana\u00adlice que pri\u00admero fue\u00adron v\u00edc\u00adti\u00admas. Hay miedo, culpa y ver\u00adg\u00fcenza. Muchos no quie\u00adren hablar por\u00adque saben que los gru\u00adpos cri\u00admi\u00adna\u00adles tam\u00adbi\u00e9n ope\u00adran den\u00adtro de las c\u00e1r\u00adce\u00adles. Esta es una dis\u00adcu\u00adsi\u00f3n pen\u00addiente si que\u00adre\u00admos hablar de jus\u00adti\u00adcia.<\/p>\n\n\n\n<p class=\"wp-block-paragraph\"><strong>Tu inves\u00adti\u00adga\u00adci\u00f3n tam\u00adbi\u00e9n des\u00admonta la cri\u00admi\u00adna\u00adli\u00adza\u00adci\u00f3n auto\u00adm\u00e1\u00adtica de los desa\u00adpa\u00adre\u00adci\u00addos.<\/strong><\/p>\n\n\n\n<p class=\"wp-block-paragraph\">Exacto. Existe una narra\u00adtiva muy c\u00f3moda: \u201canda\u00adban en eso\u201d. As\u00ed se exime al Estado de inves\u00adti\u00adgar. Pero el libro mues\u00adtra que no todos los desa\u00adpa\u00adre\u00adci\u00addos ni los ase\u00adsi\u00adna\u00addos eran cri\u00admi\u00adna\u00adles. Muchos eran j\u00f3ve\u00adnes que bus\u00adca\u00adban tra\u00adbajo, opor\u00adtu\u00adni\u00adda\u00addes. Cri\u00admi\u00adna\u00adli\u00adzar\u00adlos de entrada borra su con\u00addi\u00adci\u00f3n humana y eli\u00admina cual\u00adquier exi\u00adgen\u00adcia de jus\u00adti\u00adcia.<\/p>\n\n\n\n<p class=\"wp-block-paragraph\"><strong>Cie\u00adrras el libro con tes\u00adti\u00admo\u00adnios de fun\u00adcio\u00adna\u00adrias que mini\u00admi\u00adzan los hechos o res\u00adpon\u00adsa\u00adbi\u00adli\u00adzan a las v\u00edc\u00adti\u00admas. \u00bfQu\u00e9 te dej\u00f3 eso?<\/strong><\/p>\n\n\n\n<p class=\"wp-block-paragraph\">Que el pro\u00adblema es estruc\u00adtu\u00adral. Una fun\u00adcio\u00adna\u00adria encar\u00adgada del tema de desa\u00adpa\u00adri\u00adcio\u00adnes me dijo que los j\u00f3ve\u00adnes eran res\u00adpon\u00adsa\u00adbles por ser inge\u00adnuos y creer en fal\u00adsas ofer\u00adtas de tra\u00adbajo. Ese dis\u00adcurso lava manos, jus\u00adti\u00adfica la inac\u00adci\u00f3n y nor\u00adma\u00adliza la bar\u00adba\u00adrie.<\/p>\n\n\n\n<figure class=\"wp-block-image size-full\"><a href=\"https:\/\/redsemlac.com\/semmexico\/wp-content\/uploads\/2026\/01\/imagenes-mostraron-barbarie-02.jpg\"><img loading=\"lazy\" decoding=\"async\" width=\"191\" height=\"331\" src=\"https:\/\/redsemlac.com\/semmexico\/wp-content\/uploads\/2026\/01\/imagenes-mostraron-barbarie-02.jpg\" alt=\"\" class=\"wp-image-101995\" srcset=\"https:\/\/redsemlac.com\/semmexico\/wp-content\/uploads\/2026\/01\/imagenes-mostraron-barbarie-02.jpg 191w, https:\/\/redsemlac.com\/semmexico\/wp-content\/uploads\/2026\/01\/imagenes-mostraron-barbarie-02-173x300.jpg 173w, https:\/\/redsemlac.com\/semmexico\/wp-content\/uploads\/2026\/01\/imagenes-mostraron-barbarie-02-150x260.jpg 150w\" sizes=\"auto, (max-width: 191px) 100vw, 191px\" \/><\/a><\/figure>\n\n\n\n<p class=\"wp-block-paragraph\">*Alejandro Jim\u00e9nez: Periodista con m\u00e1s de tres d\u00e9cadas de experiencia, ocupando siempre puestos editoriales desde columnista de negocios tur\u00edsticos, redactor de temas de seguridad nacional, Subdirector de Opini\u00f3n. Cotitular de programas informativos en Radio ABC y Radio Ibero. Coautor del libro \u00abM\u00e9xico Armado, Cr\u00f3nica de la Guerrilla en M\u00e9xico 1943-1981\u00bb. Analista de temas de seguridad de la cadena NTN24. Tengo maestr\u00eda en Administraci\u00f3n por la Universidad Iberoamericana. Actualmente soy el Coordinador nacional de Opini\u00f3n de la Organizaci\u00f3n Editorial Mexican<\/p>\n\n\n\n<p class=\"wp-block-paragraph\"><\/p>\n","protected":false},"excerpt":{"rendered":"<p>&nbsp;A 10 meses del descubrimiento del Rancho Izaguirre, la pregunta sigue en el aire \u00bfqu\u00e9 pas\u00f3 ah\u00ed?, dice la periodista Sandra Romand\u00eda.&nbsp;\/&nbsp;Foto: Cortes\u00eda\/Sandra Romand\u00eda En Testigos del Horror, Sandra Romand\u00eda indaga c\u00f3mo el crimen recluta a los j\u00f3venes Alejandro Jim\u00e9nez * SemM\u00e9xico\/ El Sol de M\u00e9xico, 19 de enero, 2026.- A10 meses del des\u00adcu\u00adbri\u00admiento del [&hellip;]<\/p>\n","protected":false},"author":3,"featured_media":101994,"comment_status":"open","ping_status":"open","sticky":false,"template":"","format":"standard","meta":{"_monsterinsights_skip_tracking":false,"footnotes":""},"categories":[694,48],"tags":[],"class_list":["post-101993","post","type-post","status-publish","format-standard","has-post-thumbnail","category-destacadas","category-no-mas-impunidad-no-mas-impunidad"],"_links":{"self":[{"href":"https:\/\/redsemlac.com\/semmexico\/wp-json\/wp\/v2\/posts\/101993","targetHints":{"allow":["GET"]}}],"collection":[{"href":"https:\/\/redsemlac.com\/semmexico\/wp-json\/wp\/v2\/posts"}],"about":[{"href":"https:\/\/redsemlac.com\/semmexico\/wp-json\/wp\/v2\/types\/post"}],"author":[{"embeddable":true,"href":"https:\/\/redsemlac.com\/semmexico\/wp-json\/wp\/v2\/users\/3"}],"replies":[{"embeddable":true,"href":"https:\/\/redsemlac.com\/semmexico\/wp-json\/wp\/v2\/comments?post=101993"}],"version-history":[{"count":0,"href":"https:\/\/redsemlac.com\/semmexico\/wp-json\/wp\/v2\/posts\/101993\/revisions"}],"wp:featuredmedia":[{"embeddable":true,"href":"https:\/\/redsemlac.com\/semmexico\/wp-json\/wp\/v2\/media\/101994"}],"wp:attachment":[{"href":"https:\/\/redsemlac.com\/semmexico\/wp-json\/wp\/v2\/media?parent=101993"}],"wp:term":[{"taxonomy":"category","embeddable":true,"href":"https:\/\/redsemlac.com\/semmexico\/wp-json\/wp\/v2\/categories?post=101993"},{"taxonomy":"post_tag","embeddable":true,"href":"https:\/\/redsemlac.com\/semmexico\/wp-json\/wp\/v2\/tags?post=101993"}],"curies":[{"name":"wp","href":"https:\/\/api.w.org\/{rel}","templated":true}]}}