{"id":10199,"date":"2019-07-26T21:24:13","date_gmt":"2019-07-26T21:24:13","guid":{"rendered":"https:\/\/redsemlac.com\/semmexico\/?p=10199"},"modified":"2023-07-21T14:51:18","modified_gmt":"2023-07-21T19:51:18","slug":"reunion-de-mas-de-200-feministas-rumbo-al-xii-encuentro-nacional-feminista-2019-en-veracruz","status":"publish","type":"post","link":"https:\/\/redsemlac.com\/semmexico\/reunion-de-mas-de-200-feministas-rumbo-al-xii-encuentro-nacional-feminista-2019-en-veracruz\/","title":{"rendered":"Reuni\u00f3n de m\u00e1s de 200 feministas rumbo al XII Encuentro Nacional Feminista 2019 en Veracruz"},"content":{"rendered":"\n<p class=\"wp-block-paragraph\"><strong>Con la consigna, \u00a1Nunca m\u00e1s un M\u00e9xico sin nosotras! Se re\u00fanen m\u00e1s de 200 mujeres en la Ciudad de M\u00e9xico.<\/strong><\/p>\n\n\n\n<p class=\"wp-block-paragraph\"><strong>Elda Montiel\u00a0<\/strong><\/p>\n\n\n\n<p class=\"wp-block-paragraph\">SemM\u00e9xico. Cd. de M\u00e9xico. 26 de julio de 2019.- Con la demanda de justicia y que se investiguen y castiguen los feminicidios, cr\u00edmenes de Estado contra activistas, defensoras, periodistas, y dejar de ser vistas como da\u00f1os \u201ccolaterales\u201d o abatidas sin que se finquen las responsabilidades con perspectiva de g\u00e9nero, se reunir\u00e1n este fin de semana en la Ciudad de M\u00e9xico m\u00e1s de 200 feministas de todo el pa\u00eds.&nbsp;<\/p>\n\n\n\n<p class=\"wp-block-paragraph\">La participaci\u00f3n de mujeres diversas se llevar\u00e1 a cabo los d\u00edas 26, 27 y 28 de julio en el CIAM de Iztacalco en la Tercera Reuni\u00f3n Nacional Preparatoria con rumbo al&nbsp;&nbsp;XII Encuentro Nacional Feminista 2019 que se llevar\u00e1 a cabo los d\u00edas 8, 9 y 10 de noviembre en Xalapa, Veracruz.<\/p>\n\n\n\n<p class=\"wp-block-paragraph\">En la Reuni\u00f3n preparatoria se construir\u00e1n acuerdos y consensos en los temas que deben incluirse en una agenda de g\u00e9nero transformadora, donde las principales beneficiadas sean las mujeres, sin importar su etnia, orientaci\u00f3n sexual, edad, clase social o cualquier otro factor.&nbsp;<\/p>\n\n\n\n<p class=\"wp-block-paragraph\">Se trata de concretar la ruta de trabajo, estructura y mecanismos de organizaci\u00f3n de comisiones y equipos de trabajo unificados para as\u00ed lograr una Consolidaci\u00f3n Operativa del ENF2019.&nbsp;&nbsp;<\/p>\n\n\n\n<p class=\"wp-block-paragraph\">Con la consigna, \u00a1Nos mantenemos vivas! \u00a1Nunca m\u00e1s un M\u00e9xico sin Nosotras!, las mujeres se reunir\u00e1n&nbsp;&nbsp;para hacer visible que las brechas de desigualdad social por el hecho de ser mujeres persisten y es necesario incluirlas en el proyecto de naci\u00f3n.<\/p>\n\n\n\n<p class=\"wp-block-paragraph\">Durante esta reuni\u00f3n preparatoria se realizar\u00e1n talleres con temas de feminismo, empoderamiento de las mujeres, culturales y art\u00edsticos, adem\u00e1s de las actividades relativas a la organizaci\u00f3n del encuentro.<\/p>\n\n\n\n<p class=\"wp-block-paragraph\">Las organizadoras se\u00f1alan que la opini\u00f3n y participaci\u00f3n de todas es muy importante y necesaria, dado que consideran vital partir de los ejes que nos atraviesan por igual en nuestra condici\u00f3n de mujeres que viven en un pa\u00eds donde a\u00fan hay mucho camino que recorrer para alcanzar verdaderas condiciones de igualdad, seguridad y respeto.<\/p>\n\n\n\n<p class=\"wp-block-paragraph\">No importa la regi\u00f3n en la que vivamos, nuestra capacidad econ\u00f3mica, nuestra identidad y\/u orientaci\u00f3n sexual, nuestra religi\u00f3n, nuestro nivel acad\u00e9mico, la corriente feminista con la que nos identifiquemos o cualquier otro denominador, para ser v\u00edctimas de la sistem\u00e1tica violencia patriarcal, tan arraigada a\u00fan en nuestra sociedad.<\/p>\n","protected":false},"excerpt":{"rendered":"<p>Con la consigna, \u00a1Nunca m\u00e1s un M\u00e9xico sin nosotras! Se re\u00fanen m\u00e1s de 200 mujeres en la Ciudad de M\u00e9xico.<\/p>\n","protected":false},"author":3,"featured_media":10200,"comment_status":"open","ping_status":"open","sticky":false,"template":"","format":"standard","meta":{"_monsterinsights_skip_tracking":false,"footnotes":""},"categories":[690,54],"tags":[],"class_list":["post-10199","post","type-post","status-publish","format-standard","has-post-thumbnail","category-690","category-mujeres"],"_links":{"self":[{"href":"https:\/\/redsemlac.com\/semmexico\/wp-json\/wp\/v2\/posts\/10199","targetHints":{"allow":["GET"]}}],"collection":[{"href":"https:\/\/redsemlac.com\/semmexico\/wp-json\/wp\/v2\/posts"}],"about":[{"href":"https:\/\/redsemlac.com\/semmexico\/wp-json\/wp\/v2\/types\/post"}],"author":[{"embeddable":true,"href":"https:\/\/redsemlac.com\/semmexico\/wp-json\/wp\/v2\/users\/3"}],"replies":[{"embeddable":true,"href":"https:\/\/redsemlac.com\/semmexico\/wp-json\/wp\/v2\/comments?post=10199"}],"version-history":[{"count":0,"href":"https:\/\/redsemlac.com\/semmexico\/wp-json\/wp\/v2\/posts\/10199\/revisions"}],"wp:featuredmedia":[{"embeddable":true,"href":"https:\/\/redsemlac.com\/semmexico\/wp-json\/wp\/v2\/media\/10200"}],"wp:attachment":[{"href":"https:\/\/redsemlac.com\/semmexico\/wp-json\/wp\/v2\/media?parent=10199"}],"wp:term":[{"taxonomy":"category","embeddable":true,"href":"https:\/\/redsemlac.com\/semmexico\/wp-json\/wp\/v2\/categories?post=10199"},{"taxonomy":"post_tag","embeddable":true,"href":"https:\/\/redsemlac.com\/semmexico\/wp-json\/wp\/v2\/tags?post=10199"}],"curies":[{"name":"wp","href":"https:\/\/api.w.org\/{rel}","templated":true}]}}