{"id":101989,"date":"2026-01-18T23:08:12","date_gmt":"2026-01-19T05:08:12","guid":{"rendered":"https:\/\/redsemlac.com\/semmexico\/?p=101989"},"modified":"2026-01-18T23:08:13","modified_gmt":"2026-01-19T05:08:13","slug":"en-puebla-obstaculos-para-cumplir-con-la-ley-del-aborto-por-falta-de-equipo-y-la-objecion-de-conciencia-carlos-alberto-olivier-pacheco","status":"publish","type":"post","link":"https:\/\/redsemlac.com\/semmexico\/en-puebla-obstaculos-para-cumplir-con-la-ley-del-aborto-por-falta-de-equipo-y-la-objecion-de-conciencia-carlos-alberto-olivier-pacheco\/","title":{"rendered":"En Puebla obst\u00e1culos para cumplir con la ley del aborto por falta de equipo y la objeci\u00f3n de conciencia: Carlos Alberto Olivier Pacheco"},"content":{"rendered":"\n<p class=\"wp-block-paragraph\">Carlos Alberto Olivier dijo que en 2025 se hicieron 479 procedimientos de interrupci\u00f3n legal del embarazo en Puebla.\u00a0\/\u00a0@CongresoPue<\/p>\n\n\n\n<p class=\"wp-block-paragraph\">El f Secretario de Salud&nbsp; compareci\u00f3 en&nbsp; Congreso Local<\/p>\n\n\n\n<p class=\"wp-block-paragraph\">Dijo que hay limitaciones&nbsp; para interrumpir embarazos aunque sea ley, falta infraestructura , adem\u00e1s algunos doctores a\u00fan se niegan a efectuarlo<\/p>\n\n\n\n<p class=\"wp-block-paragraph\">Erika Reyes<\/p>\n\n\n\n<p class=\"wp-block-paragraph\">SemM\u00e9xico \/ El Sol de Puebla, Puebla, 18 de enero, 2026.- Los&nbsp;abortos&nbsp;legales no est\u00e1n disponibles en todas las unidades m\u00e9dicas del sector p\u00fablico a nivel estatal, reconoci\u00f3 el secretario de Salud de Puebla, Carlos Alberto Olivier Pacheco. Seg\u00fan el funcionario, esto es ocasionado principalmente por la&nbsp;falta de equipamiento y la negativa de algunos m\u00e9dicos, quienes argumentan objeci\u00f3n de conciencia por motivos religiosos, \u00e9ticos o morales.<\/p>\n\n\n\n<p class=\"wp-block-paragraph\">Al comparecer este viernes ante el Congreso local,&nbsp;el funcionario fue cuestionado por la diputada Fedrha Isabel Suriano Corrales, de Movimiento Ciudadano, quien se\u00f1al\u00f3 que, pese a que la interrupci\u00f3n legal del embarazo est\u00e1 despenalizada en la entidad, no se efect\u00faa en todas las unidades de salud del estado, lo que genera&nbsp;incertidumbre sobre \u201cla capacidad del sistema de salud&nbsp;para garantizar plenamente este derecho\u201d.<\/p>\n\n\n\n<p class=\"wp-block-paragraph\">El secretario detall\u00f3 que&nbsp;durante 2025 se llevaron a cabo 479 procedimientos de interrupci\u00f3n legal del embarazo, de los cuales&nbsp;397 fueron en el Hospital de la Mujer; cuatro en el Hospital General de Teziutl\u00e1n;&nbsp;37 en el Hospital General del Norte; 20 en el Instituto de Seguridad Social de los Trabajadores al Servicio de los Poderes del Estado de Puebla (ISSSTEP); cuatro en el Instituto de Seguridad Social de los Trabajadores al Servicio de los Poderes del Estado (ISSSTE); y tres en el Instituto Mexicano del Seguro Social (IMSS Ordinario) Cuautlancingo.<\/p>\n\n\n\n<p class=\"wp-block-paragraph\">Olivier Pacheco apunt\u00f3 que&nbsp;el procedimiento se realiza conforme al marco normativo vigente,pero es un tema \u201ccomplejo y pol\u00e9mico\u201d. La interrupci\u00f3n de un embarazo de forma legal es hasta las 12.6 semanas de gestaci\u00f3n, dijo, y&nbsp;muchos profesionales de la salud tienen razones personales o \u00e9ticas que les impiden hacerlo<strong>.<\/strong><\/p>\n\n\n\n<p class=\"wp-block-paragraph\">\u201cTodos y cada uno de nosotros pensamos diferente (\u2026)&nbsp;<strong>Hay m\u00e9dicos que por su religi\u00f3n no lo aceptan<\/strong>; otros, por \u00e9tica y moral no lo aceptan, y no podemos obligarlos. Ese es uno de los motivos por los cuales no se brinda en todas las unidades\u201d,&nbsp;apunt\u00f3.<\/p>\n\n\n\n<p class=\"wp-block-paragraph\">De igual forma,&nbsp;reconoci\u00f3 que existen unidades m\u00e9dicas que tienen limitaciones en su infraestructura&nbsp;y, por seguridad, el personal m\u00e9dico no realiza el procedimiento porque se puede presentar una emergencia y la paciente puede morir, aunque el personal est\u00e9 capacitado para hacerlo.<\/p>\n\n\n\n<p class=\"wp-block-paragraph\">\u201cLa&nbsp;Secretar\u00eda de Salud trabaja para que ni\u00f1as, adolescentes y mujeres puedan acceder a la interrupci\u00f3n legal del embarazo de forma accesible, segura, confidencial y no discriminatoria, en apego al marco legal vigente de los derechos reproductivos\u201d,&nbsp;afirm\u00f3, y concluy\u00f3 diciendo que, gracias a ello, los abortos clandestinos en cl\u00ednicas no autorizadas o consultorios privados que aumentan el riesgo de la paciente han disminuido.<\/p>\n\n\n\n<p class=\"wp-block-paragraph\"><strong>Antecedentes : m\u00e9dicos organizados defendieron la objeci\u00f3n de conciencia para no practicar abortos en Puebla&nbsp;<\/strong><\/p>\n\n\n\n<figure class=\"wp-block-image size-large\"><a href=\"https:\/\/redsemlac.com\/semmexico\/wp-content\/uploads\/2026\/01\/puebla-carlos-alberto-02.jpg\"><img loading=\"lazy\" decoding=\"async\" width=\"1024\" height=\"576\" src=\"https:\/\/redsemlac.com\/semmexico\/wp-content\/uploads\/2026\/01\/puebla-carlos-alberto-02-1024x576.jpg\" alt=\"\" class=\"wp-image-101991\" srcset=\"https:\/\/redsemlac.com\/semmexico\/wp-content\/uploads\/2026\/01\/puebla-carlos-alberto-02-1024x576.jpg 1024w, https:\/\/redsemlac.com\/semmexico\/wp-content\/uploads\/2026\/01\/puebla-carlos-alberto-02-300x169.jpg 300w, https:\/\/redsemlac.com\/semmexico\/wp-content\/uploads\/2026\/01\/puebla-carlos-alberto-02-768x432.jpg 768w, https:\/\/redsemlac.com\/semmexico\/wp-content\/uploads\/2026\/01\/puebla-carlos-alberto-02-150x84.jpg 150w, https:\/\/redsemlac.com\/semmexico\/wp-content\/uploads\/2026\/01\/puebla-carlos-alberto-02-696x392.jpg 696w, https:\/\/redsemlac.com\/semmexico\/wp-content\/uploads\/2026\/01\/puebla-carlos-alberto-02-1068x601.jpg 1068w, https:\/\/redsemlac.com\/semmexico\/wp-content\/uploads\/2026\/01\/puebla-carlos-alberto-02.jpg 1200w\" sizes=\"auto, (max-width: 1024px) 100vw, 1024px\" \/><\/a><\/figure>\n\n\n\n<p class=\"wp-block-paragraph\">El Congreso analiza la objeci\u00f3n de conciencia en caso de abortos.\u00a0\/\u00a0Foto: Congreso de Puebla<\/p>\n\n\n\n<p class=\"wp-block-paragraph\">Desde que se discuti\u00f3 y aprob\u00f3 el derechos un grupo de m\u00e9dicos, pertenecientes a la&nbsp;Federaci\u00f3n Mexicana de Objetores de Conciencia (Femoc), estuvieron fuera o dentro del &nbsp;el&nbsp;Congreso de Puebla&nbsp;para rechazar una iniciativa que garantiza el&nbsp;acceso al aborto, con la anulaci\u00f3n de la objeci\u00f3n de conciencia en casos de emergencia.<\/p>\n\n\n\n<p class=\"wp-block-paragraph\">Estos s profesionistas de la salud acusaron que el proyecto de reforma y luego ley, que encabez\u00f3 &nbsp;la morenista&nbsp;Nayeli Salvatori Bojalil, es \u201cambiguo\u201d&nbsp;y vulnera sus derechos, pues ya&nbsp;no podr\u00e1n negarse a interrumpir un embarazo&nbsp;si la paciente est\u00e1 en riesgo o no hay otro m\u00e9dico disponible.<a href=\"https:\/\/oem.com.mx\/elsoldepuebla\/policiaca\/hallan-restos-de-un-bebe-en-gestacion-en-instalaciones-de-la-upaep-26066621\"><\/a><\/p>\n\n\n\n<p class=\"wp-block-paragraph\">En aquella ocasi\u00f3n dijeron &nbsp;que&nbsp;el sistema de salud p\u00fablico no tiene capacidades para garantizar el aborto universal y gratuito, y &nbsp;que los hospitales de la entidad enfrentan&nbsp;carencias de insumos, medicamentos y su &nbsp;infraestructura es precaria<strong>.<\/strong><\/p>\n\n\n\n<p class=\"wp-block-paragraph\">En un hospital sin personal y sin recursos, la excepci\u00f3n se convierte en una regla, si esta redacci\u00f3n se aprueba Puebla tendr\u00eda la regulaci\u00f3n m\u00e1s restrictiva del pa\u00eds en materia de objeci\u00f3n de conciencia,&nbsp;aseguraron.<\/p>\n\n\n\n<p class=\"wp-block-paragraph\">El grupo de s\u00f3lo &nbsp;tres m\u00e9dicos asegur\u00f3 que&nbsp;tienen derecho a no realizar procedimientos&nbsp;que van en contra de su moral y pidieron a los diputados que&nbsp;se garantice la libertad \u201cmoral y profesional\u201d&nbsp;de todos los profesionistas de la salud.<\/p>\n\n\n\n<p class=\"wp-block-paragraph\">Salvatori defiende Iniciativa<\/p>\n\n\n\n<p class=\"wp-block-paragraph\">En entrevista &nbsp;la diputada Nayeli Salvatori defendi\u00f3 su propuesta para regular la objeci\u00f3n de conciencia en caso de abortos,&nbsp;pues se\u00f1al\u00f3 que es una figura reconocida por&nbsp;la Suprema Corte de Justicia de la Naci\u00f3n (SCJN). Y as\u00ed se aprob\u00f3.<\/p>\n\n\n\n<p class=\"wp-block-paragraph\">Afirm\u00f3 que su propuesta protege &nbsp;la libertad y \u00e9tica de los doctores,&nbsp;y &nbsp;que fue redactada en conjunto con&nbsp;colectivas feministas&nbsp;que impulsan el derecho a decidir.<\/p>\n\n\n\n<p class=\"wp-block-paragraph\"><\/p>\n","protected":false},"excerpt":{"rendered":"<p>Carlos Alberto Olivier dijo que en 2025 se hicieron 479 procedimientos de interrupci\u00f3n legal del embarazo en Puebla.\u00a0\/\u00a0@CongresoPue El f Secretario de Salud&nbsp; compareci\u00f3 en&nbsp; Congreso Local Dijo que hay limitaciones&nbsp; para interrumpir embarazos aunque sea ley, falta infraestructura , adem\u00e1s algunos doctores a\u00fan se niegan a efectuarlo Erika Reyes SemM\u00e9xico \/ El Sol de [&hellip;]<\/p>\n","protected":false},"author":3,"featured_media":101990,"comment_status":"open","ping_status":"open","sticky":false,"template":"","format":"standard","meta":{"_monsterinsights_skip_tracking":false,"footnotes":""},"categories":[748],"tags":[],"class_list":["post-101989","post","type-post","status-publish","format-standard","has-post-thumbnail","category-cultura-feminista"],"_links":{"self":[{"href":"https:\/\/redsemlac.com\/semmexico\/wp-json\/wp\/v2\/posts\/101989","targetHints":{"allow":["GET"]}}],"collection":[{"href":"https:\/\/redsemlac.com\/semmexico\/wp-json\/wp\/v2\/posts"}],"about":[{"href":"https:\/\/redsemlac.com\/semmexico\/wp-json\/wp\/v2\/types\/post"}],"author":[{"embeddable":true,"href":"https:\/\/redsemlac.com\/semmexico\/wp-json\/wp\/v2\/users\/3"}],"replies":[{"embeddable":true,"href":"https:\/\/redsemlac.com\/semmexico\/wp-json\/wp\/v2\/comments?post=101989"}],"version-history":[{"count":0,"href":"https:\/\/redsemlac.com\/semmexico\/wp-json\/wp\/v2\/posts\/101989\/revisions"}],"wp:featuredmedia":[{"embeddable":true,"href":"https:\/\/redsemlac.com\/semmexico\/wp-json\/wp\/v2\/media\/101990"}],"wp:attachment":[{"href":"https:\/\/redsemlac.com\/semmexico\/wp-json\/wp\/v2\/media?parent=101989"}],"wp:term":[{"taxonomy":"category","embeddable":true,"href":"https:\/\/redsemlac.com\/semmexico\/wp-json\/wp\/v2\/categories?post=101989"},{"taxonomy":"post_tag","embeddable":true,"href":"https:\/\/redsemlac.com\/semmexico\/wp-json\/wp\/v2\/tags?post=101989"}],"curies":[{"name":"wp","href":"https:\/\/api.w.org\/{rel}","templated":true}]}}