{"id":10197,"date":"2019-07-26T17:52:55","date_gmt":"2019-07-26T17:52:55","guid":{"rendered":"https:\/\/redsemlac.com\/semmexico\/?p=10197"},"modified":"2023-07-21T14:51:18","modified_gmt":"2023-07-21T19:51:18","slug":"opinion-7","status":"publish","type":"post","link":"https:\/\/redsemlac.com\/semmexico\/opinion-7\/","title":{"rendered":"Entresemana"},"content":{"rendered":"\n<h2 class=\"wp-block-heading\"><strong>El chayotero Presidente<\/strong><\/h2>\n\n\n\n<p class=\"wp-block-paragraph\"><strong>Mois\u00e9s S\u00e1nchez Lim\u00f3n<\/strong><\/p>\n\n\n\n<p class=\"wp-block-paragraph\">SemM\u00e9xico. Cd. de M\u00e9xico. 26 de julio de 2019.- \u00bfSabr\u00e1n el licenciado L\u00f3pez Obrador y et al el origen del chayote y sus acepciones?<\/p>\n\n\n\n<p class=\"wp-block-paragraph\">Mire usted. Utilizar al adjetivo chayotero para denostar a los periodistas obtuvo ese nivel para calificar de corruptos a quienes, reporteros, articulistas, acad\u00e9micos y a todo aquel ciudadano que no comulga con el se\u00f1orpresidente Andr\u00e9s Manuel L\u00f3pez Obrador y lo critica en medios de comunicaci\u00f3n, en las redes que, \u00a1vaya paradoja!, han servido a estas huestes cibern\u00e9ticas l\u00f3pezobradoristas para insultar, dividir y descalificar al vecino de enfrente mediante un bien armado ej\u00e9rcito de j\u00f3venes duchos en estos menesteres.<\/p>\n\n\n\n<p class=\"wp-block-paragraph\">Por supuesto, hay de chayos a chayos tal cual fue y ha sido la praxis en la aportaci\u00f3n de este recurso que puede ser en efectivo o en especie, mediante jugosos contratos. Nunca ha sido tabla rasa.<\/p>\n\n\n\n<p class=\"wp-block-paragraph\">Pero, en aquellos d\u00edas en los que el licenciado L\u00f3pez Obrador hacia sus pinitos en el PRI tabasque\u00f1o, para dirigentes seccionales como \u00e9l que estaba matriculado en la Facultad de Ciencias Pol\u00edtica y Sociales, avecindado en la casa del estudiante tabasque\u00f1o en la colonia Santa Mar\u00eda la Ribera, hab\u00eda una partida que se entregaba mensualmente y condicionada a portarse bien y disciplinados con el gobierno estatal priista.<\/p>\n\n\n\n<p class=\"wp-block-paragraph\">\u00bfEra chayo? Sin duda, como el que se entregaba mensualmente o por evento a los reporteros no necesariamente bajo determinadas recomendaciones; era un acuerdo no escrito pero bien entendido y hab\u00eda fuentes de informaci\u00f3n en las que el embute era un salario bien remunerado, porque el gobierno se hab\u00eda constituido en el Gran Patr\u00f3n Sustituto, tanto que las empresas period\u00edsticas, todas, sab\u00edan que la mayor\u00eda de los reporteros recib\u00edan ese complemento econ\u00f3mico.<\/p>\n\n\n\n<p class=\"wp-block-paragraph\">Este es un tema del que, no obstante, cada quien lo aborda como quiere o lo evita porque as\u00ed lo dicta su conciencia. Pero nunca fue verg\u00fcenza en esos d\u00edas de salarios que no cubr\u00edan, como hoy en muchos casos prevalece, las necesidades de un periodista que vive de la profesi\u00f3n, que es reportero y debe cubrir varias actividades y tener buena presentaci\u00f3n; aunque lo hay que piensan que ser de avanzada o de izquierda implica trabajar con camisetas y chalecos de probada aversi\u00f3n al jab\u00f3n. En fin.<\/p>\n\n\n\n<p class=\"wp-block-paragraph\">Lo cierto es que lo mismo el vocero presidencial Jes\u00fas Ram\u00edrez que la se\u00f1ora Sanjuana Mart\u00ednez, directora de Notimex, o Jos\u00e9 Antonio \u00c1lvarez Lima, capit\u00e1n del Canal Once y Jenaro Villamil, jerarca del SPR, han cobrado un chayote o embute en cualquiera de sus representaciones ya en efectivo, en dep\u00f3sito por tareas prestadas, en un presente domiciliado por cumplea\u00f1os o como cumplido, en un viaje con vi\u00e1ticos a cargo del erario federal o estatal, una cena no precisamente en una fonda del Centro Hist\u00f3rico, un espacio en el avi\u00f3n presidencial o en el ocupado por la fuente presidencial y hasta de la CFE o de la Secretar\u00eda de Marina.<\/p>\n\n\n\n<p class=\"wp-block-paragraph\">El que est\u00e9 libre de culpa que lance su primer embute\u2026<\/p>\n\n\n\n<p class=\"wp-block-paragraph\">Porque estos personajes que utilizan el adjetivo chayotero no saben ni de qu\u00e9 diablos hablan, mucho menos el licenciado L\u00f3pez Obrador a quien, en sus t\u00e9rminos irreverentes y de quien lanza la piedra y esconde la mano, de las medias verdades y las posturas de infidente que violenta las leyes, bien se le puede considerar como Presidente Chayotero.<\/p>\n\n\n\n<p class=\"wp-block-paragraph\">Chayoteros, fif\u00eds, conservadores, golpistas, hampones\u2026 ep\u00edtetos con los que el se\u00f1orpresidente estigmatiza e insulta un d\u00eda s\u00ed y otro tambi\u00e9n a los periodistas que se desempe\u00f1an como reporteros, articulistas, comentaristas en los diversos medios de comunicaci\u00f3n, pero igual a quienes lo critican. Y de su mano, impune, la pl\u00e9yade youtubera que lee las preguntas ma\u00f1aneras aleccionadas, sembradas, porque no hilan una frase motu proprio mas s\u00ed la palabra chayotero.<\/p>\n\n\n\n<p class=\"wp-block-paragraph\">Pero estaba con el caso del licenciado L\u00f3pez Obrador quien, en estricto sentido, no est\u00e1 exento de portar la etiqueta, si de acusar haber recibido y recibir recursos para ejercer su profesi\u00f3n o tarea. Chayotero.<\/p>\n\n\n\n<p class=\"wp-block-paragraph\">Y es que, desde aquellos d\u00edas en que sali\u00f3 de Tabasco en 1991 rumbo al entonces Distrito Federal, para protestar por el que consider\u00f3 fraude en al menos seis alcald\u00edas, al frente del denominado \u00c9xodo por la Democracia, la pregunta que nunca respondi\u00f3 es qui\u00e9n o quienes le financiaron la marcha que dur\u00f3 del 25 de noviembre de 1991 al 11 de enero de 1992, cuando al frente de un nutrido grupo de tabasque\u00f1os lleg\u00f3 a la Ciudad de M\u00e9xico.<\/p>\n\n\n\n<p class=\"wp-block-paragraph\">\u00bfQui\u00e9n sufrag\u00f3 los gastos de ese periplo que no cost\u00f3 unos cuantos miles de pesos? \u00bfPag\u00f3 de su bolsa a la que quincenalmente alimentaba como dirigente del PRD tabasque\u00f1o? Bueno, hay que recordar que tambi\u00e9n fue dirigente del CDE del PRI, y lo que cobraba no era un salario cualquiera.<\/p>\n\n\n\n<p class=\"wp-block-paragraph\">Cobraba chayos que le aportaba Manuel Camacho Sol\u00eds, jefe del entonces Departamento del Distrito Federal; &nbsp;el movimiento de L\u00f3pez Obrador recib\u00eda apoyos econ\u00f3micos y en especie que, en buen castellano y como \u00e9l lo entiende, se trataba de un chayo.<\/p>\n\n\n\n<p class=\"wp-block-paragraph\">A raz\u00f3n de qu\u00e9 el DDF de esos d\u00edas de 1992 y 1994 aliment\u00f3 las bocas que pastoreaba L\u00f3pez Obrador para protestar en la capital del pa\u00eds por actos cometidos en Tabasco, por qu\u00e9 entonces s\u00ed demandaba la intervenci\u00f3n de la Secretar\u00eda de Gobernaci\u00f3n en asuntos de competencia estatal que ahora rechaza que \u00e9l, Presidente, y la Secretar\u00eda de Gobernaci\u00f3n intervengan en el caso de la Ley Bonilla del estado de Baja California.<\/p>\n\n\n\n<p class=\"wp-block-paragraph\">\u00bfSer\u00e1 que el licenciado L\u00f3pez Obrador es fil\u00e1ntropo de la pol\u00edtica? Leandro Rovirosa Wade, el poeta Carlos Pellicer, el maestro Enrique Gonz\u00e1lez Pedrero, Manuel Camacho Sol\u00eds y hasta Fernando Guti\u00e9rrez Barrios dieron a L\u00f3pez Obrador un chayote. O, \u00bfqui\u00e9n sosten\u00eda sus movilizaciones con aportaciones no comprobables?<\/p>\n\n\n\n<p class=\"wp-block-paragraph\">Fil\u00e1ntropo y faquir. Populista que vive del chayote que recibe como aportaci\u00f3n para su causa. Habr\u00e1 tiempo para hablar del chayo, para que no se espinen la boca quienes lo usan para insultar. Conste.<\/p>\n\n\n\n<p class=\"wp-block-paragraph\"><a href=\"mailto:sanchezlimon@gmail.com\" target=\"_blank\" rel=\"noreferrer noopener\">sanchezlimon@gmail.com<\/a><\/p>\n\n\n\n<p class=\"wp-block-paragraph\"><a href=\"http:\/\/www.entresemana.mx\/\" target=\"_blank\" rel=\"noreferrer noopener\">www.entresemana.mx<\/a><\/p>\n\n\n\n<p class=\"wp-block-paragraph\">@msanchezlimon<\/p>\n","protected":false},"excerpt":{"rendered":"<p>El chayotero Presidente<\/p>\n","protected":false},"author":3,"featured_media":8470,"comment_status":"open","ping_status":"open","sticky":false,"template":"","format":"standard","meta":{"_monsterinsights_skip_tracking":false,"footnotes":""},"categories":[690,105,83],"tags":[],"class_list":["post-10197","post","type-post","status-publish","format-standard","has-post-thumbnail","category-690","category-entresemana","category-moises-sanchez-limon"],"_links":{"self":[{"href":"https:\/\/redsemlac.com\/semmexico\/wp-json\/wp\/v2\/posts\/10197","targetHints":{"allow":["GET"]}}],"collection":[{"href":"https:\/\/redsemlac.com\/semmexico\/wp-json\/wp\/v2\/posts"}],"about":[{"href":"https:\/\/redsemlac.com\/semmexico\/wp-json\/wp\/v2\/types\/post"}],"author":[{"embeddable":true,"href":"https:\/\/redsemlac.com\/semmexico\/wp-json\/wp\/v2\/users\/3"}],"replies":[{"embeddable":true,"href":"https:\/\/redsemlac.com\/semmexico\/wp-json\/wp\/v2\/comments?post=10197"}],"version-history":[{"count":0,"href":"https:\/\/redsemlac.com\/semmexico\/wp-json\/wp\/v2\/posts\/10197\/revisions"}],"wp:featuredmedia":[{"embeddable":true,"href":"https:\/\/redsemlac.com\/semmexico\/wp-json\/wp\/v2\/media\/8470"}],"wp:attachment":[{"href":"https:\/\/redsemlac.com\/semmexico\/wp-json\/wp\/v2\/media?parent=10197"}],"wp:term":[{"taxonomy":"category","embeddable":true,"href":"https:\/\/redsemlac.com\/semmexico\/wp-json\/wp\/v2\/categories?post=10197"},{"taxonomy":"post_tag","embeddable":true,"href":"https:\/\/redsemlac.com\/semmexico\/wp-json\/wp\/v2\/tags?post=10197"}],"curies":[{"name":"wp","href":"https:\/\/api.w.org\/{rel}","templated":true}]}}