{"id":101963,"date":"2026-01-18T20:58:25","date_gmt":"2026-01-19T02:58:25","guid":{"rendered":"https:\/\/redsemlac.com\/semmexico\/?p=101963"},"modified":"2026-01-18T21:03:05","modified_gmt":"2026-01-19T03:03:05","slug":"la-opinion-san-verastegui","status":"publish","type":"post","link":"https:\/\/redsemlac.com\/semmexico\/la-opinion-san-verastegui\/","title":{"rendered":"La opini\u00f3n| San Ver\u00e1stegui"},"content":{"rendered":"\n<p class=\"wp-block-paragraph\">Flor Mar\u00eda Y\u00e1\u00f1ez \u00c1lvarez*<\/p>\n\n\n\n<p class=\"wp-block-paragraph\">SemM\u00e9xico, Cd. de M\u00e9xico, 18 de enero, 2026.- Cuando se tiene demasiada moral, se&nbsp;tiene doble. La entrevista que la \u201cizquierdista\u201d Sabina Berman le realiz\u00f3 al ultra-ultra-ultra&nbsp;\u2014as\u00ed se defini\u00f3 \u00e9l\u2014 derechista Eduardo Ver\u00e1stegui fue cancelada por el gobierno.<\/p>\n\n\n\n<p class=\"wp-block-paragraph\">Seg\u00fan los canales de difusi\u00f3n, su contenido promov\u00eda un ataque pol\u00edtico contra los&nbsp;derechos humanos de las mujeres. Cuando al gobierno le conviene, reprime. La&nbsp;censura se volvi\u00f3 viral. Algunos fragmentos circularon por redes, como el momento en que&nbsp;el ultraconservador afirm\u00f3 que el aborto era un asesinato y que \u00e9l quer\u00eda defender la vida&nbsp;de todos.<\/p>\n\n\n\n<p class=\"wp-block-paragraph\">Sabina lo interrumpi\u00f3 para aclarar que las mujeres no luchan por el \u201cderecho a abortar\u201d,&nbsp;sino por el derecho a decidir, por la autonom\u00eda sobre nuestros cuerpos. Le agradeci\u00f3 la&nbsp;intenci\u00f3n de \u201ccuidarnos\u201d, pero le record\u00f3 que no necesitamos ser cuidadas. Ante la&nbsp;cancelaci\u00f3n, Eduardo denunci\u00f3 discriminaci\u00f3n por ser cat\u00f3lico y provida.<\/p>\n\n\n\n<p class=\"wp-block-paragraph\">En otras entrevistas dej\u00f3 claro que aspira a ser santo y que intenta obedecer a Dios para&nbsp;agradarlo. Afirma que, para ser pol\u00edtico, primero hay que estar enamorado de Dios y de la&nbsp;patria, y que todo pol\u00edtico debe estar preparado moralmente, porque el demonio est\u00e1 entre&nbsp;nosotros. Por sentido com\u00fan y moral, los mexicanos buscan irse \u201chacia la derecha\u201d; aman&nbsp;a Dios, a la vida y a la familia tradicional.<\/p>\n\n\n\n<p class=\"wp-block-paragraph\">Considera el aborto un crimen, concibe a la familia como la uni\u00f3n exclusiva entre hombre&nbsp;y mujer y rechaza la llamada ideolog\u00eda de g\u00e9nero.<\/p>\n\n\n\n<p class=\"wp-block-paragraph\">En los \u00faltimos a\u00f1os se ha vuelto com\u00fan el surgimiento de gobiernos de ultraderecha,&nbsp;llamados neoliberales o neofascistas. Aunque operan dentro de marcos democr\u00e1ticos,&nbsp;utilizan la religi\u00f3n y la censura de derechos para legitimar sus proyectos pol\u00edticos.<\/p>\n\n\n\n<p class=\"wp-block-paragraph\">La religi\u00f3n resulta un arma eficaz para ordenar, disciplinar y responsabilizar al individuo&nbsp;de su situaci\u00f3n, desplazando la responsabilidad del sistema. Se emplea marco&nbsp;legitimador para rechazar los derechos sexuales y reproductivos de las mujeres y&nbsp;cualquier pol\u00edtica que haga efectiva la igualdad. Las agendas de diversidad representan&nbsp;una amenaza para preservar un orden social r\u00edgido. Lo m\u00e1s peligroso es que la moral<\/p>\n\n\n\n<hr class=\"wp-block-separator has-alpha-channel-opacity\"\/>\n\n\n\n<p class=\"wp-block-paragraph\">2 \/ 2<\/p>\n\n\n\n<p class=\"wp-block-paragraph\">sustituye a la pol\u00edtica p\u00fablica y a la justicia social. El miedo cultural se convierte en&nbsp;herramienta pol\u00edtica. La moral conservadora disciplina sin redistribuir.<\/p>\n\n\n\n<p class=\"wp-block-paragraph\">El feminismo resulta peligroso para el conservadurismo porque cuestiona las&nbsp;desigualdades desde la ra\u00edz. El aborto reconoce a las mujeres como sujetos plenos de&nbsp;decisi\u00f3n sobre su cuerpo y su vida. Eso rompe con la autoridad patriarcal, con la idea de&nbsp;obediencia \u201cnatural\u201d y con la subordinaci\u00f3n moral de las mujeres. Un cuerpo que decide&nbsp;no es f\u00e1cilmente disciplinable. Y eso, precisamente, es lo que amenaza al orden&nbsp;conservador.<\/p>\n\n\n\n<p class=\"wp-block-paragraph\">Eduardo Ver\u00e1stegui anuncia que buscar\u00e1 \u2014de nuevo\u2014 la Presidencia de la Rep\u00fablica en&nbsp;2030. Este es un proyecto pol\u00edtico que pretende gobernar con dogmas morales en lugar&nbsp;de derechos, pol\u00edticas p\u00fablicas y justicia social. San Ver\u00e1stegui quiere imponer la moral&nbsp;como ley y la obediencia a Dios como ejes rectores \u2014al parecer\u2014. La historia ya nos ha&nbsp;ense\u00f1ado a qu\u00e9 precio se paga eso. \u00bfEn verdad no nos damos cuenta?<\/p>\n\n\n\n<p class=\"wp-block-paragraph\"><a href=\"mailto:*Yanez_flor@hotmail.com\" target=\"_blank\" rel=\"noreferrer noopener\">*Yanez_flor@hotmail.com<\/a>; columnista de El Sol de M\u00e9xico<\/p>\n","protected":false},"excerpt":{"rendered":"<p>Flor Mar\u00eda Y\u00e1\u00f1ez \u00c1lvarez* SemM\u00e9xico, Cd. de M\u00e9xico, 18 de enero, 2026.- Cuando se tiene demasiada moral, se&nbsp;tiene doble. La entrevista que la \u201cizquierdista\u201d Sabina Berman le realiz\u00f3 al ultra-ultra-ultra&nbsp;\u2014as\u00ed se defini\u00f3 \u00e9l\u2014 derechista Eduardo Ver\u00e1stegui fue cancelada por el gobierno. Seg\u00fan los canales de difusi\u00f3n, su contenido promov\u00eda un ataque pol\u00edtico contra los&nbsp;derechos humanos [&hellip;]<\/p>\n","protected":false},"author":3,"featured_media":101964,"comment_status":"open","ping_status":"open","sticky":false,"template":"","format":"standard","meta":{"_monsterinsights_skip_tracking":false,"footnotes":""},"categories":[82,110,35],"tags":[],"class_list":["post-101963","post","type-post","status-publish","format-standard","has-post-thumbnail","category-la-opinion","category-la-opinion-columnas","category-opinion"],"_links":{"self":[{"href":"https:\/\/redsemlac.com\/semmexico\/wp-json\/wp\/v2\/posts\/101963","targetHints":{"allow":["GET"]}}],"collection":[{"href":"https:\/\/redsemlac.com\/semmexico\/wp-json\/wp\/v2\/posts"}],"about":[{"href":"https:\/\/redsemlac.com\/semmexico\/wp-json\/wp\/v2\/types\/post"}],"author":[{"embeddable":true,"href":"https:\/\/redsemlac.com\/semmexico\/wp-json\/wp\/v2\/users\/3"}],"replies":[{"embeddable":true,"href":"https:\/\/redsemlac.com\/semmexico\/wp-json\/wp\/v2\/comments?post=101963"}],"version-history":[{"count":0,"href":"https:\/\/redsemlac.com\/semmexico\/wp-json\/wp\/v2\/posts\/101963\/revisions"}],"wp:featuredmedia":[{"embeddable":true,"href":"https:\/\/redsemlac.com\/semmexico\/wp-json\/wp\/v2\/media\/101964"}],"wp:attachment":[{"href":"https:\/\/redsemlac.com\/semmexico\/wp-json\/wp\/v2\/media?parent=101963"}],"wp:term":[{"taxonomy":"category","embeddable":true,"href":"https:\/\/redsemlac.com\/semmexico\/wp-json\/wp\/v2\/categories?post=101963"},{"taxonomy":"post_tag","embeddable":true,"href":"https:\/\/redsemlac.com\/semmexico\/wp-json\/wp\/v2\/tags?post=101963"}],"curies":[{"name":"wp","href":"https:\/\/api.w.org\/{rel}","templated":true}]}}