{"id":101923,"date":"2026-01-16T18:34:20","date_gmt":"2026-01-17T00:34:20","guid":{"rendered":"https:\/\/redsemlac.com\/semmexico\/?p=101923"},"modified":"2026-01-16T18:34:21","modified_gmt":"2026-01-17T00:34:21","slug":"hoy-el-senado-conmemora-el-110-aniversario-del-primer-congreso-feminista","status":"publish","type":"post","link":"https:\/\/redsemlac.com\/semmexico\/hoy-el-senado-conmemora-el-110-aniversario-del-primer-congreso-feminista\/","title":{"rendered":"Hoy el Senado conmemora el 110 Aniversario del Primer Congreso Feminista"},"content":{"rendered":"\n<ul class=\"wp-block-list\">\n<li>Es un homenaje a quienes abrieron el camino para reconocer el papel de las mujeres en el desarrollo de nuestra naci\u00f3n<\/li>\n\n\n\n<li>El acto se realizar\u00e1 en recinto hist\u00f3rico de Xicot\u00e9ncatl, en la ciudad de M\u00e9xico<\/li>\n<\/ul>\n\n\n\n<p class=\"wp-block-paragraph\">Redacci\u00f3n<\/p>\n\n\n\n<p class=\"wp-block-paragraph\">SemM\u00e9xico, Ciudad de M\u00e9xico, 16 de enero, 2026.- A iniciativa de la presidenta de la Mesa Directiva, Laura Itzel Castillo Ju\u00e1rez, la C\u00e1mara de Senadores conmemorar\u00e1 este viernes el 110 Aniversario del Primer Congreso Feminista, un hecho hist\u00f3rico que se llev\u00f3 a cabo en Yucat\u00e1n en 1916 y que marc\u00f3 el inicio de la lucha por los derechos de las mujeres en nuestro pa\u00eds.<\/p>\n\n\n\n<p class=\"wp-block-paragraph\">En la ceremonia que se realizar\u00e1 en el recinto hist\u00f3rico de la C\u00e1mara de Senadores, ubicado en la calle de Xicot\u00e9ncatl, n\u00famero 9, se rendir\u00e1 homenaje a quienes abrieron el camino para reconocer el papel de las mujeres en el desarrollo de nuestra naci\u00f3n, avanzar en la igualdad de g\u00e9nero y garantizar los derechos pol\u00edticos, econ\u00f3micos, sociales y culturales de este sector de la poblaci\u00f3n.<\/p>\n\n\n\n<p class=\"wp-block-paragraph\">De acuerdo con el programa preliminar, el encuentro iniciar\u00e1 alrededor de las 10:00 horas con la presentaci\u00f3n de un video conmemorativo sobre \u201cLas sufragistas\u201d, seguida del mensaje de inauguraci\u00f3n de la presidenta del Senado de la Rep\u00fablica, Laura Itzel Castillo Ju\u00e1rez.<\/p>\n\n\n\n<p class=\"wp-block-paragraph\">Posteriormente, se prev\u00e9 la participaci\u00f3n de representantes de los Poderes Ejecutivo, Legislativo y Judicial, as\u00ed como de ONU Mujeres.<\/p>\n\n\n\n<p class=\"wp-block-paragraph\">Luego se tiene previsto un segundo video sobre \u201cLa revoluci\u00f3n de las mujeres en medio de la Revoluci\u00f3n Mexicana\u201d; para dar paso a cuatro conferencias magistrales con los temas \u201c\u00bfQu\u00e9 hicimos con la estafeta? A 110 a\u00f1os del Primer Congreso Feminista en M\u00e9xico\u201d; \u201cLas mujeres s\u00ed somos diferentes\u201d; \u201cDe la herencia a la ley: 110 a\u00f1os de feminismo incomodando al poder; y&nbsp;\u201cPendientes legislativos y agenda feminista para la igualdad sustantiva en M\u00e9xico\u201d.<\/p>\n\n\n\n<p class=\"wp-block-paragraph\">La clausura del encuentro est\u00e1 prevista a las 14:00 horas, con el mensaje final de la presidenta del Senado de la Rep\u00fablica, Laura Itzel Castillo Ju\u00e1rez, y la exhibici\u00f3n del video musical \u201cCon las alas al viento\u201d.<\/p>\n\n\n\n<p class=\"wp-block-paragraph\">En el Primer Congreso Feminista -que tuvo lugar del 13 al 16 de enero de 1916, en el Teatro Pe\u00f3n Contreras de la ciudad de M\u00e9rida, Yucat\u00e1n-, participaron m\u00e1s de 600 delegadas, entre ellas, Elvia Carrillo Puerto, Hermila Galindo Acosta, Rosa Torre Gonz\u00e1lez y Consuelo Zavala Castillo, con el prop\u00f3sito de eliminar la exclusi\u00f3n de las mujeres en la vida pol\u00edtica e institucional de nuestro pa\u00eds.<\/p>\n\n\n\n<p class=\"wp-block-paragraph\">No se trat\u00f3 de un evento aislado, sino de un encuentro masivo que fue organizado para generar conciencia sobre los obst\u00e1culos que imped\u00edan el desarrollo de este sector; as\u00ed como para sentar los cimientos para la igualdad de g\u00e9nero, as\u00ed como para el ejercicio del derecho al voto libre y secreto de las mujeres.<\/p>\n\n\n\n<p class=\"wp-block-paragraph\">Al respecto, Laura Itzel Castillo Ju\u00e1rez consider\u00f3 fundamental rendir un homenaje a las mujeres que participaron en el Primer Congreso Feminista de Yucat\u00e1n, un encuentro en el que se abordaron temas de salud, educaci\u00f3n, trabajo, participaci\u00f3n pol\u00edtica y, sobre todo, de la importancia de garantizar todos los derechos de las mujeres.<\/p>\n\n\n\n<p class=\"wp-block-paragraph\">\u201cFue un esc\u00e1ndalo en aquel momento, porque hablaron de la participaci\u00f3n de las mujeres en la vida pol\u00edtica, de la importancia de que pudieran tener derecho al voto, de que se pudieran realizar cuestiones para el control de la natalidad y de m\u00e9todos anticonceptivos\u201d, resalt\u00f3.<\/p>\n\n\n\n<p class=\"wp-block-paragraph\">SEM\/sj<\/p>\n\n\n\n<p class=\"wp-block-paragraph\"><\/p>\n","protected":false},"excerpt":{"rendered":"<p>Redacci\u00f3n SemM\u00e9xico, Ciudad de M\u00e9xico, 16 de enero, 2026.- A iniciativa de la presidenta de la Mesa Directiva, Laura Itzel Castillo Ju\u00e1rez, la C\u00e1mara de Senadores conmemorar\u00e1 este viernes el 110 Aniversario del Primer Congreso Feminista, un hecho hist\u00f3rico que se llev\u00f3 a cabo en Yucat\u00e1n en 1916 y que marc\u00f3 el inicio de la [&hellip;]<\/p>\n","protected":false},"author":3,"featured_media":101924,"comment_status":"open","ping_status":"open","sticky":false,"template":"","format":"standard","meta":{"_monsterinsights_skip_tracking":false,"footnotes":""},"categories":[50],"tags":[],"class_list":["post-101923","post","type-post","status-publish","format-standard","has-post-thumbnail","category-congreso"],"_links":{"self":[{"href":"https:\/\/redsemlac.com\/semmexico\/wp-json\/wp\/v2\/posts\/101923","targetHints":{"allow":["GET"]}}],"collection":[{"href":"https:\/\/redsemlac.com\/semmexico\/wp-json\/wp\/v2\/posts"}],"about":[{"href":"https:\/\/redsemlac.com\/semmexico\/wp-json\/wp\/v2\/types\/post"}],"author":[{"embeddable":true,"href":"https:\/\/redsemlac.com\/semmexico\/wp-json\/wp\/v2\/users\/3"}],"replies":[{"embeddable":true,"href":"https:\/\/redsemlac.com\/semmexico\/wp-json\/wp\/v2\/comments?post=101923"}],"version-history":[{"count":0,"href":"https:\/\/redsemlac.com\/semmexico\/wp-json\/wp\/v2\/posts\/101923\/revisions"}],"wp:featuredmedia":[{"embeddable":true,"href":"https:\/\/redsemlac.com\/semmexico\/wp-json\/wp\/v2\/media\/101924"}],"wp:attachment":[{"href":"https:\/\/redsemlac.com\/semmexico\/wp-json\/wp\/v2\/media?parent=101923"}],"wp:term":[{"taxonomy":"category","embeddable":true,"href":"https:\/\/redsemlac.com\/semmexico\/wp-json\/wp\/v2\/categories?post=101923"},{"taxonomy":"post_tag","embeddable":true,"href":"https:\/\/redsemlac.com\/semmexico\/wp-json\/wp\/v2\/tags?post=101923"}],"curies":[{"name":"wp","href":"https:\/\/api.w.org\/{rel}","templated":true}]}}