{"id":101920,"date":"2026-01-16T18:44:49","date_gmt":"2026-01-17T00:44:49","guid":{"rendered":"https:\/\/redsemlac.com\/semmexico\/?p=101920"},"modified":"2026-01-16T18:44:49","modified_gmt":"2026-01-17T00:44:49","slug":"exigen-respuestas-por-desaparicion-forzada-de-defensores-de-derechos-humanos-en-mexico","status":"publish","type":"post","link":"https:\/\/redsemlac.com\/semmexico\/exigen-respuestas-por-desaparicion-forzada-de-defensores-de-derechos-humanos-en-mexico\/","title":{"rendered":"Exigen respuestas por desaparici\u00f3n forzada de defensores de derechos humanos en M\u00e9xico"},"content":{"rendered":"\n<ul class=\"wp-block-list\">\n<li>En M\u00e9xico hay m\u00e1s decenas de miles de casos de desapariciones forzadas<\/li>\n\n\n\n<li>Recuerdan que las autoridades \u201cdeben cumplir con sus obligaciones internacionales\u201d<\/li>\n<\/ul>\n\n\n\n<p class=\"wp-block-paragraph\">SemM\u00e9xico, Ciudad de M\u00e9xico, 16 de diciembre, 2026.- Un grupo de personas expertas de Naciones Unidas exigi\u00f3 al Estado mexicano respuestas inmediatas sobre la suerte y el paradero de los defensores de&nbsp;<a href=\"https:\/\/news.un.org\/es\/news\/topic\/human-rights\">derechos humanos<\/a>&nbsp;Ricardo Lagunes y Antonio D\u00edaz, al cumplirse tres a\u00f1os de su desaparici\u00f3n forzada en el estado de Colima.<\/p>\n\n\n\n<p class=\"wp-block-paragraph\">En un comunicado de la ONU-DH, los relatores especiales y expertos independientes* se\u00f1alaron que las autoridades \u00abdeben cumplir con sus obligaciones internacionales\u00bb, entre ellas la de&nbsp;investigar exhaustivamente los hechos, realizar una b\u00fasqueda activa y sancionar penalmente a los perpetradores.<\/p>\n\n\n\n<p class=\"wp-block-paragraph\"><strong>El caso: un conflicto minero como trasfondo<\/strong><\/p>\n\n\n\n<p class=\"wp-block-paragraph\">Lagunes, abogado defensor, y D\u00edaz, l\u00edder ind\u00edgena, desaparecieron el 15 de enero de 2023 tras participar en una reuni\u00f3n comunitaria en San Miguel de Aquila, Michoac\u00e1n. La comunidad discut\u00eda acciones colectivas por los impactos en derechos humanos derivados de las operaciones de la empresa minera Ternium, parte del grupo Techint.&nbsp;Su desaparici\u00f3n se enmarca en un conflicto de larga data por recursos naturales.<\/p>\n\n\n\n<p class=\"wp-block-paragraph\">Los expertos destacaron la \u00abincansable b\u00fasqueda de verdad y justicia\u00bb emprendida por las familias durante estos tres a\u00f1os, frente a lo que califican como una falta de \u00abrespuesta efectiva\u00bb por parte del Estado. El caso est\u00e1 registrado bajo el procedimiento de&nbsp;<a href=\"https:\/\/www.ohchr.org\/en\/treaty-bodies\/ced\/urgent-actions\" target=\"_blank\" rel=\"noreferrer noopener\">Acciones Urgentes<\/a>&nbsp;del Comit\u00e9 de la ONU contra las Desapariciones Forzadas y cuenta con&nbsp;<a href=\"https:\/\/eur02.safelinks.protection.outlook.com\/?url=https%3A%2F%2Fwww.oas.org%2Fes%2Fcidh%2Fdecisiones%2Fmc%2F2023%2Fres_1-23_mc_42-23%2520_mx_es.pdf&amp;data=05%7C02%7Clafuentea%40un.org%7Cd9e184a7e87e4bf3402c08de54394b8b%7C0f9e35db544f4f60bdcc5ea416e6dc70%7C0%7C0%7C639040802501741011%7CUnknown%7CTWFpbGZsb3d8eyJFbXB0eU1hcGkiOnRydWUsIlYiOiIwLjAuMDAwMCIsIlAiOiJXaW4zMiIsIkFOIjoiTWFpbCIsIldUIjoyfQ%3D%3D%7C0%7C%7C%7C&amp;sdata=zGXRL%2BFc%2BJ9p4wGmsW07ChVH09DcQZpcmMpgyMhrAEU%3D&amp;reserved=0\" target=\"_blank\" rel=\"noreferrer noopener\">medidas cautelares<\/a>&nbsp;de la Comisi\u00f3n Interamericana de Derechos Humanos.<\/p>\n\n\n\n<p class=\"wp-block-paragraph\"><strong>Una advertencia sobre el efecto amedrentador<\/strong><\/p>\n\n\n\n<p class=\"wp-block-paragraph\">\u00abLas desapariciones forzadas tienen un efecto amedrentador sobre quienes defienden los derechos humanos (&#8230;) y sirven para silenciar voces cr\u00edticas\u00bb, afirmaron los expertos. Instaron al Gobierno mexicano a&nbsp;garantizar un entorno seguro para los defensores, fortaleciendo el mecanismo de protecci\u00f3n existente.<\/p>\n\n\n\n<p class=\"wp-block-paragraph\">El comunicado hace un llamado directo a la responsabilidad corporativa. Los expertos se\u00f1alaron que, seg\u00fan informes, en contextos de proyectos extractivos \u00ablas empresas han sembrado y exacerbado divisiones comunitarias, incitando a la violencia\u00bb. Exigieron a Ternium que, conforme a los Principios Rectores de la ONU sobre Empresas y Derechos Humanos, coopere plenamente con las investigaciones, asista en la recopilaci\u00f3n de pruebas y aborde los impactos negativos en los que pueda estar involucrada.<\/p>\n\n\n\n<p class=\"wp-block-paragraph\"><strong>Responsabilidades claras: Estado y empresa<\/strong><\/p>\n\n\n\n<p class=\"wp-block-paragraph\">Los expertos en derechos humanos subrayan una doble obligaci\u00f3n:<\/p>\n\n\n\n<ul class=\"wp-block-list\">\n<li>Para el Estado: Investigar con diligencia, proteger a los defensores y garantizar que las empresas bajo su jurisdicci\u00f3n respeten los derechos humanos<\/li>\n<\/ul>\n\n\n\n<ul class=\"wp-block-list\">\n<li>Para la empresa: Evitar vulnerar derechos, cooperar de buena fe con las autoridades en casos graves como este y proporcionar reparaci\u00f3n por los impactos causados<\/li>\n<\/ul>\n\n\n\n<p class=\"wp-block-paragraph\">Los expertos concluyeron recordando que mantienen comunicaci\u00f3n tanto con el Gobierno de M\u00e9xico como con la empresa involucrada sobre este caso, el cual se ha convertido en un s\u00edmbolo de los riesgos extremos que enfrentan los defensores de la tierra y el medio ambiente en el pa\u00eds.<\/p>\n\n\n\n<p class=\"wp-block-paragraph\">SEM\/sj<\/p>\n\n\n\n<p class=\"wp-block-paragraph\"><\/p>\n","protected":false},"excerpt":{"rendered":"<p>SemM\u00e9xico, Ciudad de M\u00e9xico, 16 de diciembre, 2026.- Un grupo de personas expertas de Naciones Unidas exigi\u00f3 al Estado mexicano respuestas inmediatas sobre la suerte y el paradero de los defensores de&nbsp;derechos humanos&nbsp;Ricardo Lagunes y Antonio D\u00edaz, al cumplirse tres a\u00f1os de su desaparici\u00f3n forzada en el estado de Colima. En un comunicado de la [&hellip;]<\/p>\n","protected":false},"author":3,"featured_media":101921,"comment_status":"open","ping_status":"open","sticky":false,"template":"","format":"standard","meta":{"_monsterinsights_skip_tracking":false,"footnotes":""},"categories":[694],"tags":[],"class_list":["post-101920","post","type-post","status-publish","format-standard","has-post-thumbnail","category-destacadas"],"_links":{"self":[{"href":"https:\/\/redsemlac.com\/semmexico\/wp-json\/wp\/v2\/posts\/101920","targetHints":{"allow":["GET"]}}],"collection":[{"href":"https:\/\/redsemlac.com\/semmexico\/wp-json\/wp\/v2\/posts"}],"about":[{"href":"https:\/\/redsemlac.com\/semmexico\/wp-json\/wp\/v2\/types\/post"}],"author":[{"embeddable":true,"href":"https:\/\/redsemlac.com\/semmexico\/wp-json\/wp\/v2\/users\/3"}],"replies":[{"embeddable":true,"href":"https:\/\/redsemlac.com\/semmexico\/wp-json\/wp\/v2\/comments?post=101920"}],"version-history":[{"count":0,"href":"https:\/\/redsemlac.com\/semmexico\/wp-json\/wp\/v2\/posts\/101920\/revisions"}],"wp:featuredmedia":[{"embeddable":true,"href":"https:\/\/redsemlac.com\/semmexico\/wp-json\/wp\/v2\/media\/101921"}],"wp:attachment":[{"href":"https:\/\/redsemlac.com\/semmexico\/wp-json\/wp\/v2\/media?parent=101920"}],"wp:term":[{"taxonomy":"category","embeddable":true,"href":"https:\/\/redsemlac.com\/semmexico\/wp-json\/wp\/v2\/categories?post=101920"},{"taxonomy":"post_tag","embeddable":true,"href":"https:\/\/redsemlac.com\/semmexico\/wp-json\/wp\/v2\/tags?post=101920"}],"curies":[{"name":"wp","href":"https:\/\/api.w.org\/{rel}","templated":true}]}}