{"id":101917,"date":"2026-01-16T18:44:22","date_gmt":"2026-01-17T00:44:22","guid":{"rendered":"https:\/\/redsemlac.com\/semmexico\/?p=101917"},"modified":"2026-01-16T18:44:23","modified_gmt":"2026-01-17T00:44:23","slug":"preocupacion-en-la-onu-por-escalada-de-violencia-en-iran-y-llama-a-la-contencion","status":"publish","type":"post","link":"https:\/\/redsemlac.com\/semmexico\/preocupacion-en-la-onu-por-escalada-de-violencia-en-iran-y-llama-a-la-contencion\/","title":{"rendered":"Preocupaci\u00f3n en la ONU por escalada de violencia en Ir\u00e1n y llama a la contenci\u00f3n"},"content":{"rendered":"\n<ul class=\"wp-block-list\">\n<li>El Consejo de Seguridad de la ONU se re\u00fane sobre la situaci\u00f3n en Ir\u00e1n.<\/li>\n<\/ul>\n\n\n\n<ul class=\"wp-block-list\">\n<li>La encargada de Asuntos Pol\u00edticos subraya en el Consejo de Seguridad la necesidad urgente de evitar nuevas v\u00edctimas<\/li>\n<\/ul>\n\n\n\n<p class=\"wp-block-paragraph\">Redacci\u00f3n<\/p>\n\n\n\n<p class=\"wp-block-paragraph\">SemM\u00e9xico, Ciudad de M\u00e9xico, 16 de enero, 2026.- La Organizaci\u00f3n de las Naciones Unidas expres\u00f3 este jueves su profunda preocupaci\u00f3n por la grave situaci\u00f3n en Ir\u00e1n, marcada por protestas generalizadas, un elevado n\u00famero de v\u00edctimas y el riesgo de una mayor desestabilizaci\u00f3n regional.&nbsp;<\/p>\n\n\n\n<p class=\"wp-block-paragraph\">As\u00ed lo afirm\u00f3 la secretaria general adjunta para Asuntos Pol\u00edticos y de Consolidaci\u00f3n de la Paz, Martha Pobee, en una sesi\u00f3n informativa ante el&nbsp;Consejo de Seguridad, se\u00f1ala un comunicado del organismo internacional.<\/p>\n\n\n\n<p class=\"wp-block-paragraph\">Seg\u00fan indic\u00f3 Pobee, las manifestaciones comenzaron el 28 de diciembre de 2025 en Teher\u00e1n, cuando comerciantes del Gran Bazar protestaron contra el colapso de la moneda nacional, la inflaci\u00f3n descontrolada y el deterioro de las condiciones de vida. En pocos d\u00edas, las protestas se extendieron a todo el pa\u00eds y evolucionaron hacia un movimiento de car\u00e1cter pol\u00edtico, convirti\u00e9ndose en las mayores manifestaciones desde las protestas de \u201cMujer, Vida, Libertad\u201d de 2022.<\/p>\n\n\n\n<p class=\"wp-block-paragraph\"><strong>Muerte de manifestantes&nbsp;<\/strong><\/p>\n\n\n\n<p class=\"wp-block-paragraph\">Aunque inicialmente fueron mayoritariamente pac\u00edficas, las protestas derivaron en una fuerte escalada de violencia a partir del 8 de enero, cuando se intensificaron en Teher\u00e1n y otras grandes ciudades. Las autoridades respondieron imponiendo un&nbsp;apag\u00f3n casi total de las comunicaciones, evacuando residencias universitarias, levantando barreras en los centros urbanos y, seg\u00fan m\u00faltiples informes, recurriendo al uso excesivo de la fuerza.<\/p>\n\n\n\n<p class=\"wp-block-paragraph\">Medios de comunicaci\u00f3n y organizaciones de&nbsp;derechos humanos&nbsp;han reportado la muerte de cientos, e incluso miles, de manifestantes y transe\u00fantes en un corto per\u00edodo de tiempo, cifras que las Naciones Unidas no han podido verificar de manera independiente.<\/p>\n\n\n\n<p class=\"wp-block-paragraph\">El Gobierno iran\u00ed, por su parte, sostiene que actu\u00f3 frente a la infiltraci\u00f3n de \u201cterroristas organizados\u201d y acusa a estos grupos de provocar violencia con el objetivo de desestabilizar al pa\u00eds y atraer una intervenci\u00f3n extranjera.<\/p>\n\n\n\n<p class=\"wp-block-paragraph\">En una declaraci\u00f3n, el&nbsp;secretario general&nbsp;expres\u00f3 su alarma por el uso excesivo de la fuerza y subray\u00f3 la necesidad urgente de evitar nuevas v\u00edctimas. Reafirm\u00f3 que todos los iran\u00edes deben poder expresar sus demandas de manera pac\u00edfica y sin temor, y record\u00f3 que las libertades de expresi\u00f3n, asociaci\u00f3n y reuni\u00f3n pac\u00edfica est\u00e1n protegidas por el derecho internacional. Asimismo,&nbsp;inst\u00f3 a las autoridades a restablecer el acceso a la informaci\u00f3n&nbsp;y levantar el bloqueo de las comunicaciones.<\/p>\n\n\n\n<p class=\"wp-block-paragraph\"><strong>Arrestos masivos<\/strong><\/p>\n\n\n\n<p class=\"wp-block-paragraph\">La ONU tambi\u00e9n manifest\u00f3 su preocupaci\u00f3n por las denuncias de arrestos masivos, que superar\u00edan las&nbsp;18 mil personas detenidas, y llam\u00f3 a respetar el debido proceso, garantizar un trato humano a los detenidos y detener cualquier ejecuci\u00f3n relacionada con las protestas.<\/p>\n\n\n\n<p class=\"wp-block-paragraph\">&nbsp;Finalmente, ante las crecientes tensiones y declaraciones sobre posibles acciones militares contra Ir\u00e1n, el secretario general inst\u00f3 a todas las partes a ejercer la m\u00e1xima moderaci\u00f3n y reiter\u00f3 que la diplomacia y el di\u00e1logo son la \u00fanica v\u00eda para evitar una mayor escalada y preservar la paz y la seguridad internacionales.<\/p>\n\n\n\n<p class=\"wp-block-paragraph\"><strong>Calles llenas de bolsas de cad\u00e1veres<\/strong><\/p>\n\n\n\n<p class=\"wp-block-paragraph\">La periodista y activista iran\u00ed Masih Alinejad denunci\u00f3 lo que calific\u00f3 como una \u201cmasacre\u201d contra manifestantes en Ir\u00e1n y critic\u00f3 la falta de una respuesta firme de la comunidad internacional.&nbsp;<\/p>\n\n\n\n<p class=\"wp-block-paragraph\">Invitada por Estados Unidos, Alinejad afirm\u00f3 que millones de iran\u00edes desarmados han sido silenciados mediante el uso de munici\u00f3n militar, arrestos masivos y un apag\u00f3n total de las comunicaciones destinado, seg\u00fan se\u00f1al\u00f3, a ocultar las violaciones cometidas por las autoridades.<\/p>\n\n\n\n<p class=\"wp-block-paragraph\">La periodista sostuvo que las protestas, iniciadas el 28 de diciembre por el colapso econ\u00f3mico, se transformaron r\u00e1pidamente en un levantamiento nacional que atraviesa todos los sectores sociales y regiones del pa\u00eds. Alinejad denunci\u00f3 cifras de v\u00edctimas que ascienden a miles, aunque reconoci\u00f3 que no existe verificaci\u00f3n independiente debido al bloqueo informativo.&nbsp;<\/p>\n\n\n\n<p class=\"wp-block-paragraph\">\u201cPeriodistas dentro de Ir\u00e1n han enviado v\u00eddeos en los que se ven montones y montones de bolsas para cad\u00e1veres apiladas unas encima de otras. Iran\u00edes en el exilio, debido al cierre de internet, ampl\u00edan la imagen para asegurarse de que sus familiares y seres queridos no est\u00e1n en esas bolsas\u201d.<\/p>\n\n\n\n<p class=\"wp-block-paragraph\">Asimismo, alert\u00f3 sobre la represi\u00f3n transnacional contra disidentes iran\u00edes en el extranjero y llam\u00f3 al Consejo de Seguridad a pasar de las declaraciones a acciones concretas para proteger a la poblaci\u00f3n civil.<\/p>\n\n\n\n<p class=\"wp-block-paragraph\"><strong>Ejecuciones extrajudiciales, entierros sin identificaci\u00f3n<\/strong><\/p>\n\n\n\n<p class=\"wp-block-paragraph\">El periodista y defensor de derechos humanos Ahmad Batebi comparti\u00f3 su testimonio personal sobre la represi\u00f3n, vinculando su experiencia pasada con la situaci\u00f3n actual en el pa\u00eds.&nbsp;<\/p>\n\n\n\n<p class=\"wp-block-paragraph\">Batebi record\u00f3 que fue arrestado siendo estudiante por participar en protestas, condenado inicialmente a muerte y sometido durante a\u00f1os a aislamiento prolongado y tortura f\u00edsica y psicol\u00f3gica, incluida la simulaci\u00f3n de ejecuciones.<\/p>\n\n\n\n<p class=\"wp-block-paragraph\">Se\u00f1al\u00f3 que fue&nbsp;forzado a realizar confesiones televisadas bajo coacci\u00f3n, una pr\u00e1ctica que, seg\u00fan afirm\u00f3, contin\u00faa utiliz\u00e1ndose contra manifestantes detenidos.<\/p>\n\n\n\n<p class=\"wp-block-paragraph\">El periodista sostuvo que la represi\u00f3n actual incluye ejecuciones extrajudiciales, entierros sin identificaci\u00f3n y la negaci\u00f3n de los cuerpos a las familias, lo que dificulta conocer el n\u00famero real de v\u00edctimas.&nbsp;<\/p>\n\n\n\n<p class=\"wp-block-paragraph\">Tambi\u00e9n denunci\u00f3 la participaci\u00f3n de fuerzas aliadas extranjeras en la represi\u00f3n y alert\u00f3 sobre la magnitud de la violencia. Batebi concluy\u00f3 haciendo un llamado a la comunidad internacional para que adopte acciones concretas y no se limite a declaraciones de condena, advirtiendo que la inacci\u00f3n podr\u00eda agravar la crisis humanitaria en Ir\u00e1n.<\/p>\n\n\n\n<p class=\"wp-block-paragraph\"><strong>Ir\u00e1n advierte sobre la desestabilizaci\u00f3n de Estados Unidos<\/strong><\/p>\n\n\n\n<p class=\"wp-block-paragraph\">El embajador Gholamhossein Darzi, representante permanente adjunto de Ir\u00e1n, afirm\u00f3 que hablaba en nombre de una \u201cnaci\u00f3n de luto\u201d.<\/p>\n\n\n\n<p class=\"wp-block-paragraph\">\u201cEs profundamente lamentable que el representante del r\u00e9gimen de los Estados Unidos, que solicit\u00f3 esta reuni\u00f3n, haya recurrido hoy a mentiras, distorsiones de los hechos y desinformaci\u00f3n deliberada para ocultar la implicaci\u00f3n directa de su pa\u00eds en encauzar los disturbios en Ir\u00e1n hacia la violencia\u201d, declar\u00f3.<\/p>\n\n\n\n<p class=\"wp-block-paragraph\">A\u00f1adi\u00f3 que Estados Unidos solicit\u00f3 la reuni\u00f3n con el fin de \u201cocultar su complicidad directa en los cr\u00edmenes que sus mercenarios han cometido contra nuestra naci\u00f3n\u201d.<\/p>\n\n\n\n<p class=\"wp-block-paragraph\">\u201cEl r\u00e9gimen de los Estados Unidos intenta presentarse como amigo del pueblo iran\u00ed, mientras que simult\u00e1neamente sienta las bases para la desestabilizaci\u00f3n pol\u00edtica y la intervenci\u00f3n militar bajo una supuesta narrativa humanitaria\u201d, afirm\u00f3.<\/p>\n\n\n\n<p class=\"wp-block-paragraph\">Describi\u00f3 estas afirmaciones como \u201cparticularmente c\u00ednicas\u201d a la luz de lo que calific\u00f3 como el largo y bien documentado historial de Estados Unidos de intervenciones militares ilegales, operaciones de cambio de r\u00e9gimen y violaciones sistem\u00e1ticas del derecho internacional y de la&nbsp;Carta de las Naciones Unidas.<\/p>\n\n\n\n<p class=\"wp-block-paragraph\">El embajador Darzi tambi\u00e9n expres\u00f3 su \u201cfirme oposici\u00f3n\u201d a la participaci\u00f3n de los dos expositores de la sociedad civil, afirmando que \u201crepresentan la agenda pol\u00edtica de los reg\u00edmenes de los Estados Unidos e Israel\u201d.<\/p>\n\n\n\n<p class=\"wp-block-paragraph\">\u201cSu presencia aqu\u00ed, por lo tanto, no es ni leg\u00edtima ni cre\u00edble, y socava fundamentalmente la integridad de este debate\u201d, concluy\u00f3.<\/p>\n\n\n\n<p class=\"wp-block-paragraph\">SEM\/sj<\/p>\n","protected":false},"excerpt":{"rendered":"<p>Redacci\u00f3n SemM\u00e9xico, Ciudad de M\u00e9xico, 16 de enero, 2026.- La Organizaci\u00f3n de las Naciones Unidas expres\u00f3 este jueves su profunda preocupaci\u00f3n por la grave situaci\u00f3n en Ir\u00e1n, marcada por protestas generalizadas, un elevado n\u00famero de v\u00edctimas y el riesgo de una mayor desestabilizaci\u00f3n regional.&nbsp; As\u00ed lo afirm\u00f3 la secretaria general adjunta para Asuntos Pol\u00edticos y [&hellip;]<\/p>\n","protected":false},"author":3,"featured_media":101918,"comment_status":"open","ping_status":"open","sticky":false,"template":"","format":"standard","meta":{"_monsterinsights_skip_tracking":false,"footnotes":""},"categories":[53],"tags":[],"class_list":["post-101917","post","type-post","status-publish","format-standard","has-post-thumbnail","category-internacional"],"_links":{"self":[{"href":"https:\/\/redsemlac.com\/semmexico\/wp-json\/wp\/v2\/posts\/101917","targetHints":{"allow":["GET"]}}],"collection":[{"href":"https:\/\/redsemlac.com\/semmexico\/wp-json\/wp\/v2\/posts"}],"about":[{"href":"https:\/\/redsemlac.com\/semmexico\/wp-json\/wp\/v2\/types\/post"}],"author":[{"embeddable":true,"href":"https:\/\/redsemlac.com\/semmexico\/wp-json\/wp\/v2\/users\/3"}],"replies":[{"embeddable":true,"href":"https:\/\/redsemlac.com\/semmexico\/wp-json\/wp\/v2\/comments?post=101917"}],"version-history":[{"count":0,"href":"https:\/\/redsemlac.com\/semmexico\/wp-json\/wp\/v2\/posts\/101917\/revisions"}],"wp:featuredmedia":[{"embeddable":true,"href":"https:\/\/redsemlac.com\/semmexico\/wp-json\/wp\/v2\/media\/101918"}],"wp:attachment":[{"href":"https:\/\/redsemlac.com\/semmexico\/wp-json\/wp\/v2\/media?parent=101917"}],"wp:term":[{"taxonomy":"category","embeddable":true,"href":"https:\/\/redsemlac.com\/semmexico\/wp-json\/wp\/v2\/categories?post=101917"},{"taxonomy":"post_tag","embeddable":true,"href":"https:\/\/redsemlac.com\/semmexico\/wp-json\/wp\/v2\/tags?post=101917"}],"curies":[{"name":"wp","href":"https:\/\/api.w.org\/{rel}","templated":true}]}}