{"id":101915,"date":"2026-01-16T18:44:04","date_gmt":"2026-01-17T00:44:04","guid":{"rendered":"https:\/\/redsemlac.com\/semmexico\/?p=101915"},"modified":"2026-01-16T18:44:04","modified_gmt":"2026-01-17T00:44:04","slug":"la-opinion-a-110-anos-del-primer-congreso-feminista","status":"publish","type":"post","link":"https:\/\/redsemlac.com\/semmexico\/la-opinion-a-110-anos-del-primer-congreso-feminista\/","title":{"rendered":"La opini\u00f3n| A 110 a\u00f1os del primer Congreso Feminista"},"content":{"rendered":"\n<p class=\"wp-block-paragraph\">Claudia Corichi<\/p>\n\n\n\n<p class=\"wp-block-paragraph\">SemM\u00e9xico, Ciudad de M\u00e9xico, 16 de enero, 2026.- En medio de las hostilidades de la&nbsp;<strong>revoluci\u00f3n de 1910<\/strong>&nbsp;y de movimientos internacionales como el de las sufragistas en el&nbsp;<strong>Reino Unido&nbsp;<\/strong>y&nbsp;<strong>Estados Unidos,&nbsp;<\/strong>un grupo de&nbsp;<strong>mujeres en M\u00e9xico&nbsp;<\/strong>convocaron a un encuentro nacional para demandar&nbsp;<strong>derechos pol\u00edticos<\/strong>&nbsp;plenos y reconocimiento a su condici\u00f3n de ciudadanas.<\/p>\n\n\n\n<p class=\"wp-block-paragraph\">El&nbsp;<strong>Primer Congreso Feminista&nbsp;<\/strong>tuvo lugar del 13 al 16 de enero de<strong>&nbsp;1916&nbsp;<\/strong>en&nbsp;<strong>Yucat\u00e1n<\/strong>&nbsp;con la presencia de m\u00e1s de 600 mujeres que sostuvieron intensas discusiones sobre la necesidad de tener un papel m\u00e1s preponderante a inicios del Siglo XX. La comisi\u00f3n organizadora la integraban<strong>&nbsp;Consuelo Zavala, Elvia Carrillo Puerto, Isolina P\u00e9rez, Dominga Canto, Mar\u00eda Luisa Flota&nbsp;<\/strong>y<strong>&nbsp;Beatriz Peniche&nbsp;<\/strong>quienes tuvieron como aliados al entonces gobernador&nbsp;<strong>Salvador Alvarado&nbsp;<\/strong>y a<strong>&nbsp;Felipe Carrillo,&nbsp;<\/strong>hermano de Elvia.<\/p>\n\n\n\n<p class=\"wp-block-paragraph\">Los resolutivos aprobados dan cuenta de un enfoque vanguardista de corte social pol\u00edtico y econ\u00f3mico como gestionar la modificaci\u00f3n de leyes&nbsp;<strong>para otorgar a la mujer m\u00e1s libertad y m\u00e1s derechos;&nbsp;<\/strong>exigir que tenga una profesi\u00f3n, un oficio que le permita ganarse el sustento y una educaci\u00f3n para que el hombre encuentre siempre en la mujer un ser igual que \u00e9l.<\/p>\n\n\n\n<p class=\"wp-block-paragraph\">Aunque el derecho al&nbsp;<strong>voto femenino<\/strong>&nbsp;no fue incorporado a la&nbsp;<strong>Constituci\u00f3n de 1917<\/strong>&nbsp;(ninguna mujer particip\u00f3 en el&nbsp;<strong>Congreso constituyente),<\/strong>&nbsp;el encuentro realizado hace 110 a\u00f1os result\u00f3 la fuente original de las sucesivas luchas en la b\u00fasqueda de representaci\u00f3n pol\u00edtica que se cristaliz\u00f3 en el voto de las mujeres a nivel municipal en 1947 y a nivel nacional en 1953.<\/p>\n\n\n\n<p class=\"wp-block-paragraph\">Los cambios legales que exig\u00edan las delegadas avanzaron con extrema lentitud durante el \u00faltimo siglo. Solo hasta 2014 se promulg\u00f3 la&nbsp;<strong>reforma pol\u00edtico-electoral&nbsp;<\/strong>que elev\u00f3 a rango constitucional la garant\u00eda de paridad entre mujeres y hombres en las candidaturas al&nbsp;<strong>Congreso de la Uni\u00f3n<\/strong>&nbsp;y los&nbsp;<strong>Congresos locales.<\/strong><\/p>\n\n\n\n<p class=\"wp-block-paragraph\">En cuanto a la<strong>&nbsp;igualdad sustantiva,<\/strong>&nbsp;los resultados son ambivalentes:<\/p>\n\n\n\n<p class=\"wp-block-paragraph\">las<strong>&nbsp;mujeres<\/strong>&nbsp;cada vez ocupan m\u00e1s posiciones de&nbsp;<strong>liderazgo<\/strong>&nbsp;y de poder, pero est\u00e1n lejos de obtener un&nbsp;<strong>salario igual por trabajo igual.&nbsp;<\/strong>La creaci\u00f3n de un sistema que reconozca la aportaci\u00f3n econ\u00f3mica del trabajo no remunerado (cuidados) es otra de las agendas que debemos seguir impulsando para mantener vivo el legado de aquellas mujeres ind\u00f3mitas de 1916.<\/p>\n\n\n\n<p class=\"wp-block-paragraph\">El&nbsp;<strong>Congreso de Yucat\u00e1n<\/strong>&nbsp;tuvo el m\u00e9rito de intentar<strong>&nbsp;romper<\/strong>&nbsp;el<strong>&nbsp;pacto patriarcal&nbsp;<\/strong>en una \u00e9poca de transici\u00f3n entre el fin de la dictadura y la b\u00fasqueda de un horizonte democr\u00e1tico propuesto por Madero. Figuras como Hermila Galindo, Zavala y Carrillo Puerto asimilaron con lucidez que hab\u00eda que encajar su lucha y sus demandas en el contexto de la revoluci\u00f3n, es decir, proclamar una ruptura dentro de la ruptura.<\/p>\n\n\n\n<p class=\"wp-block-paragraph\">M\u00e1s de un siglo despu\u00e9s contamos con una<strong>&nbsp;legislaci\u00f3n robusta&nbsp;<\/strong>que promueve los&nbsp;<strong>derechos humanos<\/strong>&nbsp;y los derechos pol\u00edticos de las mujeres, pero al mismo tiempo nos enfrentamos a nuevas y terribles modalidades de&nbsp;<strong>violencias<\/strong>&nbsp;contra nosotras.<\/p>\n\n\n\n<p class=\"wp-block-paragraph\">La&nbsp;<strong>paridad<\/strong>&nbsp;es un logro, resultado de a\u00f1os de lucha admirable de miles de mujeres que debe preservarse. Las nuevas generaciones son las depositarias y defensoras de ese&nbsp;<strong>legado<\/strong>&nbsp;y de que no haya ni un paso atr\u00e1s en derechos y avances conquistados.<\/p>\n\n\n\n<p class=\"wp-block-paragraph\">La tarea emprendida en M\u00e9rida no est\u00e1 ni de lejos terminada, pero seguimos en el camino por afianzar una&nbsp;<strong>sociedad<\/strong>&nbsp;m\u00e1s&nbsp;<strong>justa<\/strong>&nbsp;e&nbsp;<strong>igualitaria<\/strong>.<\/p>\n\n\n\n<p class=\"wp-block-paragraph\"><strong>@ClauCorichi<\/strong><\/p>\n","protected":false},"excerpt":{"rendered":"<p>Claudia Corichi SemM\u00e9xico, Ciudad de M\u00e9xico, 16 de enero, 2026.- En medio de las hostilidades de la&nbsp;revoluci\u00f3n de 1910&nbsp;y de movimientos internacionales como el de las sufragistas en el&nbsp;Reino Unido&nbsp;y&nbsp;Estados Unidos,&nbsp;un grupo de&nbsp;mujeres en M\u00e9xico&nbsp;convocaron a un encuentro nacional para demandar&nbsp;derechos pol\u00edticos&nbsp;plenos y reconocimiento a su condici\u00f3n de ciudadanas. El&nbsp;Primer Congreso Feminista&nbsp;tuvo lugar del 13 [&hellip;]<\/p>\n","protected":false},"author":3,"featured_media":79168,"comment_status":"open","ping_status":"open","sticky":false,"template":"","format":"standard","meta":{"_monsterinsights_skip_tracking":false,"footnotes":""},"categories":[82,110,35],"tags":[],"class_list":["post-101915","post","type-post","status-publish","format-standard","has-post-thumbnail","category-la-opinion","category-la-opinion-columnas","category-opinion"],"_links":{"self":[{"href":"https:\/\/redsemlac.com\/semmexico\/wp-json\/wp\/v2\/posts\/101915","targetHints":{"allow":["GET"]}}],"collection":[{"href":"https:\/\/redsemlac.com\/semmexico\/wp-json\/wp\/v2\/posts"}],"about":[{"href":"https:\/\/redsemlac.com\/semmexico\/wp-json\/wp\/v2\/types\/post"}],"author":[{"embeddable":true,"href":"https:\/\/redsemlac.com\/semmexico\/wp-json\/wp\/v2\/users\/3"}],"replies":[{"embeddable":true,"href":"https:\/\/redsemlac.com\/semmexico\/wp-json\/wp\/v2\/comments?post=101915"}],"version-history":[{"count":0,"href":"https:\/\/redsemlac.com\/semmexico\/wp-json\/wp\/v2\/posts\/101915\/revisions"}],"wp:featuredmedia":[{"embeddable":true,"href":"https:\/\/redsemlac.com\/semmexico\/wp-json\/wp\/v2\/media\/79168"}],"wp:attachment":[{"href":"https:\/\/redsemlac.com\/semmexico\/wp-json\/wp\/v2\/media?parent=101915"}],"wp:term":[{"taxonomy":"category","embeddable":true,"href":"https:\/\/redsemlac.com\/semmexico\/wp-json\/wp\/v2\/categories?post=101915"},{"taxonomy":"post_tag","embeddable":true,"href":"https:\/\/redsemlac.com\/semmexico\/wp-json\/wp\/v2\/tags?post=101915"}],"curies":[{"name":"wp","href":"https:\/\/api.w.org\/{rel}","templated":true}]}}