{"id":101909,"date":"2026-01-16T18:41:43","date_gmt":"2026-01-17T00:41:43","guid":{"rendered":"https:\/\/redsemlac.com\/semmexico\/?p=101909"},"modified":"2026-01-16T18:41:44","modified_gmt":"2026-01-17T00:41:44","slug":"textura-violeta-le-meteremos-nomas","status":"publish","type":"post","link":"https:\/\/redsemlac.com\/semmexico\/textura-violeta-le-meteremos-nomas\/","title":{"rendered":"Textura Violeta| Le meteremos nom\u00e1s"},"content":{"rendered":"\n<p class=\"wp-block-paragraph\">Drina Ergueta<\/p>\n\n\n\n<p class=\"wp-block-paragraph\">SemM\u00e9xico, La Paz, Bolivia,16 de enero 2026.- La frase del titular se va repitiendo con bastante asiduidad \u00faltimamente en Bolivia. Refleja la decisi\u00f3n de llevar a cabo un acto irresponsable siendo, los que lo ejecutan, conscientes de sus consecuencias, motivados por alg\u00fan beneficio generalmente ego\u00edsta. \u201cLe meteremos nom\u00e1s\u201d es una frase que el presidente Rodrigo Paz repet\u00eda en campa\u00f1a electoral refiri\u00e9ndose a que as\u00ed actuaba el anterior gobierno, hoy se la dicen a \u00e9l por su gesti\u00f3n que acaba de sobrevivir a una primera crisis.<\/p>\n\n\n\n<p class=\"wp-block-paragraph\">\u00bfDe d\u00f3nde vendr\u00e1? Le meteremos nom\u00e1s. Es de uso coloquial y conlleva cierta vulgaridad, especialmente si se piensa en un sistema patriarcal en que son los hombres los \u201cllamados a hacer\u201d a \u201cdemostrar su masculinidad\u201d mediante esas transgresiones que a veces se confunden con arrojo o valent\u00eda, sin importar los efectos o los da\u00f1os, en especial si las afectadas son mujeres.<\/p>\n\n\n\n<p class=\"wp-block-paragraph\">Con ellas es muy gr\u00e1fico, y grosero, lo de meterles nom\u00e1s, sea con consentimiento o no. Es en esta comparaci\u00f3n (de las decisiones pol\u00edticas que pueden violar la Constituci\u00f3n y la relaci\u00f3n con las mujeres a las que algunos violan) en que se puede ver con claridad esta frase y su seriedad.<\/p>\n\n\n\n<p class=\"wp-block-paragraph\">Ante la presencia machacona de candidaturas de \u201clos de siempre\u201d, Paz y un expolic\u00eda justiciero y tiktoker, Edmand Lara, se mostraron m\u00e1s prometedores que el resto en la campa\u00f1a electoral y la ganaron. Las clases populares votaron en especial a Lara que promet\u00eda luchar contra la corrupci\u00f3n. En una historia paralela, aparecen dos rostros nuevos y relativamente j\u00f3venes, guapos y galantes en una fiesta donde abundaban hombres viejos y ma\u00f1udos. Y comienza el baile.<\/p>\n\n\n\n<p class=\"wp-block-paragraph\">En el primer mes de gobierno se produce el alejamiento entre el presidente y el cr\u00edtico vicepresidente. \u00c9ste termina aislado, se le ha quitado, mediante decreto y salt\u00e1ndose las atribuciones constitucionales, el poder que podr\u00eda tener, incluso el de asumir la presidencia si el titular est\u00e1 fuera del pa\u00eds. En el baile, los dos hombres j\u00f3venes compiten entre ellos, pero uno se muestra muy elitista, se codea s\u00f3lo con los viejos de siempre y adopta esa mirada torva y libidinosa hacia las damas presentes; y el otro\u2026 el otro no sabe bailar y se tropieza, su excompa\u00f1ero con los viejos se le r\u00eden primero, luego lo ridiculizan y le llaman loco. Hay mujeres que eso les suena, a ellas las llamaron as\u00ed, las buscaron anular, silenciar. La m\u00fasica sigue.<\/p>\n\n\n\n<p class=\"wp-block-paragraph\">En el segundo mes, el gabinete de ministros, que se re\u00fane esquivando al vicepresidente, emite un decreto supremo que modifica muchos aspectos del pa\u00eds, apela a una situaci\u00f3n de emergencia para asumir medidas sin que se aprueben en el parlamento, y tienen que ver con la eliminaci\u00f3n de las subvenciones a los carburantes, con aspectos salariales, arancelarios, impositivos, con la contrataci\u00f3n de deuda externa, con acuerdos de inversiones extranjeras para la explotaci\u00f3n de los recursos naturales, d\u00e1ndole todo el poder al Ejecutivo y dejando de lado al Legislativo. En la fiesta, el joven ambicioso y sus viejos amigos se van a la cocina, modifican el buffet a su gusto, echan pildoritas de violaci\u00f3n en algunas bebidas color rosa\u2026<\/p>\n\n\n\n<p class=\"wp-block-paragraph\">La lectura del decreto se hace urgente y comienzan las cr\u00edticas, se le hallan fallos incluso ortogr\u00e1ficos, se observa que los datos que justifican la emergencia son de 2023, que tiene copia textual de otras normas con incisos inexistentes, que se quita el control parlamentario al accionar el gobierno en asuntos tan importantes como la administraci\u00f3n de los recursos naturales, la contrataci\u00f3n de deuda y de inversiones, que es inconstitucional. En la fiesta, comienzan a sentir mal sabor en la comida, hay un tufo desagradable, algunas mujeres tienen cierto mareo.<\/p>\n\n\n\n<p class=\"wp-block-paragraph\">Los movimientos sociales se reorganizan y se movilizan, hay un contundente bloqueo de caminos y marchas multitudinarias. Gran parte de los medios de comunicaci\u00f3n tradicionales evitan reflejar estos hechos; sin embargo, la realidad de las protestas est\u00e1 ah\u00ed. Hay cr\u00edticas incluso de sectores y personajes que estaban al margen. El gobierno, ante la evidencia de que el \u201cle meteremos nom\u00e1s\u201d no ha resultado y se le ha puesto seriamente en contra, ha reculado. El decreto fue abrogado y se ha elaborado otro, mientras que los temas que competen ir\u00e1n a ser aprobados en el parlamento, mediante ley. En la fiesta, especialmente las mujeres han devuelto la comida y bebida, han identificado las intenciones libidinosas de algunos y hubo bofetones.<\/p>\n\n\n\n<p class=\"wp-block-paragraph\">Estas dos historias paralelas reci\u00e9n han comenzado. Por ahora nos ense\u00f1an que la violaci\u00f3n de la Constituci\u00f3n y de la confianza de las personas no se pueden permitir.<\/p>\n\n\n\n<p class=\"wp-block-paragraph\"><\/p>\n","protected":false},"excerpt":{"rendered":"<p>Drina Ergueta SemM\u00e9xico, La Paz, Bolivia,16 de enero 2026.- La frase del titular se va repitiendo con bastante asiduidad \u00faltimamente en Bolivia. Refleja la decisi\u00f3n de llevar a cabo un acto irresponsable siendo, los que lo ejecutan, conscientes de sus consecuencias, motivados por alg\u00fan beneficio generalmente ego\u00edsta. \u201cLe meteremos nom\u00e1s\u201d es una frase que el [&hellip;]<\/p>\n","protected":false},"author":3,"featured_media":8467,"comment_status":"open","ping_status":"open","sticky":false,"template":"","format":"standard","meta":{"_monsterinsights_skip_tracking":false,"footnotes":""},"categories":[77,35,102],"tags":[],"class_list":["post-101909","post","type-post","status-publish","format-standard","has-post-thumbnail","category-drina-ergueta","category-opinion","category-textura-violeta"],"_links":{"self":[{"href":"https:\/\/redsemlac.com\/semmexico\/wp-json\/wp\/v2\/posts\/101909","targetHints":{"allow":["GET"]}}],"collection":[{"href":"https:\/\/redsemlac.com\/semmexico\/wp-json\/wp\/v2\/posts"}],"about":[{"href":"https:\/\/redsemlac.com\/semmexico\/wp-json\/wp\/v2\/types\/post"}],"author":[{"embeddable":true,"href":"https:\/\/redsemlac.com\/semmexico\/wp-json\/wp\/v2\/users\/3"}],"replies":[{"embeddable":true,"href":"https:\/\/redsemlac.com\/semmexico\/wp-json\/wp\/v2\/comments?post=101909"}],"version-history":[{"count":0,"href":"https:\/\/redsemlac.com\/semmexico\/wp-json\/wp\/v2\/posts\/101909\/revisions"}],"wp:featuredmedia":[{"embeddable":true,"href":"https:\/\/redsemlac.com\/semmexico\/wp-json\/wp\/v2\/media\/8467"}],"wp:attachment":[{"href":"https:\/\/redsemlac.com\/semmexico\/wp-json\/wp\/v2\/media?parent=101909"}],"wp:term":[{"taxonomy":"category","embeddable":true,"href":"https:\/\/redsemlac.com\/semmexico\/wp-json\/wp\/v2\/categories?post=101909"},{"taxonomy":"post_tag","embeddable":true,"href":"https:\/\/redsemlac.com\/semmexico\/wp-json\/wp\/v2\/tags?post=101909"}],"curies":[{"name":"wp","href":"https:\/\/api.w.org\/{rel}","templated":true}]}}