{"id":10188,"date":"2019-07-26T16:56:21","date_gmt":"2019-07-26T16:56:21","guid":{"rendered":"https:\/\/redsemlac.com\/semmexico\/?p=10188"},"modified":"2023-07-21T14:51:18","modified_gmt":"2023-07-21T19:51:18","slug":"onu-las-defensoras-de-ddhh-en-mesoamerica-son-las-mas-agredidas-en-el-mundo","status":"publish","type":"post","link":"https:\/\/redsemlac.com\/semmexico\/onu-las-defensoras-de-ddhh-en-mesoamerica-son-las-mas-agredidas-en-el-mundo\/","title":{"rendered":"ONU: las defensoras de DDHH en Mesoam\u00e9rica son las m\u00e1s agredidas en el mundo"},"content":{"rendered":"\n<p class=\"wp-block-paragraph\"><strong><em>As\u00ed lo se\u00f1ala el relator especial de la ONU sobre defensores de los Derechos Humanos, Michel Forst, quien indica que M\u00e9xico es una de las naciones con mayores riesgos, principalmente para las que protegen los recursos naturales.<\/em><\/strong><\/p>\n\n\n\n<p class=\"wp-block-paragraph\">Redacci\u00f3n<\/p>\n\n\n\n<p class=\"wp-block-paragraph\">SemM\u00e9xico\/Agencia Anadolu. 26 de julio 2019.- Las defensoras\nde derechos humanos en Mesoam\u00e9rica \u2013 regi\u00f3n que comprende a parte de M\u00e9xico,\nGuatemala, El Salvador, Honduras y Nicaragua &#8211; son de las m\u00e1s agredidas en el\nmundo de acuerdo con un informe presentado este mi\u00e9rcoles en Ciudad de M\u00e9xico\npor la Organizaci\u00f3n de las Naciones Unidas y la Red Nacional de Defensoras de\nDerechos Humanos en M\u00e9xico (CNDH).<\/p>\n\n\n\n<p class=\"wp-block-paragraph\">Elaborado por el relator especial de la ONU sobre la\nsituaci\u00f3n de los defensores de los Derechos Humanos, Michel Forst, el documento\nresalta que m\u00e1s que nada, las mujeres \u201cenfrentan amenazas que toman forma\ndebido a los arraigados estereotipos de g\u00e9nero y a las intrincadas percepciones\nsociales que se tiene sobre ellas\u201d.<\/p>\n\n\n\n<p class=\"wp-block-paragraph\">Seg\u00fan cifras del registro Mesoamericano de Agresiones a\nMujeres Defensoras de Derechos Humanos, utilizadas por el relator Forst en su\ninforme, se perpetraron en Latinoam\u00e9rica 2.197 agresiones, que van desde\nintimidaciones, allanamientos, discriminaci\u00f3n, agresiones f\u00edsicas y asesinatos.<\/p>\n\n\n\n<p class=\"wp-block-paragraph\">Para las entidades que presentaron el informe representa un\nincremento del 30% respecto al periodo anterior, que fue de 1.688 agresiones.<\/p>\n\n\n\n<p class=\"wp-block-paragraph\">Dentro de esta cifra M\u00e9xico acumula 862, Honduras 810 y\nGuatemala 231, Nicaragua 192 y El Salvador 102. Entre las naciones con m\u00e1s\nasesinatos de esas l\u00edderes est\u00e1 M\u00e9xico con 8, seguido de Honduras con 6 y\nGuatemala con 5, y El Salvador con 2, en el periodo comprendido entre 2016 y\n2018, seg\u00fan cifras del registro Mesoamericano de Agresiones a Mujeres\nDefensoras de Derechos Humanos.<\/p>\n\n\n\n<p class=\"wp-block-paragraph\">Para el oficial del alto comisionado de Derechos Humanos de\nla ONU en M\u00e9xico, Ricardo Neves, \u201cel informe narra una realidad mundial en la\nque M\u00e9xico no est\u00e1 exento. Los grupos de mujeres est\u00e1n expuestas a riesgos\nadicionales, desaf\u00edan estereotipos machistas, se enfrentan a actores estatales\ny no estatales\u201d. \u201cMuchas de las mujeres que han sido violentadas tienen que ver\ncon la defensa de la tierra, la lucha por el agua, necesidades b\u00e1sicas\u201d,\nagreg\u00f3.<\/p>\n\n\n\n<p class=\"wp-block-paragraph\">El informe se\u00f1ala que los Estados mesoamericanos son los\nprincipales victimarios, donde se incluye a polic\u00edas, militares y funcionarios\no autoridades civiles de diverso nivel. Representan el 54% de los\nperpetradores.<\/p>\n\n\n\n<p class=\"wp-block-paragraph\">A trav\u00e9s de una videoconferencia el relator Forst dijo que\n\u201cera muy importante poder analizar la situaci\u00f3n de las defensoras en su lucha\npor los Derechos Humanos. Desgraciadamente pocas pol\u00edticas p\u00fablicas existen\u201d.<\/p>\n\n\n\n<p class=\"wp-block-paragraph\"><strong>M\u00e9xico<\/strong><\/p>\n\n\n\n<p class=\"wp-block-paragraph\">En los \u00faltimos a\u00f1os el pa\u00eds norteamericano se ha convertido\nen una de las naciones m\u00e1s peligrosas para las defensoras.<\/p>\n\n\n\n<p class=\"wp-block-paragraph\">De acuerdo con la representante de la Red Nacional de\nDefensoras de Derechos Humanos en M\u00e9xico, Alejandra Ancheita, durante el\nGobierno del expresidente Enrique Pe\u00f1a Nieto se registraron graves cifras, al\ntiempo que en los siete meses de mandato de Andr\u00e9s Manuel L\u00f3pez Obrador\n\u201ccontin\u00faan a la alza\u201d las agresiones.<\/p>\n\n\n\n<p class=\"wp-block-paragraph\">Adem\u00e1s, Ancheita apunt\u00f3 que para las defensoras de los\nrecursos naturales y la tierra \u201cconcretamente el riesgo est\u00e1 en grandes obras\nde infraestructura como el Tren Maya\u2026 Esto entra\u00f1a peligros para las\ncomunidades ind\u00edgenas, donde las mujeres tienen un papel de defensa\u201d.<\/p>\n\n\n\n<p class=\"wp-block-paragraph\">Afirma que en lo que va del Gobierno de AMLO, dos defensoras\nhan sido asesinadas, una desaparecida y un allanamiento de morada de otra.<\/p>\n\n\n\n<p class=\"wp-block-paragraph\">La defensora sentencia que las autoridades no s\u00f3lo tienen la\nobligaci\u00f3n de atender estos casos por sus funciones sino por ser \u201cuna deuda\nhist\u00f3rica con las mujeres del pa\u00eds\u201d.<\/p>\n\n\n\n<p class=\"wp-block-paragraph\">Forst dijo que \u201cen M\u00e9xico existen pol\u00edticas y mecanismos\npero se deben mejorar para brindar atenci\u00f3n a mujeres defensoras en riesgo\u201d.<\/p>\n\n\n\n<p class=\"wp-block-paragraph\">Un ejemplo de mujeres, l\u00edderes y defensoras es el trabajo de\nla ind\u00edgena mexicana Cucap\u00e1, Hilda Hurtado, quien ha defendido por m\u00e1s de tres\nd\u00e9cadas la pesca de su etnia, basada en costumbres ancestrales de nativos del\nAlto Golfo de California, al noroeste del pa\u00eds.<\/p>\n\n\n\n<p class=\"wp-block-paragraph\">Con 66 a\u00f1os, Hurtado se ha enfrentado principalmente al\nEstado mexicano, contra las autoridades que han impuesto pol\u00edticas p\u00fablicas\nambientales, sin un reconocimiento de su maneras ancestrales de recolecci\u00f3n de\npeces.<\/p>\n\n\n\n<p class=\"wp-block-paragraph\">&nbsp;\u201cEn Baja California\nlos primeros que poblaron estas tierras fuimos los ind\u00edgenas Cucap\u00e1 y eso nos\nhace tener derecho a nuestros recursos naturales\u201d, dijo Hurtado en una\nentrevista con la Agencia Anadolu.<\/p>\n\n\n\n<p class=\"wp-block-paragraph\">Parte de ese periodo de lucha antiestablecimiento ocurre en\nlos a\u00f1os 90, cuando se decret\u00f3 sin una consulta legal la creaci\u00f3n de la Reserva\ndel Alto Golfo de California y Delta del R\u00edo Colorado, para proteger al pez\ntotoaba y la vaquita marina (peque\u00f1o cet\u00e1ceo) \u2013ambos en peligro de extinci\u00f3n-,\ny se desencadenaron una serie de ataques, como por ejemplo el encarcelamiento\nsin un debido proceso en 2010 del hermano y sobrino de Hurtado.<\/p>\n","protected":false},"excerpt":{"rendered":"<p>As\u00ed lo se\u00f1ala el relator especial de la ONU sobre defensores de los Derechos Humanos, Michel Forst, quien indica que M\u00e9xico es una de las naciones con mayores riesgos, principalmente para las que protegen los recursos naturales<\/p>\n","protected":false},"author":3,"featured_media":10189,"comment_status":"open","ping_status":"open","sticky":false,"template":"","format":"standard","meta":{"_monsterinsights_skip_tracking":false,"footnotes":""},"categories":[690,53],"tags":[],"class_list":["post-10188","post","type-post","status-publish","format-standard","has-post-thumbnail","category-690","category-internacional"],"_links":{"self":[{"href":"https:\/\/redsemlac.com\/semmexico\/wp-json\/wp\/v2\/posts\/10188","targetHints":{"allow":["GET"]}}],"collection":[{"href":"https:\/\/redsemlac.com\/semmexico\/wp-json\/wp\/v2\/posts"}],"about":[{"href":"https:\/\/redsemlac.com\/semmexico\/wp-json\/wp\/v2\/types\/post"}],"author":[{"embeddable":true,"href":"https:\/\/redsemlac.com\/semmexico\/wp-json\/wp\/v2\/users\/3"}],"replies":[{"embeddable":true,"href":"https:\/\/redsemlac.com\/semmexico\/wp-json\/wp\/v2\/comments?post=10188"}],"version-history":[{"count":0,"href":"https:\/\/redsemlac.com\/semmexico\/wp-json\/wp\/v2\/posts\/10188\/revisions"}],"wp:featuredmedia":[{"embeddable":true,"href":"https:\/\/redsemlac.com\/semmexico\/wp-json\/wp\/v2\/media\/10189"}],"wp:attachment":[{"href":"https:\/\/redsemlac.com\/semmexico\/wp-json\/wp\/v2\/media?parent=10188"}],"wp:term":[{"taxonomy":"category","embeddable":true,"href":"https:\/\/redsemlac.com\/semmexico\/wp-json\/wp\/v2\/categories?post=10188"},{"taxonomy":"post_tag","embeddable":true,"href":"https:\/\/redsemlac.com\/semmexico\/wp-json\/wp\/v2\/tags?post=10188"}],"curies":[{"name":"wp","href":"https:\/\/api.w.org\/{rel}","templated":true}]}}