{"id":10185,"date":"2019-07-26T16:50:30","date_gmt":"2019-07-26T16:50:30","guid":{"rendered":"https:\/\/redsemlac.com\/semmexico\/?p=10185"},"modified":"2023-07-21T14:51:18","modified_gmt":"2023-07-21T19:51:18","slug":"veracruz","status":"publish","type":"post","link":"https:\/\/redsemlac.com\/semmexico\/veracruz\/","title":{"rendered":"Atenci\u00f3n digna y profesional a mujeres v\u00edctimas de violencia, pide Diputada"},"content":{"rendered":"\n<p class=\"wp-block-paragraph\"><strong>* Presenta la\ndiputada Ivonne Trujillo una Iniciativa para reformar Ley de Acceso de las\nMujeres a una Vida Libre de Violencia.<\/strong><\/p>\n\n\n\n<p class=\"wp-block-paragraph\"><strong>Redacci\u00f3n <\/strong><\/p>\n\n\n\n<p class=\"wp-block-paragraph\">SemM\u00e9xico\/Billie Parker Noticias. Xalapa, Veracruz. &nbsp;26 de julio 2019.- Proporcionar a las mujeres\nv\u00edctimas de violencia atenci\u00f3n m\u00e9dica, psicol\u00f3gica y jur\u00eddica, de manera\nintegral, gratuita y expedita, as\u00ed como un trato digno, respetuoso y\nprofesional, pidi\u00f3 la diputada Ivonne Trujillo Ortiz mediante una Iniciativa, a\nfin de que se garantice el pleno respeto de sus derechos humanos.<\/p>\n\n\n\n<p class=\"wp-block-paragraph\">La presidenta de la Comisi\u00f3n para la Igualdad de G\u00e9nero\npresent\u00f3 al Pleno legislativo una Iniciativa con Proyecto de Decreto por el que\nse reforma la Fracci\u00f3n III del Art\u00edculo 23 de la Ley de Acceso de las Mujeres a\nuna Vida Libre de Violencia para el Estado de Veracruz de Ignacio de la Llave.<\/p>\n\n\n\n<p class=\"wp-block-paragraph\">Durante la d\u00e9cima cuarta sesi\u00f3n ordinaria, del Segundo\nPer\u00edodo Ordinario del Primer A\u00f1o de Ejercicio Constitucional, propuso que se\nestablezca un perfil profesional y una capacitaci\u00f3n adecuada como requisito\nnecesario para prestar el servicio de la asistencia m\u00e9dica, psicol\u00f3gica y\njur\u00eddica que las denunciantes de violencia requieren y que esto se estandarice\nen los niveles estatal y municipal en la Ley.<\/p>\n\n\n\n<p class=\"wp-block-paragraph\">Asimismo, que esta medida no sea una simple sugerencia en\nlos programas que para el caso se desarrollan, sino que se mantenga de manera\npermanente.<\/p>\n\n\n\n<p class=\"wp-block-paragraph\">Detall\u00f3 que, en 18 de las 32 entidades del pa\u00eds, es decir,\n56 por ciento del territorio nacional, la Secretar\u00eda de Gobernaci\u00f3n (SEGOB) ha\ndeclarado la Alerta de Violencia de G\u00e9nero contra las Mujeres (AVG); de esas 18\nentidades, Veracruz es el \u00fanico Estado del pa\u00eds al que se le han declarado dos\nAlertas, una por feminicidio en 2016 y otra por agravio comparado en 2017.<\/p>\n\n\n\n<p class=\"wp-block-paragraph\">Adem\u00e1s, \u201cen Veracruz, al inicio de 2019, la tasa de\nfeminicidios pas\u00f3 de 0.09 casos por cada 100 mil mujeres a 0.23, es decir,\nocurri\u00f3 un incremento de 148.28 por ciento en relaci\u00f3n con enero de 2018\u201d.<\/p>\n\n\n\n<p class=\"wp-block-paragraph\">Con datos del Secretariado Ejecutivo del Sistema Nacional de\nSeguridad P\u00fablica, Trujillo Ortiz precis\u00f3 que, a junio de 2019, se han\nregistrado 98 feminicidios ocurridos en 59 municipios de Veracruz; las ciudades\ncon m\u00e1s casos son: Xalapa (9), Veracruz (6), Coatzacoalcos (6), C\u00f3rdoba (5) y\nEmiliano Zapata (4). En la entidad se cometen en promedio 3.3 casos al d\u00eda.<\/p>\n\n\n\n<p class=\"wp-block-paragraph\">Adem\u00e1s, de acuerdo con la Encuesta Nacional sobre la\nDin\u00e1mica de las Relaciones en los Hogares 2016, en M\u00e9xico, 43.9 por ciento de\nlas mujeres de 15 a\u00f1os y m\u00e1s sufri\u00f3 alg\u00fan incidente de violencia por parte de\nsu pareja (esposo o pareja, exesposo o expareja, o novio) durante su \u00faltima\nrelaci\u00f3n.<\/p>\n\n\n\n<p class=\"wp-block-paragraph\">A estas cifras agreg\u00f3 que 49.0 por ciento de mujeres son\nv\u00edctimas de violencia emocional, 29.0 por ciento sufren violencia econ\u00f3mica,\n34.0 por ciento, violencia f\u00edsica y 41.3 por ciento violencia sexual y que solo\ncasi dos de cada diez mujeres que vivieron violencia en su relaci\u00f3n se\nacercaron a una autoridad a pedir ayuda.<\/p>\n\n\n\n<p class=\"wp-block-paragraph\">Al considerar la victimizaci\u00f3n secundaria como forma de\nviolencia institucional, dijo que \u00e9sta es consecuencia de las malas o\ninadecuadas pr\u00e1cticas que provienen de las instituciones. \u201cHumillaci\u00f3n,\ninhumanidad, improvisaci\u00f3n, falta de sensibilidad ante el dolor de la v\u00edctima,\nausencia de la empat\u00eda m\u00e1s b\u00e1sica son pr\u00e1cticas comunes que terminan de\nvictimizar y lacerar a estas ciudadanas que pasan por este trance tan dif\u00edcil\u201d.<\/p>\n\n\n\n<p class=\"wp-block-paragraph\">La profesionalizaci\u00f3n y certificaci\u00f3n en el tema de\nviolencia contra las mujeres, permitir\u00e1 que los prestadores de servicios y el o\nlos funcionarios p\u00fablicos tengan un enfoque diferenciado y especializado que\nfortalezca el conocimiento y a su vez permita una mayor ramificaci\u00f3n de las\nacciones aplicadas a la problem\u00e1tica concerniente, minimizando as\u00ed la\nvictimizaci\u00f3n secundaria.<\/p>\n\n\n\n<p class=\"wp-block-paragraph\">A esta iniciativa se adhirieron las diputadas Mar\u00eda Josefina\nGamboa Torales, Nora Jessica Lagunes J\u00e1uregui, Mar\u00eda de Jes\u00fas Mart\u00ednez D\u00edaz y\nJudith Pineda Andrade, as\u00ed como los legisladores Omar Miranda Romero y Juan\nCarlos Molina Palacios. Tambi\u00e9n los Grupos Legislativos del PRI-PVEM y \u201cDel\nLado Correcto de la Historia\u201d.<\/p>\n\n\n\n<p class=\"wp-block-paragraph\">Para su estudio y dictamen fue turnada a la Comisi\u00f3n\nPermanente para la Igualdad de G\u00e9nero.<\/p>\n","protected":false},"excerpt":{"rendered":"<p>Presenta la diputada Ivonne Trujillo una Iniciativa para reformar Ley de Acceso de las Mujeres a una Vida Libre de Violencia.<\/p>\n","protected":false},"author":3,"featured_media":10186,"comment_status":"open","ping_status":"open","sticky":false,"template":"","format":"standard","meta":{"_monsterinsights_skip_tracking":false,"footnotes":""},"categories":[690,50],"tags":[],"class_list":["post-10185","post","type-post","status-publish","format-standard","has-post-thumbnail","category-690","category-congreso"],"_links":{"self":[{"href":"https:\/\/redsemlac.com\/semmexico\/wp-json\/wp\/v2\/posts\/10185","targetHints":{"allow":["GET"]}}],"collection":[{"href":"https:\/\/redsemlac.com\/semmexico\/wp-json\/wp\/v2\/posts"}],"about":[{"href":"https:\/\/redsemlac.com\/semmexico\/wp-json\/wp\/v2\/types\/post"}],"author":[{"embeddable":true,"href":"https:\/\/redsemlac.com\/semmexico\/wp-json\/wp\/v2\/users\/3"}],"replies":[{"embeddable":true,"href":"https:\/\/redsemlac.com\/semmexico\/wp-json\/wp\/v2\/comments?post=10185"}],"version-history":[{"count":0,"href":"https:\/\/redsemlac.com\/semmexico\/wp-json\/wp\/v2\/posts\/10185\/revisions"}],"wp:featuredmedia":[{"embeddable":true,"href":"https:\/\/redsemlac.com\/semmexico\/wp-json\/wp\/v2\/media\/10186"}],"wp:attachment":[{"href":"https:\/\/redsemlac.com\/semmexico\/wp-json\/wp\/v2\/media?parent=10185"}],"wp:term":[{"taxonomy":"category","embeddable":true,"href":"https:\/\/redsemlac.com\/semmexico\/wp-json\/wp\/v2\/categories?post=10185"},{"taxonomy":"post_tag","embeddable":true,"href":"https:\/\/redsemlac.com\/semmexico\/wp-json\/wp\/v2\/tags?post=10185"}],"curies":[{"name":"wp","href":"https:\/\/api.w.org\/{rel}","templated":true}]}}