{"id":101843,"date":"2026-01-14T09:34:49","date_gmt":"2026-01-14T15:34:49","guid":{"rendered":"https:\/\/redsemlac.com\/semmexico\/?p=101843"},"modified":"2026-01-14T09:34:50","modified_gmt":"2026-01-14T15:34:50","slug":"aumentaron-en-cuba-mortalidad-infantil-y-materna-en-2025","status":"publish","type":"post","link":"https:\/\/redsemlac.com\/semmexico\/aumentaron-en-cuba-mortalidad-infantil-y-materna-en-2025\/","title":{"rendered":"Aumentaron en Cuba mortalidad infantil y materna en 2025"},"content":{"rendered":"\n<ul class=\"wp-block-list\">\n<li>Este comportamiento ocurre en un contexto muy dif\u00edcil para la naci\u00f3n caribe\u00f1a<\/li>\n\n\n\n<li>Efectos negativos de la dif\u00edcil situaci\u00f3n econ\u00f3mica y el recrudecimiento del bloqueo impuesto por Estados Unidos<\/li>\n<\/ul>\n\n\n\n<p class=\"wp-block-paragraph\">Dixie Edith<br>SemM\u00e9xico\/SEMlac, La Habana, 12 de enero 2026.- La mortalidad infantil y la materna, indicadores de referencia del Programa de Atenci\u00f3n Materno Infantil (Pami) en Cuba, crecieron en 2025 seg\u00fan&nbsp;datos preliminares publicados&nbsp;el 2 de enero por el Ministerio de Salud P\u00fablica (Minsap).<\/p>\n\n\n\n<p class=\"wp-block-paragraph\"><br>La tasa de mortalidad infantil en menores de un a\u00f1o fue de 9,9 por cada mil nacidos vivos,&nbsp;frente a 7,1&nbsp;en 2024, seg\u00fan las cifras de la Direcci\u00f3n de Registros M\u00e9dicos y Estad\u00edsticas del Minsap.<\/p>\n\n\n\n<p class=\"wp-block-paragraph\"><br>En tanto, la mortalidad materna fue de 44,1 madres fallecidas por cada cien mil beb\u00e9s nacidos vivos, frente a 40,6 en 2024, lo que representa el incremento de una muerte materna entre un a\u00f1o y otro.<\/p>\n\n\n\n<p class=\"wp-block-paragraph\"><br>Este comportamiento ocurre en un contexto muy dif\u00edcil para la naci\u00f3n caribe\u00f1a, con \u00abefectos negativos\u00bb en todo el territorio nacional \u00aben muchos de nuestros servicios, y de manera particular en indicadores del Pami\u00bb, precis\u00f3 el comunicado publicado en el portal del Minsap.<\/p>\n\n\n\n<p class=\"wp-block-paragraph\"><br>Entre ellos, el texto refiere la dif\u00edcil situaci\u00f3n econ\u00f3mica; el recrudecimiento del bloqueo impuesto por el Gobierno de los Estados Unidos, que agrava las limitaciones en medicamentos, insumos y equipamiento m\u00e9dicos; la circulaci\u00f3n de arbovirosis; el impacto de fen\u00f3menos naturales como huracanes e intensas lluvias, as\u00ed como la falta de recursos humanos en algunos servicios.<\/p>\n\n\n\n<p class=\"wp-block-paragraph\"><br>En paralelo, en el \u00e1mbito demogr\u00e1fico se mantiene una situaci\u00f3n de muy baja fecundidad, elevado envejecimiento y saldos migratorios crecientes. Durante los \u00faltimos 12 meses se reportaron 68.051 nacimientos, 3.108 menos que en 2024, un comportamiento ya habitual asociado a esa din\u00e1mica demogr\u00e1fica.<\/p>\n\n\n\n<p class=\"wp-block-paragraph\"><br>Se estima que la poblaci\u00f3n cubana se redujo a unos 9,6 millones de habitantes, desde 9,7 millones en 2024. La proyecci\u00f3n para los pr\u00f3ximos 25 a\u00f1os es una ca\u00edda hasta los 7,7 millones, reconoci\u00f3 Manuel Marrero Cruz, primer ministro del pa\u00eds, durante&nbsp;la m\u00e1s reciente sesi\u00f3n ordinaria del Parlamento, el 18 de diciembre de 2025.<\/p>\n\n\n\n<p class=\"wp-block-paragraph\"><br>Seg\u00fan esos c\u00e1lculos, la proporci\u00f3n de adultos mayores alcanzar\u00e1 el 36,4 por ciento y la poblaci\u00f3n en edad laboral se reducir\u00e1 de 5.900.000 a 4.100.000 personas.<\/p>\n\n\n\n<p class=\"wp-block-paragraph\"><br>En ese contexto, otras estad\u00edsticas de mortalidad menos conocidas, pero que tambi\u00e9n se monitorean anualmente, como la mortalidad preescolar y escolar, presentaron un comportamiento m\u00e1s favorable en 2025.<\/p>\n\n\n\n<p class=\"wp-block-paragraph\"><br>La tasa de mortalidad preescolar fue de 3,7 por 10.000 habitantes, 24,3 por ciento menos que en 2024. En tanto, la de mortalidad en las edades escolares fue de 2,2 por 10.000, igual al a\u00f1o anterior, aunque en n\u00fameros absolutos se reportaron siete fallecidos menos, lo que confirma el efecto de la disminuci\u00f3n de la poblaci\u00f3n total del pa\u00eds en las estad\u00edsticas.<\/p>\n\n\n\n<p class=\"wp-block-paragraph\"><br><strong>Los n\u00fameros por dentro<\/strong><\/p>\n\n\n\n<p class=\"wp-block-paragraph\"><br>En el caso de la mortalidad infantil, la tasa de 2025 supera en alrededor de dos puntos porcentuales el 7,6 por 1.000 nacidos vivos de 2021, considerada&nbsp;la mayor alza registrada en el pa\u00eds en los 20 a\u00f1os previos.<\/p>\n\n\n\n<p class=\"wp-block-paragraph\"><br>La evoluci\u00f3n reciente combina una tendencia de largo plazo hacia niveles bajos, con fluctuaciones en a\u00f1os de mayor tensi\u00f3n econ\u00f3mica y sanitaria. En perspectiva hist\u00f3rica, Cuba lleg\u00f3 a su tasa de mortalidad infantil m\u00e1s baja en 2017 y 2018, con cuatro por cada 1.000 nacidos vivos, respectivamente, seg\u00fan datos de los Anuarios Estad\u00edsticos de Salud.<\/p>\n\n\n\n<p class=\"wp-block-paragraph\"><br>A cierre de 2025, la provincia de Pinar del R\u00edo, con 4,7 por 1.000, fue la de menor mortalidad infantil, pero tambi\u00e9n Sancti Sp\u00edritus, Cienfuegos y Holgu\u00edn tuvieron desempe\u00f1os por debajo del dato nacional. Asimismo, 17 municipios no reportaron fallecidos menores de un a\u00f1o, lo cual constituye uno de los indicadores m\u00e1s favorables del periodo, seg\u00fan el comunicado del Minsap.<\/p>\n\n\n\n<p class=\"wp-block-paragraph\"><br>En el caso de la mortalidad materna, la cifra de 2025 interrumpe una tendencia a la disminuci\u00f3n que se ven\u00eda registrando desde 2021, cuando ocurri\u00f3 el mayor registro del actual siglo (de 176,6), relacionado con el impacto de la pandemia, seg\u00fan el&nbsp;Anuario Estad\u00edstico de Salud, publicado en octubre de 2023.<\/p>\n\n\n\n<p class=\"wp-block-paragraph\"><br>No obstante, el ya citado comunicado de inicios de este a\u00f1o afirma que \u00aben el 2025 se produjo el segundo menor n\u00famero total de fallecidas en la historia de la salud p\u00fablica cubana\u00bb.<\/p>\n\n\n\n<p class=\"wp-block-paragraph\"><br>En las provincias de Artemisa, Camag\u00fcey y el municipio especial Isla de la Juventud no se registraron fallecimientos en las etapas de embarazo, parto o puerperio, as\u00ed como en m\u00e1s de un centenar de municipios en toda la isla.<\/p>\n\n\n\n<p class=\"wp-block-paragraph\"><br>Adem\u00e1s, se reportaron 321 pacientes con morbilidad materna extremadamente grave, quienes se salvaron de esa condici\u00f3n cr\u00edtica gracias a la atenci\u00f3n oportuna de los profesionales sanitarios, un logro que la autoridad sanitaria considera especialmente relevante.<\/p>\n\n\n\n<p class=\"wp-block-paragraph\"><br>Seg\u00fan el Minsap, se implementaron acciones conjuntas de instituciones de salud y otros sectores para conseguir una atenci\u00f3n integral a las gestantes, especialmente en la detecci\u00f3n y seguimiento de enfermedades o riesgos durante el embarazo.<br>Entre ellas, menciona el seguimiento a enfermedades preexistentes a la gestaci\u00f3n, el manejo integral de la enfermedad hipertensiva del embarazo, el chequeo sistem\u00e1tico a los casos de alto riesgo obst\u00e9trico, las medidas para disminuir el bajo peso al nacer y la incidencia del parto pret\u00e9rmino, adem\u00e1s de la atenci\u00f3n a las mujeres en edad f\u00e9rtil, embarazadas, pu\u00e9rperas y ni\u00f1os.<\/p>\n\n\n\n<p class=\"wp-block-paragraph\"><br>Igualmente, se implement\u00f3 una actualizaron de la estrategia encaminada a disminuir el embarazo en la adolescencia, indicador que decide tambi\u00e9n en el comportamiento de la mortalidad y&nbsp;mostr\u00f3 una ligera mejor\u00eda respecto al a\u00f1o previo.<\/p>\n\n\n\n<p class=\"wp-block-paragraph\"><br>En cuanto a los programas de vacunaci\u00f3n del pa\u00eds, otro de los factores esenciales en la disminuci\u00f3n de la mortalidad infantil en todas sus etapas, el Minsap destac\u00f3 que \u00abse concret\u00f3 por primera vez en Cuba la vacunaci\u00f3n contra el neumococo, un paso trascendental y directo para la disminuci\u00f3n de la morbilidad y de los fallecimientos por infecciones respiratorias agudas, en los primeros a\u00f1os de vida\u00bb.<\/p>\n\n\n\n<p class=\"wp-block-paragraph\"><br>Tambi\u00e9n se introdujo la vacuna contra el virus del papiloma humano para la prevenci\u00f3n del c\u00e1ncer cervicouterino desde edades tempranas.<\/p>\n\n\n\n<p class=\"wp-block-paragraph\">SEM-SEMlac\/de<\/p>\n","protected":false},"excerpt":{"rendered":"<p>Dixie EdithSemM\u00e9xico\/SEMlac, La Habana, 12 de enero 2026.- La mortalidad infantil y la materna, indicadores de referencia del Programa de Atenci\u00f3n Materno Infantil (Pami) en Cuba, crecieron en 2025 seg\u00fan&nbsp;datos preliminares publicados&nbsp;el 2 de enero por el Ministerio de Salud P\u00fablica (Minsap). La tasa de mortalidad infantil en menores de un a\u00f1o fue de 9,9 [&hellip;]<\/p>\n","protected":false},"author":3,"featured_media":101844,"comment_status":"open","ping_status":"open","sticky":false,"template":"","format":"standard","meta":{"_monsterinsights_skip_tracking":false,"footnotes":""},"categories":[53],"tags":[],"class_list":["post-101843","post","type-post","status-publish","format-standard","has-post-thumbnail","category-internacional"],"_links":{"self":[{"href":"https:\/\/redsemlac.com\/semmexico\/wp-json\/wp\/v2\/posts\/101843","targetHints":{"allow":["GET"]}}],"collection":[{"href":"https:\/\/redsemlac.com\/semmexico\/wp-json\/wp\/v2\/posts"}],"about":[{"href":"https:\/\/redsemlac.com\/semmexico\/wp-json\/wp\/v2\/types\/post"}],"author":[{"embeddable":true,"href":"https:\/\/redsemlac.com\/semmexico\/wp-json\/wp\/v2\/users\/3"}],"replies":[{"embeddable":true,"href":"https:\/\/redsemlac.com\/semmexico\/wp-json\/wp\/v2\/comments?post=101843"}],"version-history":[{"count":0,"href":"https:\/\/redsemlac.com\/semmexico\/wp-json\/wp\/v2\/posts\/101843\/revisions"}],"wp:featuredmedia":[{"embeddable":true,"href":"https:\/\/redsemlac.com\/semmexico\/wp-json\/wp\/v2\/media\/101844"}],"wp:attachment":[{"href":"https:\/\/redsemlac.com\/semmexico\/wp-json\/wp\/v2\/media?parent=101843"}],"wp:term":[{"taxonomy":"category","embeddable":true,"href":"https:\/\/redsemlac.com\/semmexico\/wp-json\/wp\/v2\/categories?post=101843"},{"taxonomy":"post_tag","embeddable":true,"href":"https:\/\/redsemlac.com\/semmexico\/wp-json\/wp\/v2\/tags?post=101843"}],"curies":[{"name":"wp","href":"https:\/\/api.w.org\/{rel}","templated":true}]}}