{"id":101835,"date":"2026-01-12T20:19:54","date_gmt":"2026-01-13T02:19:54","guid":{"rendered":"https:\/\/redsemlac.com\/semmexico\/?p=101835"},"modified":"2026-01-12T20:19:54","modified_gmt":"2026-01-13T02:19:54","slug":"lou-andreas-salome-la-musa-de-sigmund-freud-que-se-acostaba-con-nietzsche","status":"publish","type":"post","link":"https:\/\/redsemlac.com\/semmexico\/lou-andreas-salome-la-musa-de-sigmund-freud-que-se-acostaba-con-nietzsche\/","title":{"rendered":"Lou Andreas-Salom\u00e9, la musa de Sigmund Freud que se acostaba con Nietzsche"},"content":{"rendered":"\n<ul class=\"wp-block-list\">\n<li>Caminaba en paralelo al resto de fil\u00f3sofos<\/li>\n<\/ul>\n\n\n\n<p class=\"wp-block-paragraph\"><a href=\"https:\/\/www.elnacional.cat\/enblau\/es\/firmas\/c-claraso\">C. Claras\u00f3<\/a><\/p>\n\n\n\n<p class=\"wp-block-paragraph\">SemM\u00e9xico\/EnBlau, Barcelona, 12 de enero 2026.- La historia de la cultura europea est\u00e1 llena de mujeres reducidas al papel&nbsp;de \u201cmusa\u201d, cuando en realidad fueron pensadoras inc\u00f3modas, brillantes y dif\u00edciles de encasillar.&nbsp;Lou Andreas-Salom\u00e9&nbsp;pertenece a esa estirpe. Se la recuerda por haber fascinado a Nietzsche, por su v\u00ednculo con Rilke o por su cercan\u00eda intelectual con&nbsp;<a href=\"https:\/\/www.elnacional.cat\/enblau\/es\/television\/sigmund-freud-un-hombre-ha-sido-favorito-su-madre-mantiene-sentimiento-conquistador_1531459_102.html\">Sigmund Freud<\/a>, pero durante demasiado tiempo se pas\u00f3 por alto lo esencial: Lou no orbitaba alrededor de ellos, caminaba en paralelo.<\/p>\n\n\n\n<p class=\"wp-block-paragraph\">Nacida en San Petersburgo en 1861, fue una mujer adelantada a su tiempo. Fil\u00f3sofa, escritora y ensayista, rechaz\u00f3 desde joven el matrimonio tradicional y defendi\u00f3 una independencia intelectual que escandalizaba a sus contempor\u00e1neos.<\/p>\n\n\n\n<p class=\"wp-block-paragraph\">Nietzsche se enamor\u00f3 perdidamente de ella; ella no. Mantuvieron una relaci\u00f3n intensa, compleja, marcada por la admiraci\u00f3n y tambi\u00e9n por la tensi\u00f3n. Lou se neg\u00f3 a ocupar el lugar que se esperaba de ella y esa negativa dej\u00f3 una huella profunda en el fil\u00f3sofo alem\u00e1n.<\/p>\n\n\n\n<p class=\"wp-block-paragraph\">Freud sent\u00eda una gran admiraci\u00f3n intelectual&nbsp;por Lou Andreas-Salom\u00e9&nbsp;<\/p>\n\n\n\n<p class=\"wp-block-paragraph\">Con&nbsp;<a href=\"https:\/\/www.elnacional.cat\/enblau\/es\/television\/sigmund-freud-si-dos-personas-estan-da-acuerdo-en-todo-puedo-asegurar-piensa-por-ambas_1530889_102.html\">Freud<\/a>&nbsp;ocurri\u00f3 algo distinto. Entre ambos se estableci\u00f3 un v\u00ednculo de respeto intelectual poco habitual. Freud, celoso de su m\u00e9todo y poco dado a las concesiones, hizo con Lou excepciones que no otorgaba a casi nadie. La invit\u00f3 a sus c\u00e9lebres reuniones de los mi\u00e9rcoles, confi\u00f3 en su criterio y acept\u00f3 sus aportaciones te\u00f3ricas, incluso cuando matizaban o&nbsp;afinaban conceptos centrales del psicoan\u00e1lisis. No era disc\u00edpula sumisa ni rival: era interlocutora.<\/p>\n\n\n\n<p class=\"wp-block-paragraph\">Lou Andreas-Salom\u00e9 reflexion\u00f3 como pocas sobre el narcisismo, el deseo y la sexualidad femenina. All\u00ed donde Freud analizaba desde una mirada inevitablemente masculina, ella introduc\u00eda matices que ampliaban el campo. No buscaba confrontarlo, sino completar aquello que quedaba fuera del encuadre. Ley\u00e9ndola hoy, se tiene la sensaci\u00f3n de que muchas de sus intuiciones siguen siendo inc\u00f3modamente actuales.<\/p>\n\n\n\n<p class=\"wp-block-paragraph\">Su figura tambi\u00e9n ayuda a entender&nbsp;una forma distinta de soledad y de ego\u00edsmo. No como carencias, sino como elecciones conscientes. Lou defend\u00eda una vida propia, no negociable, desde la que vincularse con los dem\u00e1s sin diluirse. Am\u00f3, escribi\u00f3, pens\u00f3 y vivi\u00f3 sin pedir permiso, algo que en su \u00e9poca se paga caro.<\/p>\n\n\n\n<p class=\"wp-block-paragraph\">Quiz\u00e1 por eso fue m\u00e1s admirada que le\u00edda, m\u00e1s comentada que comprendida. Recuperar a Lou Andreas-Salom\u00e9 es rescatar a una mujer que no fue solo la musa de Freud ni la amante de Nietzsche, sino una pensadora con voz propia que se neg\u00f3 a ocupar un lugar secundario en la historia. Y eso, en s\u00ed mismo, sigue siendo profundamente revolucionario.<\/p>\n\n\n\n<p class=\"wp-block-paragraph\">SEM-EnBlau<\/p>\n","protected":false},"excerpt":{"rendered":"<p>C. Claras\u00f3 SemM\u00e9xico\/EnBlau, Barcelona, 12 de enero 2026.- La historia de la cultura europea est\u00e1 llena de mujeres reducidas al papel&nbsp;de \u201cmusa\u201d, cuando en realidad fueron pensadoras inc\u00f3modas, brillantes y dif\u00edciles de encasillar.&nbsp;Lou Andreas-Salom\u00e9&nbsp;pertenece a esa estirpe. Se la recuerda por haber fascinado a Nietzsche, por su v\u00ednculo con Rilke o por su cercan\u00eda intelectual [&hellip;]<\/p>\n","protected":false},"author":3,"featured_media":101836,"comment_status":"open","ping_status":"open","sticky":false,"template":"","format":"standard","meta":{"_monsterinsights_skip_tracking":false,"footnotes":""},"categories":[748],"tags":[],"class_list":["post-101835","post","type-post","status-publish","format-standard","has-post-thumbnail","category-cultura-feminista"],"_links":{"self":[{"href":"https:\/\/redsemlac.com\/semmexico\/wp-json\/wp\/v2\/posts\/101835","targetHints":{"allow":["GET"]}}],"collection":[{"href":"https:\/\/redsemlac.com\/semmexico\/wp-json\/wp\/v2\/posts"}],"about":[{"href":"https:\/\/redsemlac.com\/semmexico\/wp-json\/wp\/v2\/types\/post"}],"author":[{"embeddable":true,"href":"https:\/\/redsemlac.com\/semmexico\/wp-json\/wp\/v2\/users\/3"}],"replies":[{"embeddable":true,"href":"https:\/\/redsemlac.com\/semmexico\/wp-json\/wp\/v2\/comments?post=101835"}],"version-history":[{"count":0,"href":"https:\/\/redsemlac.com\/semmexico\/wp-json\/wp\/v2\/posts\/101835\/revisions"}],"wp:featuredmedia":[{"embeddable":true,"href":"https:\/\/redsemlac.com\/semmexico\/wp-json\/wp\/v2\/media\/101836"}],"wp:attachment":[{"href":"https:\/\/redsemlac.com\/semmexico\/wp-json\/wp\/v2\/media?parent=101835"}],"wp:term":[{"taxonomy":"category","embeddable":true,"href":"https:\/\/redsemlac.com\/semmexico\/wp-json\/wp\/v2\/categories?post=101835"},{"taxonomy":"post_tag","embeddable":true,"href":"https:\/\/redsemlac.com\/semmexico\/wp-json\/wp\/v2\/tags?post=101835"}],"curies":[{"name":"wp","href":"https:\/\/api.w.org\/{rel}","templated":true}]}}