{"id":10182,"date":"2019-07-26T00:36:01","date_gmt":"2019-07-26T00:36:01","guid":{"rendered":"https:\/\/redsemlac.com\/semmexico\/?p=10182"},"modified":"2023-07-21T14:51:18","modified_gmt":"2023-07-21T19:51:18","slug":"llama-cidh-a-erradicar-estigmas-hacia-mujeres-afrodescendientes","status":"publish","type":"post","link":"https:\/\/redsemlac.com\/semmexico\/llama-cidh-a-erradicar-estigmas-hacia-mujeres-afrodescendientes\/","title":{"rendered":"Llama CIDH a erradicar estigmas hacia mujeres afrodescendientes"},"content":{"rendered":"\n<p class=\"wp-block-paragraph\"><strong>* Por\nel D\u00eda Internacional de la Mujer Afro-latinoamericana, Afrocaribe\u00f1a y de la\nDi\u00e1spora<\/strong><\/p>\n\n\n\n<p class=\"wp-block-paragraph\"><strong>* Se traducen en el incremento de casos de violencia f\u00edsica,\npsicol\u00f3gica, sexual e institucional hacia las mismas.&nbsp;<\/strong><\/p>\n\n\n\n<p class=\"wp-block-paragraph\"><strong>Redacci\u00f3n<\/strong><\/p>\n\n\n\n<p class=\"wp-block-paragraph\">SemM\u00e9xico, Washington, D.C., 25 julio 2019.-\nEn el D\u00eda Internacional de la Mujer Afro-latinoamericana, Afrocaribe\u00f1a y de la\nDi\u00e1spora, la Comisi\u00f3n Interamericana de Derechos Humanos llam\u00f3 a los Estados a\nerradicar los discursos estigmatizantes hacia las mujeres afrodescendientes. <\/p>\n\n\n\n<p class=\"wp-block-paragraph\">La CIDH insta a los Estados de la regi\u00f3n a\nadoptar medidas concretas para prevenir, eliminar, prohibir y sancionar todos\nlos insultos raciales abusivos y discursos de odio, los actos y manifestaciones\nde car\u00e1cter racista y discriminatorio hacia este grupo.<\/p>\n\n\n\n<p class=\"wp-block-paragraph\">En un comunicado, se\u00f1ala que observa con\npreocupaci\u00f3n que, en el hemisferio, a\u00fan hoy persisten diversas formas de\ndiscriminaci\u00f3n y de violencia \u00e9tnico-racial agravadas hacia las mujeres. En\nparticular, la amplia y preocupante diseminaci\u00f3n de discursos estigmatizantes\nque generan la objetificaci\u00f3n, sexualizaci\u00f3n e inferiorizaci\u00f3n de las mujeres\nafrodescendientes como resultado de procesos hist\u00f3ricos de esclavitud,\ncolonialismo, explotaci\u00f3n y exclusi\u00f3n social de este grupo.<\/p>\n\n\n\n<p class=\"wp-block-paragraph\">Estas pr\u00e1cticas se traducen en el incremento\nde casos de violencia f\u00edsica, psicol\u00f3gica, sexual e institucional hacia las\nmismas.&nbsp;<\/p>\n\n\n\n<p class=\"wp-block-paragraph\">En este sentido, los Estados deben adoptar\nacciones que fomenten la capacitaci\u00f3n de sus funcionarios, la sensibilizaci\u00f3n\nde la sociedad civil y la promoci\u00f3n de los derechos de las mujeres\nafrodescendientes. Los programas y pol\u00edticas p\u00fablicas para ese objetivo deben\ncontar con la participaci\u00f3n de las mujeres afrodescendientes en su dise\u00f1o,\nejecuci\u00f3n y monitoreo, considerando la necesidad que tengan un rol activo en el\ncombate a la discriminaci\u00f3n y misoginia que les afecta.&nbsp;<\/p>\n\n\n\n<p class=\"wp-block-paragraph\">\u201cLos Estados de la regi\u00f3n deben asegurar que\nlas mujeres afrodescendientes sean parte activa en el desarrollo de leyes y\nmedidas de combate al racismo y sexismo en la regi\u00f3n. Dichas acciones deben\nestar direccionadas no solo hacia actores privados, pero a todos los\nrepresentantes p\u00fablicos, electos o no, as\u00ed como los medios de comunicaci\u00f3n\u201d,\nafirm\u00f3 la Comisionada Margarette May Macaulay, Relatora sobre los Derechos de\nlas Mujeres y sobre los Derechos de las Personas Afrodescendientes y contra la\nDiscriminaci\u00f3n Racial.&nbsp;<\/p>\n\n\n\n<p class=\"wp-block-paragraph\">Asimismo, la CIDH destaca que las autoridades\np\u00fablicas juegan un rol destacado en la formaci\u00f3n de percepciones sociales. Al\nrespecto, la CIDH ha se\u00f1alado en reiteradas oportunidades que los funcionarios\np\u00fablicos deben adoptar un discurso p\u00fablico que contribuya a prevenir la\nviolencia por razones discriminatorias, lo cual se requiere su involucramiento\nactivo contundente en la adopci\u00f3n de medidas para la efectividad de los\nprincipios de igualdad y no discriminaci\u00f3n, hacia la eliminaci\u00f3n de todas las\nformas residuales y nuevas formas de discriminaci\u00f3n con vistas a la\nconstrucci\u00f3n de un clima de tolerancia y respeto, y que se abstengan de\nrealizar declaraciones discriminatorias que expongan grupos en situaci\u00f3n de\nvulnerabilidad a un mayor riesgo de actos de violencia.&nbsp;<\/p>\n\n\n\n<p class=\"wp-block-paragraph\">Al respecto, la Presidenta de la Comisi\u00f3n,\nEsmeralda Arosemena de Troiti\u00f1o record\u00f3 que \u201clas personas que ocupan posiciones\nde liderazgo en los pa\u00edses de la regi\u00f3n tienen especial responsabilidad en la\nconstrucci\u00f3n de un discurso de paz y convivencia social, en la busca de una\nsociedad igualitaria e inclusiva, que rechace todas las formas de\ndiscriminaci\u00f3n racial\u201d.<\/p>\n\n\n\n<p class=\"wp-block-paragraph\">Finalmente, la Comisi\u00f3n hace un llamado a\ntodos los Estados de la regi\u00f3n para que adopten sin dilaci\u00f3n las medidas\nnecesarias para ratificar e implementar la&nbsp;<a href=\"http:\/\/www.oas.org\/es\/sla\/ddi\/tratados_multilaterales_interamericanos_A-68_racismo.asp\" target=\"_blank\" rel=\"noreferrer noopener\">Convenci\u00f3n Interamericana contra el Racismo, la\nDiscriminaci\u00f3n Racial y Formas Conexas de Intolerancia<\/a>, y la&nbsp;<a href=\"http:\/\/www.oas.org\/es\/sla\/ddi\/tratados_multilaterales_interamericanos_A-69_discriminacion_intolerancia.asp\" target=\"_blank\" rel=\"noreferrer noopener\">Convenci\u00f3n Interamericana contra Toda Forma de\nDiscriminaci\u00f3n e Intolerancia<\/a>,\ncomo manifestaci\u00f3n de su compromiso de combatir la discriminaci\u00f3n y toda forma\nde intolerancia en el hemisferio.&nbsp;<\/p>\n\n\n\n<p class=\"wp-block-paragraph\">La CIDH es un \u00f3rgano principal y aut\u00f3nomo de\nla Organizaci\u00f3n de los Estados Americanos (OEA), cuyo mandato surge de la Carta\nde la OEA y de la Convenci\u00f3n Americana sobre Derechos Humanos. La Comisi\u00f3n\nInteramericana tiene el mandato de promover la observancia y la defensa de los\nderechos humanos en la regi\u00f3n y act\u00faa como \u00f3rgano consultivo de la OEA en la\nmateria. La CIDH est\u00e1 integrada por siete miembros independientes que son\nelegidos por la Asamblea General de la OEA a t\u00edtulo personal, y no representan\nsus pa\u00edses de origen o residencia.<\/p>\n\n\n\n<p class=\"wp-block-paragraph\">SEM\/sj<\/p>\n","protected":false},"excerpt":{"rendered":"<p>La CIDH insta a los Estados de la regi\u00f3n a adoptar medidas concretas para prevenir, eliminar, prohibir y sancionar todos los insultos raciales abusivos y discursos de odio<\/p>\n","protected":false},"author":3,"featured_media":10183,"comment_status":"open","ping_status":"open","sticky":false,"template":"","format":"standard","meta":{"_monsterinsights_skip_tracking":false,"footnotes":""},"categories":[690,53],"tags":[],"class_list":["post-10182","post","type-post","status-publish","format-standard","has-post-thumbnail","category-690","category-internacional"],"_links":{"self":[{"href":"https:\/\/redsemlac.com\/semmexico\/wp-json\/wp\/v2\/posts\/10182","targetHints":{"allow":["GET"]}}],"collection":[{"href":"https:\/\/redsemlac.com\/semmexico\/wp-json\/wp\/v2\/posts"}],"about":[{"href":"https:\/\/redsemlac.com\/semmexico\/wp-json\/wp\/v2\/types\/post"}],"author":[{"embeddable":true,"href":"https:\/\/redsemlac.com\/semmexico\/wp-json\/wp\/v2\/users\/3"}],"replies":[{"embeddable":true,"href":"https:\/\/redsemlac.com\/semmexico\/wp-json\/wp\/v2\/comments?post=10182"}],"version-history":[{"count":0,"href":"https:\/\/redsemlac.com\/semmexico\/wp-json\/wp\/v2\/posts\/10182\/revisions"}],"wp:featuredmedia":[{"embeddable":true,"href":"https:\/\/redsemlac.com\/semmexico\/wp-json\/wp\/v2\/media\/10183"}],"wp:attachment":[{"href":"https:\/\/redsemlac.com\/semmexico\/wp-json\/wp\/v2\/media?parent=10182"}],"wp:term":[{"taxonomy":"category","embeddable":true,"href":"https:\/\/redsemlac.com\/semmexico\/wp-json\/wp\/v2\/categories?post=10182"},{"taxonomy":"post_tag","embeddable":true,"href":"https:\/\/redsemlac.com\/semmexico\/wp-json\/wp\/v2\/tags?post=10182"}],"curies":[{"name":"wp","href":"https:\/\/api.w.org\/{rel}","templated":true}]}}