{"id":101814,"date":"2026-01-12T20:13:32","date_gmt":"2026-01-13T02:13:32","guid":{"rendered":"https:\/\/redsemlac.com\/semmexico\/?p=101814"},"modified":"2026-01-12T20:13:33","modified_gmt":"2026-01-13T02:13:33","slug":"los-capitales-las-pequenas-decisiones-para-ordenar-el-dia-son-la-diferencia-para-una-exitosa-jornada-de-trabajo","status":"publish","type":"post","link":"https:\/\/redsemlac.com\/semmexico\/los-capitales-las-pequenas-decisiones-para-ordenar-el-dia-son-la-diferencia-para-una-exitosa-jornada-de-trabajo\/","title":{"rendered":"Los Capitales| Las peque\u00f1as decisiones para ordenar el d\u00eda, son la diferencia para una exitosa jornada de trabajo."},"content":{"rendered":"\n<p class=\"wp-block-paragraph\">Edgar Gonz\u00e1lez Mart\u00ednez<\/p>\n\n\n\n<p class=\"wp-block-paragraph\">SemM\u00e9xico, Ciudad de M\u00e9xico, 12 de enero 2026.- \u00bfCu\u00e1ntas veces terminas agotado de la jornada, con la sensaci\u00f3n de haber realizado muchas tareas, pero ninguna de las que realmente importaba? Como si el d\u00eda te hubiera arrastrado a ti, en lugar de t\u00fa dirigirlo.<\/p>\n\n\n\n<p class=\"wp-block-paragraph\">A m\u00ed me pasaba constantemente: respond\u00eda correos al instante, saltaba de urgencia en urgencia y lo importante segu\u00eda pendiente.<\/p>\n\n\n\n<p class=\"wp-block-paragraph\">Hasta que entend\u00ed que ordenar el d\u00eda a d\u00eda no requiere trabajar m\u00e1s, sino dirigir mejor la energ\u00eda con peque\u00f1as decisiones y h\u00e1bitos diarios.<\/p>\n\n\n\n<p class=\"wp-block-paragraph\">Al respecto, Alan Zavala -especialista en el tema- nos dice: no necesitas agendas complejas. Las siguientes pr\u00e1cticas te ayudar\u00e1n a enfocarte y a tener d\u00edas m\u00e1s productivos.<\/p>\n\n\n\n<ol class=\"wp-block-list\">\n<li>Empieza el d\u00eda con intenci\u00f3n (y no en modo reactivo)<\/li>\n<\/ol>\n\n\n\n<p class=\"wp-block-paragraph\">La diferencia entre un d\u00eda perdido y uno productivo se decide en los primeros minutos.<\/p>\n\n\n\n<p class=\"wp-block-paragraph\">En la noche, elige las tres tareas de mayor impacto para el siguiente d\u00eda: cerrar un pendiente clave, hacer esa llamada inc\u00f3moda o reservar tiempo para cuidarte.<\/p>\n\n\n\n<p class=\"wp-block-paragraph\">An\u00f3talas donde las veas al despertar y rev\u00edsalas antes de abrir redes sociales o tu correo electr\u00f3nico. Despu\u00e9s, aparta tiempo para cada una.<\/p>\n\n\n\n<p class=\"wp-block-paragraph\">Los imprevistos aparecen, pero lo esencial avanza. Como comenta Alan El\u00edas Zayat: \u201cEl caos no viene de tener muchas tareas, sino de arrancar sin rumbo claro. Cuando defines lo importante primero, todo lo dem\u00e1s encuentra su lugar\u201d.<\/p>\n\n\n\n<p class=\"wp-block-paragraph\">2. Crea un entorno funcional que libere tu mente<\/p>\n\n\n\n<p class=\"wp-block-paragraph\">El desorden visual roba atenci\u00f3n constante y genera fatiga mental.<\/p>\n\n\n\n<p class=\"wp-block-paragraph\">No hace falta minimalismo radical. Basta con h\u00e1bitos simples:<\/p>\n\n\n\n<p class=\"wp-block-paragraph\">\u25cf Deja superficies limpias: s\u00f3lo lo que usar\u00e1s en las pr\u00f3ximas horas.<\/p>\n\n\n\n<p class=\"wp-block-paragraph\">\u25cf Asigna lugar fijo a lo esencial (cargador, llaves, libreta).<\/p>\n\n\n\n<p class=\"wp-block-paragraph\">\u25cf Dedica tres minutos al final del d\u00eda a ordenar.<\/p>\n\n\n\n<p class=\"wp-block-paragraph\">Este entorno funcional elimina distracciones y te deja espacio mental para lo importante.<\/p>\n\n\n\n<p class=\"wp-block-paragraph\">3. Incorpora pausas conscientes y respeta tus ritmos<\/p>\n\n\n\n<p class=\"wp-block-paragraph\">Estar siempre disponible no mejora la productividad; adem\u00e1s,ignorar la fatiga mental acelera el agotamiento.<\/p>\n\n\n\n<p class=\"wp-block-paragraph\">Trabaja en bloques que honren tus ritmos:<\/p>\n\n\n\n<p class=\"wp-block-paragraph\">\u25cf Enf\u00f3cate 25-50 minutos en una tarea.<\/p>\n\n\n\n<p class=\"wp-block-paragraph\">\u25cf Descansa 5-10 minutos de verdad: estira, respira o camina (evita el celular).<\/p>\n\n\n\n<p class=\"wp-block-paragraph\">\u25cf Tras cuatro bloques, toma un descanso m\u00e1s largo.<\/p>\n\n\n\n<p class=\"wp-block-paragraph\">As\u00ed rindes mejor sin desgastarte y llegas al final del d\u00eda satisfecho, con energ\u00eda sobrante.<\/p>\n\n\n\n<p class=\"wp-block-paragraph\">La organizaci\u00f3n del d\u00eda que realmente funciona<\/p>\n\n\n\n<p class=\"wp-block-paragraph\">La vida trae interrupciones impredecibles. Nadie controla la rutina al 100 por ciento.<\/p>\n\n\n\n<p class=\"wp-block-paragraph\">Pero con estas tres pr\u00e1cticas \u2014intenci\u00f3n matutina, entorno aliado y pausas conscientes\u2014, la organizaci\u00f3n de tu d\u00eda se vuelve natural y te devuelve claridad y control.<\/p>\n\n\n\n<p class=\"wp-block-paragraph\">Son h\u00e1bitos diarios peque\u00f1os que se acumulan y, en semanas, transforman tu rutina.<\/p>\n\n\n\n<p class=\"wp-block-paragraph\">Prueba hoy: antes de dormir, escribe tres cosas que har\u00e1n que tu d\u00eda sea valioso. Rev\u00edsalas al despertar y decide cu\u00e1ndo las har\u00e1s.<\/p>\n\n\n\n<p class=\"wp-block-paragraph\">Notar\u00e1s la diferencia: terminar\u00e1s el d\u00eda avanzando en lo importante, sin correr m\u00e1s, s\u00f3lo mejor.<\/p>\n\n\n\n<p class=\"wp-block-paragraph\">T\u00fa ya tienes todo lo necesario. El cambio empieza con la pr\u00f3xima decisi\u00f3n.<\/p>\n\n\n\n<p class=\"wp-block-paragraph\"><a href=\"mailto:loscapitales@yahoo.com.mx\" target=\"_blank\" rel=\"noreferrer noopener\">loscapitales@yahoo.com.mx<\/a><\/p>\n\n\n\n<p class=\"wp-block-paragraph\">Twiter: @Edgar4712<\/p>\n","protected":false},"excerpt":{"rendered":"<p>Edgar Gonz\u00e1lez Mart\u00ednez SemM\u00e9xico, Ciudad de M\u00e9xico, 12 de enero 2026.- \u00bfCu\u00e1ntas veces terminas agotado de la jornada, con la sensaci\u00f3n de haber realizado muchas tareas, pero ninguna de las que realmente importaba? Como si el d\u00eda te hubiera arrastrado a ti, en lugar de t\u00fa dirigirlo. A m\u00ed me pasaba constantemente: respond\u00eda correos al [&hellip;]<\/p>\n","protected":false},"author":3,"featured_media":75979,"comment_status":"open","ping_status":"open","sticky":false,"template":"","format":"standard","meta":{"_monsterinsights_skip_tracking":false,"footnotes":""},"categories":[750,110,35],"tags":[],"class_list":["post-101814","post","type-post","status-publish","format-standard","has-post-thumbnail","category-edgar-gonzalez-martinez","category-la-opinion-columnas","category-opinion"],"_links":{"self":[{"href":"https:\/\/redsemlac.com\/semmexico\/wp-json\/wp\/v2\/posts\/101814","targetHints":{"allow":["GET"]}}],"collection":[{"href":"https:\/\/redsemlac.com\/semmexico\/wp-json\/wp\/v2\/posts"}],"about":[{"href":"https:\/\/redsemlac.com\/semmexico\/wp-json\/wp\/v2\/types\/post"}],"author":[{"embeddable":true,"href":"https:\/\/redsemlac.com\/semmexico\/wp-json\/wp\/v2\/users\/3"}],"replies":[{"embeddable":true,"href":"https:\/\/redsemlac.com\/semmexico\/wp-json\/wp\/v2\/comments?post=101814"}],"version-history":[{"count":0,"href":"https:\/\/redsemlac.com\/semmexico\/wp-json\/wp\/v2\/posts\/101814\/revisions"}],"wp:featuredmedia":[{"embeddable":true,"href":"https:\/\/redsemlac.com\/semmexico\/wp-json\/wp\/v2\/media\/75979"}],"wp:attachment":[{"href":"https:\/\/redsemlac.com\/semmexico\/wp-json\/wp\/v2\/media?parent=101814"}],"wp:term":[{"taxonomy":"category","embeddable":true,"href":"https:\/\/redsemlac.com\/semmexico\/wp-json\/wp\/v2\/categories?post=101814"},{"taxonomy":"post_tag","embeddable":true,"href":"https:\/\/redsemlac.com\/semmexico\/wp-json\/wp\/v2\/tags?post=101814"}],"curies":[{"name":"wp","href":"https:\/\/api.w.org\/{rel}","templated":true}]}}