{"id":10179,"date":"2019-07-26T00:27:38","date_gmt":"2019-07-26T00:27:38","guid":{"rendered":"https:\/\/redsemlac.com\/semmexico\/?p=10179"},"modified":"2023-07-21T14:51:18","modified_gmt":"2023-07-21T19:51:18","slug":"realizan-guelaguetza-contra-la-mineria-en-oaxaca","status":"publish","type":"post","link":"https:\/\/redsemlac.com\/semmexico\/realizan-guelaguetza-contra-la-mineria-en-oaxaca\/","title":{"rendered":"Realizan Guelaguetza contra la miner\u00eda en Oaxaca"},"content":{"rendered":"\n<p class=\"wp-block-paragraph\"><strong>* Afecta el medio ambiente, divide a los pueblos y es causa de\nasesinatos<\/strong><\/p>\n\n\n\n<p class=\"wp-block-paragraph\"><strong>* <\/strong><strong>A las orillas de la presa de agua Yuguvene, rinden homenaje a la madre\ntierra<\/strong><\/p>\n\n\n\n<p class=\"wp-block-paragraph\"><strong>Redacci\u00f3n<\/strong><\/p>\n\n\n\n<p class=\"wp-block-paragraph\">SemM\u00e9xico, Oaxaca, 25 julio 2019.- En el marco del D\u00eda Estatal de\nRebeld\u00eda Contra la Miner\u00eda, que se estableci\u00f3 en 2016 en San Jos\u00e9 de las\nHuertas, comunidades zapotecas y campesinas de los Valles Centrales de Oaxaca,\nrealizaron una Guelaguetza contra la miner\u00eda.<\/p>\n\n\n\n<p class=\"wp-block-paragraph\">Ah\u00ed se pronunciaron en contra de esta actividad que no solo est\u00e1\nafectando el medio ambiente con la extracci\u00f3n de los minerales, sino tambi\u00e9n\nafecta toda la vida de la comunidad generando divisi\u00f3n y confrontaci\u00f3n de las\ncomunidades, asesinatos de defensores, y modificando nuestra identidad.<\/p>\n\n\n\n<p class=\"wp-block-paragraph\">Por ello, tras un ritual, exigieron a las autoridades federales y estatales, la cancelaci\u00f3n de\nlas concesiones mineras emitidas en territorios de ejidos y comunidades de\nTlacolula, Ocotl\u00e1n y Ejutla.<\/p>\n\n\n\n<p class=\"wp-block-paragraph\">Denunciaron las\npr\u00e1cticas extractivistas de apropiaci\u00f3n de sus pr\u00e1cticas culturales ancestrales\nque se han sido folclorizadas y despojadas de todo sentido colectivo.<\/p>\n\n\n\n<p class=\"wp-block-paragraph\">Pidieron respeto\nal derecho a la libre determinaci\u00f3n de los pueblos y comunidades que a trav\u00e9s\nde sus instancias de toma de decisiones internas ya han dicho no a la miner\u00eda.<\/p>\n\n\n\n<p class=\"wp-block-paragraph\">Demandaron a la\nSEMARNAT la no autorizar la solicitud de los estudios de Manifestaci\u00f3n de\nImpacto Ambiental del Proyecto San Jos\u00e9 del Progreso II.<\/p>\n\n\n\n<p class=\"wp-block-paragraph\">Castigar a los responsables de la contaminaci\u00f3n del Rio Coyote, en\nMagdalena Ocotl\u00e1n y la muerte masiva de los peces en la comunidad de San Jos\u00e9\ndel Progreso, Ocotl\u00e1n, Oaxaca.<\/p>\n\n\n\n<p class=\"wp-block-paragraph\">Y sanci\u00f3n a todos los autores materiales e intelectuales de los\nasesinatos de los defensores y defensoras comunitarias.<\/p>\n\n\n\n<p class=\"wp-block-paragraph\">A las orillas de la presa de agua Yuguvene, en San Martin de los\nCanseco, colocaron semillas de ma\u00edz, verduras, pan, tortillas, tostadas,\ntotopos, mezcal y flores, y celebraron un rito para honrar a la madre tierra,\nen memoria de la diosa Cent\u00e9otl (diosa del Ma\u00edz), \u201cpara que nos siga dando una\nlarga vida a trav\u00e9s del ma\u00edz, su valor y siga expandiendo la semilla a diversas\ncomunidades para la defensa del territorio\u201d.<\/p>\n\n\n\n<p class=\"wp-block-paragraph\">Se\u00f1alaron que el modelo extractivo y econ\u00f3mico del gobierno federal,\nsus concesiones y proyectos mineros son la principal amenaza para los pueblos\nporque se imponen violentamente, despojando de las riquezas mineras,\nculturales, espirituales y organizativas que le dan sentido de pertenencia a\nnuestra madre.<\/p>\n\n\n\n<p class=\"wp-block-paragraph\">A 10 a\u00f1os de resistencia, reafirmamos que no podemos defender nuestra\nCasa Com\u00fan, de manera aislada, sino organizada y eso implica una mirada amplia\ndel territorio. <\/p>\n\n\n\n<p class=\"wp-block-paragraph\">Por eso, como Frente no la Miner\u00eda por un Futuro de Todas y Todos,\ncelebramos la vida colectiva, la resistencia de los pueblos y exigimos a las\nempresas mineras y al Estado que respeten nuestras declaratorias pol\u00edticas,\nagrarias y municipales con las cuales hemos expresado nuestra voluntad\ncolectiva, a trav\u00e9s de las asambleas, afirmando que nuestros territorios son\nprohibidos para la miner\u00eda, se\u00f1alan en un comunicado.<\/p>\n\n\n\n<p class=\"wp-block-paragraph\">Reclamaron el hecho de que la Compa\u00f1\u00eda Miner\u00eda Cuzcatl\u00e1n, que opera\nsin el consentimiento de la comunidad de San Jos\u00e9 del Progreso (Ocotl\u00e1n,\nOaxaca), los despoja tambi\u00e9n de \u201cGuelaguetza\u201d organizando pasarelas de modas y\ncolocando anuncios en toda la comunidad. <\/p>\n\n\n\n<p class=\"wp-block-paragraph\">Todo eso, cuando dicha empresa ha sido responsable de la contaminaci\u00f3n\ndel Rio Coyote en territorio de Magdalena Ocotl\u00e1n y ha acaparado 90 mil\nhect\u00e1reas de territorios de pueblos y comunidades ind\u00edgenas y campesinas, lo\ncual equivale a diez veces el tama\u00f1o de la ciudad de Oaxaca.<\/p>\n\n\n\n<p class=\"wp-block-paragraph\">La Guelaguetza tambi\u00e9n nos convoca como pueblos en resistencia frente\na la miner\u00eda, para generar alternativas y resistencia, en este modelo\ncapitalista neoliberal. <\/p>\n\n\n\n<p class=\"wp-block-paragraph\">SEM\/sj<\/p>\n","protected":false},"excerpt":{"rendered":"<p>Afecta el medio ambiente, divide a los pueblos y es causa de asesinatos<\/p>\n","protected":false},"author":3,"featured_media":10180,"comment_status":"open","ping_status":"open","sticky":false,"template":"","format":"standard","meta":{"_monsterinsights_skip_tracking":false,"footnotes":""},"categories":[690,52],"tags":[],"class_list":["post-10179","post","type-post","status-publish","format-standard","has-post-thumbnail","category-690","category-hombres"],"_links":{"self":[{"href":"https:\/\/redsemlac.com\/semmexico\/wp-json\/wp\/v2\/posts\/10179","targetHints":{"allow":["GET"]}}],"collection":[{"href":"https:\/\/redsemlac.com\/semmexico\/wp-json\/wp\/v2\/posts"}],"about":[{"href":"https:\/\/redsemlac.com\/semmexico\/wp-json\/wp\/v2\/types\/post"}],"author":[{"embeddable":true,"href":"https:\/\/redsemlac.com\/semmexico\/wp-json\/wp\/v2\/users\/3"}],"replies":[{"embeddable":true,"href":"https:\/\/redsemlac.com\/semmexico\/wp-json\/wp\/v2\/comments?post=10179"}],"version-history":[{"count":0,"href":"https:\/\/redsemlac.com\/semmexico\/wp-json\/wp\/v2\/posts\/10179\/revisions"}],"wp:featuredmedia":[{"embeddable":true,"href":"https:\/\/redsemlac.com\/semmexico\/wp-json\/wp\/v2\/media\/10180"}],"wp:attachment":[{"href":"https:\/\/redsemlac.com\/semmexico\/wp-json\/wp\/v2\/media?parent=10179"}],"wp:term":[{"taxonomy":"category","embeddable":true,"href":"https:\/\/redsemlac.com\/semmexico\/wp-json\/wp\/v2\/categories?post=10179"},{"taxonomy":"post_tag","embeddable":true,"href":"https:\/\/redsemlac.com\/semmexico\/wp-json\/wp\/v2\/tags?post=10179"}],"curies":[{"name":"wp","href":"https:\/\/api.w.org\/{rel}","templated":true}]}}