{"id":10176,"date":"2019-07-26T00:05:57","date_gmt":"2019-07-26T00:05:57","guid":{"rendered":"https:\/\/redsemlac.com\/semmexico\/?p=10176"},"modified":"2023-07-21T14:51:18","modified_gmt":"2023-07-21T19:51:18","slug":"instalaran-en-oaxaca-comision-para-atender-trata-en-poblacion-migrante","status":"publish","type":"post","link":"https:\/\/redsemlac.com\/semmexico\/instalaran-en-oaxaca-comision-para-atender-trata-en-poblacion-migrante\/","title":{"rendered":"Instalar\u00e1n en Oaxaca Comisi\u00f3n para atender trata en poblaci\u00f3n migrante"},"content":{"rendered":"\n<p class=\"wp-block-paragraph\"><strong>* Ser\u00e1 en agosto pr\u00f3ximo, anunci\u00f3\nsubsecretario Alejandro Encinas<\/strong><\/p>\n\n\n\n<p class=\"wp-block-paragraph\"><strong>* Es el delito m\u00e1s redituable despu\u00e9s\ndel narcotr\u00e1fico<\/strong><\/p>\n\n\n\n<p class=\"wp-block-paragraph\"><strong>Patricia Brise\u00f1o<\/strong><\/p>\n\n\n\n<p class=\"wp-block-paragraph\">SemM\u00e9xico,\nOaxaca, 25 julio 2019.- Alejandro Encinas Rodr\u00edguez, subsecretario de Derechos\nHumanos, Migraci\u00f3n y Poblaci\u00f3n de la Secretar\u00eda de Gobernaci\u00f3n (Segob) anunci\u00f3\nque en agosto pr\u00f3ximo se instalar\u00e1 aqu\u00ed la Comisi\u00f3n para Atender el Delito de Trata\nde Personas con Poblaci\u00f3n Migrante, que ser\u00e1 uno de los enfoques de las\nacciones que el gobierno federal desarrollar\u00e1 en este tema, acompa\u00f1ado de la\nproblem\u00e1tica como pornograf\u00eda y prostituci\u00f3n.<\/p>\n\n\n\n<p class=\"wp-block-paragraph\">\u201cEs\nurgente combatir este delito, especialmente con el incremento significativo de\nla migraci\u00f3n\u201d, subray\u00f3.<\/p>\n\n\n\n<p class=\"wp-block-paragraph\">El\nanunci\u00f3 ocurri\u00f3 durante la participaci\u00f3n de Encinas en el \u201cForo Tem\u00e1tico:\nEstrategias para la garant\u00eda de los Derechos Humanos en materia de trata de\npersonas\u201d, realizado en el estado de Tlaxcala.<\/p>\n\n\n\n<p class=\"wp-block-paragraph\">El\nprop\u00f3sito de esta Comisi\u00f3n es convocar a la sociedad y gobiernos a buscar una\nruta que permita enfrentar la trata de personas, \u201cdelito que se ha convertido\nen el segundo m\u00e1s redituable a nivel internacional despu\u00e9s del narcotr\u00e1fico\u201d.<\/p>\n\n\n\n<p class=\"wp-block-paragraph\">El\nex jefe de Gobierno del antiguo Distrito Federal refrend\u00f3 el compromiso de las\ninstituciones que integran la federaci\u00f3n para enfrentar la trata de personas\nque afecta a ni\u00f1as, ni\u00f1os, mujeres y hombres.<\/p>\n\n\n\n<p class=\"wp-block-paragraph\">SEM\/pb\/sj<\/p>\n","protected":false},"excerpt":{"rendered":"<p>Ser\u00e1 en agosto pr\u00f3ximo, anunci\u00f3 subsecretario Alejandro Encinas<\/p>\n","protected":false},"author":3,"featured_media":10177,"comment_status":"open","ping_status":"open","sticky":false,"template":"","format":"standard","meta":{"_monsterinsights_skip_tracking":false,"footnotes":""},"categories":[690,52],"tags":[],"class_list":["post-10176","post","type-post","status-publish","format-standard","has-post-thumbnail","category-690","category-hombres"],"_links":{"self":[{"href":"https:\/\/redsemlac.com\/semmexico\/wp-json\/wp\/v2\/posts\/10176","targetHints":{"allow":["GET"]}}],"collection":[{"href":"https:\/\/redsemlac.com\/semmexico\/wp-json\/wp\/v2\/posts"}],"about":[{"href":"https:\/\/redsemlac.com\/semmexico\/wp-json\/wp\/v2\/types\/post"}],"author":[{"embeddable":true,"href":"https:\/\/redsemlac.com\/semmexico\/wp-json\/wp\/v2\/users\/3"}],"replies":[{"embeddable":true,"href":"https:\/\/redsemlac.com\/semmexico\/wp-json\/wp\/v2\/comments?post=10176"}],"version-history":[{"count":0,"href":"https:\/\/redsemlac.com\/semmexico\/wp-json\/wp\/v2\/posts\/10176\/revisions"}],"wp:featuredmedia":[{"embeddable":true,"href":"https:\/\/redsemlac.com\/semmexico\/wp-json\/wp\/v2\/media\/10177"}],"wp:attachment":[{"href":"https:\/\/redsemlac.com\/semmexico\/wp-json\/wp\/v2\/media?parent=10176"}],"wp:term":[{"taxonomy":"category","embeddable":true,"href":"https:\/\/redsemlac.com\/semmexico\/wp-json\/wp\/v2\/categories?post=10176"},{"taxonomy":"post_tag","embeddable":true,"href":"https:\/\/redsemlac.com\/semmexico\/wp-json\/wp\/v2\/tags?post=10176"}],"curies":[{"name":"wp","href":"https:\/\/api.w.org\/{rel}","templated":true}]}}