{"id":101752,"date":"2026-01-09T18:48:38","date_gmt":"2026-01-10T00:48:38","guid":{"rendered":"https:\/\/redsemlac.com\/semmexico\/?p=101752"},"modified":"2026-01-09T18:48:39","modified_gmt":"2026-01-10T00:48:39","slug":"reaviva-alarma-por-matrimonios-infantiles-caso-de-nina-tsotsil-que-da-a-luz","status":"publish","type":"post","link":"https:\/\/redsemlac.com\/semmexico\/reaviva-alarma-por-matrimonios-infantiles-caso-de-nina-tsotsil-que-da-a-luz\/","title":{"rendered":"Reaviva alarma por matrimonios infantiles, caso de ni\u00f1a tsotsil que da a luz"},"content":{"rendered":"\n<ul class=\"wp-block-list\">\n<li>\u201cLas ni\u00f1as no son esposas ni madres por elecci\u00f3n.<\/li>\n\n\n\n<li>Son sujetas de derechos y el Estado tiene la obligaci\u00f3n indeclinable de grabatizarlos\u201d: 50 m\u00e1s 1<\/li>\n<\/ul>\n\n\n\n<p class=\"wp-block-paragraph\">Gabriela Couti\u00f1o<\/p>\n\n\n\n<p class=\"wp-block-paragraph\">SemM\u00e9xico, San Crist\u00f3bal de las Casas, 9 de diciembre 2026.- El caso de una menor tsotsil de 13 a\u00f1os que dio a luz a un beb\u00e9 en esta ciudad encendi\u00f3 las alertas de organizaciones de la sociedad civil sobre la persistencia del matrimonio infantil y la falta de protecci\u00f3n efectiva de los derechos de la ni\u00f1ez en Chiapas.<\/p>\n\n\n\n<p class=\"wp-block-paragraph\">Al respecto, la Fiscal\u00eda General del Estado (FGE) inform\u00f3 que tanto la adolescente como el reci\u00e9n nacido se encuentran estables y fuera de peligro, luego de haber presentado complicaciones derivadas de un contagio de sarampi\u00f3n, situaci\u00f3n que motiv\u00f3 su traslado del Hospital de la Mujer al Hospital de las Culturas.<\/p>\n\n\n\n<p class=\"wp-block-paragraph\">De manera preliminar, la FGE dio a conocer que la madre, de 13 a\u00f1os, y el padre del beb\u00e9, de 17 a\u00f1os, cohabitan con el consentimiento de las familias de ambos, conforme a los usos y costumbres de su comunidad.<\/p>\n\n\n\n<p class=\"wp-block-paragraph\">No obstante, precis\u00f3 que la Fiscal\u00eda de Justicia Ind\u00edgena contin\u00faa con la integraci\u00f3n de la carpeta de investigaci\u00f3n correspondiente, a fin de esclarecer los hechos y determinar posibles responsabilidades conforme a la ley.<\/p>\n\n\n\n<p class=\"wp-block-paragraph\">La menor, originaria del municipio de San Juan Chamula, present\u00f3 adem\u00e1s da\u00f1os y lesiones en \u00f3rganos y tejidos debido a la inmadurez f\u00edsica de su cuerpo, de acuerdo con personal m\u00e9dico. Seg\u00fan versiones recabadas en el hospital, el adolescente fue quien la traslad\u00f3 al nosocomio tras las complicaciones del parto.<\/p>\n\n\n\n<p class=\"wp-block-paragraph\">En un pronunciamiento p\u00fablico, la Comisi\u00f3n de Ni\u00f1as, Ni\u00f1os y Adolescentes de la Colectiva Feminista 50 m\u00e1s 1 manifest\u00f3 su profunda preocupaci\u00f3n e indignaci\u00f3n ante la informaci\u00f3n difundida en medios de comunicaci\u00f3n y redes sociales, al considerar que este caso no es un hecho aislado, sino parte de una problem\u00e1tica estructural que persiste en comunidades ind\u00edgenas del estado.<\/p>\n\n\n\n<p class=\"wp-block-paragraph\">La organizaci\u00f3n record\u00f3 que en junio de 2024, luego de que se diera a conocer que Chiapas ocupaba el primer lugar nacional en embarazos adolescentes, el Congreso del Estado dio un paso hist\u00f3rico al aprobar reformas legales para prohibir y sancionar el matrimonio infantil. Sin embargo, advirti\u00f3 que la realidad demuestra que la ley no se est\u00e1 aplicando de manera efectiva.<\/p>\n\n\n\n<p class=\"wp-block-paragraph\">\u201cEstas uniones contin\u00faan ocurriendo sin que autoridad alguna intervenga para prevenirlas, investigarlas o sancionarlas\u201d, se\u00f1al\u00f3 la Comisi\u00f3n, al tiempo que subray\u00f3 la ausencia de acciones contundentes por parte de las instancias responsables.<\/p>\n\n\n\n<p class=\"wp-block-paragraph\">Personal m\u00e9dico de hospitales de San Crist\u00f3bal de las Casas confirm\u00f3 que los casos de ni\u00f1as embarazadas son frecuentes. \u201cAqu\u00ed es pan de todos los d\u00edas\u201d, expresaron, al se\u00f1alar que atienden de manera constante partos de menores de edad y emergencias obst\u00e9tricas derivadas de embarazos mal atendidos en comunidades ind\u00edgenas.<\/p>\n\n\n\n<p class=\"wp-block-paragraph\">Un ejemplo reciente es el caso de Maura, otra menor tsotsil que fue llevada de urgencia al hospital luego de que no pudiera dar a luz en su domicilio con ayuda de una partera tradicional. La pelvis de la ni\u00f1a no permiti\u00f3 el paso del beb\u00e9 y fue trasladada cuando ya presentaba al feto parcialmente expuesto, por lo que el personal m\u00e9dico tuvo que practicarle una ces\u00e1rea de emergencia.<\/p>\n\n\n\n<p class=\"wp-block-paragraph\">Para la Comisi\u00f3n de Ni\u00f1as, Ni\u00f1os y Adolescentes de la Colectiva 50 m\u00e1s 1, estos hechos evidencian graves violaciones a los derechos humanos de ni\u00f1as y adolescentes, particularmente en contextos de pueblos originarios, donde persisten pr\u00e1cticas como el matrimonio y las uniones infantiles forzadas, pese a estar prohibidas por la ley.<\/p>\n\n\n\n<p class=\"wp-block-paragraph\">La organizaci\u00f3n calific\u00f3 como \u201cespecialmente alarmante\u201d que no exista una pol\u00edtica p\u00fablica integral, clara y sostenida por parte de las autoridades competentes, en particular de la Secretar\u00eda de la Mujer, orientada a prevenir, erradicar y atender los matrimonios infantiles, as\u00ed como a garantizar la protecci\u00f3n efectiva de ni\u00f1as y adolescentes en situaci\u00f3n de riesgo.<\/p>\n\n\n\n<p class=\"wp-block-paragraph\">\u201cLa maternidad forzada en ni\u00f1as es consecuencia directa de la omisi\u00f3n del Estado, de la normalizaci\u00f3n de pr\u00e1cticas que constituyen violencia sexual y de la falta de acciones interinstitucionales con enfoque intercultural, de g\u00e9nero y de derechos de la ni\u00f1ez\u201d, advirti\u00f3 la colectiva.<\/p>\n\n\n\n<p class=\"wp-block-paragraph\">\u201cLas ni\u00f1as no son esposas ni madres por elecci\u00f3n. Son sujetas de derechos y el Estado tiene la obligaci\u00f3n indeclinable de garantizarlos. El silencio institucional y la omisi\u00f3n tambi\u00e9n son formas de violencia\u201d, subray\u00f3.<\/p>\n\n\n\n<p class=\"wp-block-paragraph\">Ante ello, la Colectiva Feminista 50 m\u00e1s 1 exigi\u00f3 investigar de manera inmediata el caso, garantizar la protecci\u00f3n integral de la menor, el acceso a la justicia y la no revictimizaci\u00f3n, as\u00ed como la aplicaci\u00f3n efectiva de la legislaci\u00f3n que proh\u00edbe el matrimonio infantil y las uniones forzadas, sin excepciones culturales que vulneren los derechos humanos.<\/p>\n\n\n\n<p class=\"wp-block-paragraph\">SEM\/gc<\/p>\n\n\n\n<p class=\"wp-block-paragraph\"><\/p>\n","protected":false},"excerpt":{"rendered":"<p>Gabriela Couti\u00f1o SemM\u00e9xico, San Crist\u00f3bal de las Casas, 9 de diciembre 2026.- El caso de una menor tsotsil de 13 a\u00f1os que dio a luz a un beb\u00e9 en esta ciudad encendi\u00f3 las alertas de organizaciones de la sociedad civil sobre la persistencia del matrimonio infantil y la falta de protecci\u00f3n efectiva de los derechos [&hellip;]<\/p>\n","protected":false},"author":3,"featured_media":101753,"comment_status":"open","ping_status":"open","sticky":false,"template":"","format":"standard","meta":{"_monsterinsights_skip_tracking":false,"footnotes":""},"categories":[694],"tags":[],"class_list":["post-101752","post","type-post","status-publish","format-standard","has-post-thumbnail","category-destacadas"],"_links":{"self":[{"href":"https:\/\/redsemlac.com\/semmexico\/wp-json\/wp\/v2\/posts\/101752","targetHints":{"allow":["GET"]}}],"collection":[{"href":"https:\/\/redsemlac.com\/semmexico\/wp-json\/wp\/v2\/posts"}],"about":[{"href":"https:\/\/redsemlac.com\/semmexico\/wp-json\/wp\/v2\/types\/post"}],"author":[{"embeddable":true,"href":"https:\/\/redsemlac.com\/semmexico\/wp-json\/wp\/v2\/users\/3"}],"replies":[{"embeddable":true,"href":"https:\/\/redsemlac.com\/semmexico\/wp-json\/wp\/v2\/comments?post=101752"}],"version-history":[{"count":0,"href":"https:\/\/redsemlac.com\/semmexico\/wp-json\/wp\/v2\/posts\/101752\/revisions"}],"wp:featuredmedia":[{"embeddable":true,"href":"https:\/\/redsemlac.com\/semmexico\/wp-json\/wp\/v2\/media\/101753"}],"wp:attachment":[{"href":"https:\/\/redsemlac.com\/semmexico\/wp-json\/wp\/v2\/media?parent=101752"}],"wp:term":[{"taxonomy":"category","embeddable":true,"href":"https:\/\/redsemlac.com\/semmexico\/wp-json\/wp\/v2\/categories?post=101752"},{"taxonomy":"post_tag","embeddable":true,"href":"https:\/\/redsemlac.com\/semmexico\/wp-json\/wp\/v2\/tags?post=101752"}],"curies":[{"name":"wp","href":"https:\/\/api.w.org\/{rel}","templated":true}]}}