{"id":10174,"date":"2019-07-25T23:53:10","date_gmt":"2019-07-25T23:53:10","guid":{"rendered":"https:\/\/redsemlac.com\/semmexico\/?p=10174"},"modified":"2023-07-21T14:51:19","modified_gmt":"2023-07-21T19:51:19","slug":"ambigu-18","status":"publish","type":"post","link":"https:\/\/redsemlac.com\/semmexico\/ambigu-18\/","title":{"rendered":"Ambig\u00fa"},"content":{"rendered":"\n<h2 class=\"wp-block-heading\"><strong>El voto duro de Amlo y Morena, versi\u00f3n Sosa Cordero<\/strong><\/h2>\n\n\n\n<p class=\"wp-block-paragraph\"><strong>+ N\u00f3mina educativa; si el Presidente dice: va, no se discute: Frutis<\/strong><\/p>\n\n\n\n<p class=\"wp-block-paragraph\"><strong>+ Prensa, cada vez m\u00e1s insensible ante la muerte tr\u00e1gica<\/strong><\/p>\n\n\n\n<p class=\"wp-block-paragraph\"><strong>Martha Elba Torres Mart\u00ednez<\/strong><\/p>\n\n\n\n<p class=\"wp-block-paragraph\">En la visita de este mes, del presidente L\u00f3pez Obrador a\nMichoac\u00e1n, el gobernador Silvano Aureoles termin\u00f3 convenci\u00e9ndolo de los enormes\nbeneficios para el estado que traer\u00e1 la federalizaci\u00f3n total de la n\u00f3mina\nmagisterial. Y dijo: va. Pero al bajar a la instancia correspondiente \u2013la SEP-,\nresulta que no hay dinero. \u00bfNo hay, cuando se estima que cerrar\u00e1 este a\u00f1o el\nGobierno Federal con un subejercicio presupuestal de 200 mil millones de pesos?<\/p>\n\n\n\n<p class=\"wp-block-paragraph\">No pude resistirme y se lo pregunt\u00e9 a Alberto Frutis,\nsecretario de Educaci\u00f3n del estado, en literal, entrevista banquetera.<\/p>\n\n\n\n<p class=\"wp-block-paragraph\">-\u00bfQui\u00e9n te dijo eso?<\/p>\n\n\n\n<p class=\"wp-block-paragraph\"><strong>Un pajarito.<\/strong><\/p>\n\n\n\n<p class=\"wp-block-paragraph\">-\u00a1Pero c\u00f3mo te enteras!<\/p>\n\n\n\n<p class=\"wp-block-paragraph\"><strong>Pues ya ves.<\/strong><\/p>\n\n\n\n<p class=\"wp-block-paragraph\">Enmudece por unos momentos y suelta:<\/p>\n\n\n\n<p class=\"wp-block-paragraph\">-\u00bfEn un pa\u00eds qui\u00e9n manda?<\/p>\n\n\n\n<p class=\"wp-block-paragraph\"><strong>Pues el Presidente.<\/strong><\/p>\n\n\n\n<p class=\"wp-block-paragraph\">-Ah\u00ed tienes. Entonces, nosotros estamos en esa t\u00f3nica. \u00bfQu\u00e9\ntenemos que hacer los funcionarios que estamos debajo de quien manda? Hacer\noperativo lo que ellos indican. Si el gobernador dice: hay que abrir escuela,\nno hay que decir si hay o no presupuesto, se abre la escuela. Hacer la\nsinergia, la gesti\u00f3n y abrirla. Yo no tengo esos datos de que Esteban\nMoctezuma\u2026<\/p>\n\n\n\n<p class=\"wp-block-paragraph\"><strong>Se puso remilgoso.<\/strong><\/p>\n\n\n\n<p class=\"wp-block-paragraph\">-Pues tiene que hacer su chamba \u00bfno? Tiene que buscar los\nrecursos, las posibilidades. Obviamente en este momento, y quiero entenderlo\nas\u00ed, el proceso presupuestal (del a\u00f1o) va muy avanzado. Pero habr\u00e1 recursos\nextraordinarios que estamos gestionando con \u00e9l, para que en lo que se da el\nproceso completo de federalizaci\u00f3n de la n\u00f3mina, haya recursos para Michoac\u00e1n.\nEstamos en la firma de un nuevo convenio, en tanto no se da lo otro, y donde se\nestablezca qu\u00e9 montos puede aportar el estado y qu\u00e9 la Federaci\u00f3n, para darle\nviabilidad al sistema educativo. \u00bfQu\u00e9 se espera en septiembre? Que tanto los\ndiputados locales como los federales, se pongan guapos, y determinen: esto va\npara Michoac\u00e1n en funci\u00f3n de su servicio educativo y la Federaci\u00f3n lo mismo.<\/p>\n\n\n\n<p class=\"wp-block-paragraph\"><strong>El gobernador habla\nde 3,750 millones de pesos para este cierre.<\/strong><\/p>\n\n\n\n<p class=\"wp-block-paragraph\">-Lo que se ocupe. Mi presupuesto anual es de 26 mil millones\nde pesos. Me est\u00e1n otorgando al a\u00f1o aqu\u00ed, ya en la mezcla Federaci\u00f3n-estado, 22\nmil, as\u00ed que traemos un d\u00e9ficit de 4 mil que hay que cubrir y de eso se trata.\nDe acuerdo a las indicaciones del Presidente, que el Congreso federal, todo\neste d\u00e9ficit, lo contemple en el presupuesto para federalizar la n\u00f3mina con\nrecursos concurrentes y ya definitivos. Entonces esa es la ruta. Ya estamos\nrevisando los borradores del convenio y la semana que entra, sentarnos con\nEsteban Moctezuma y ya aterrizar. <\/p>\n\n\n\n<p class=\"wp-block-paragraph\">\u201c\u00bfQu\u00e9 hizo el Presidente ahora que vino? Entendi\u00f3 muy bien\nel tema. El gobernador lo explic\u00f3 con mucha claridad. Mira. Los procesos de\nrevisi\u00f3n a que fuimos sometidos por parte de la Auditor\u00eda Superior de la\nFederaci\u00f3n ayud\u00f3 mucho, por esos malos dichos que tra\u00edan algunos, se confirm\u00f3\nque no era as\u00ed. Y lo entendi\u00f3 el Presidente. Ya tiene muy bien ubicadas las\n\u00e1reas de oportunidades y nosotros estamos puestos para hacer lo que\ncorresponda. Ya no habr\u00e1 aviadores, ni tampoco bonos, ya lo dijo el presidente.\n\u00c9l vio que tenemos super\u00e1vit de maestros, y son datos de la propia ASF. Vamos\npor buen camino. Me preguntan que para cu\u00e1ndo. A muchos les quema el tiempo,\npero a nosotros no. Esto lo estamos preparando desde hace 2 a\u00f1os y ya se podr\u00e1\nconsolidar pagos muy pronto\u2026<\/p>\n\n\n\n<p class=\"wp-block-paragraph\">&nbsp;&nbsp;&nbsp;&nbsp;&nbsp;&nbsp;&nbsp;&nbsp;&nbsp;&nbsp;&nbsp;&nbsp;&nbsp;&nbsp;&nbsp;&nbsp;&nbsp;&nbsp;&nbsp;&nbsp;&nbsp;&nbsp;&nbsp;&nbsp;&nbsp;&nbsp;&nbsp;&nbsp;&nbsp;&nbsp;&nbsp;&nbsp;&nbsp;&nbsp;&nbsp;&nbsp;&nbsp;&nbsp;&nbsp;&nbsp;&nbsp;&nbsp;&nbsp;&nbsp;&nbsp;&nbsp;&nbsp;&nbsp;&nbsp;&nbsp;&nbsp;&nbsp;&nbsp;&nbsp;&nbsp;&nbsp;&nbsp;&nbsp;&nbsp;&nbsp;&nbsp;&nbsp;&nbsp;&nbsp;&nbsp;&nbsp;&nbsp;&nbsp;&nbsp;&nbsp;&nbsp;&nbsp;&nbsp;&nbsp;&nbsp;&nbsp;&nbsp;&nbsp;&nbsp;&nbsp;&nbsp;&nbsp;&nbsp;&nbsp;&nbsp;&nbsp;&nbsp;&nbsp;&nbsp;&nbsp;&nbsp;&nbsp;&nbsp; ***<\/p>\n\n\n\n<p class=\"wp-block-paragraph\">Alberto Frutis Garc\u00eda fue el representante del gobernador en\nla instalaci\u00f3n, en Palacio Municipal, de la Junta Patri\u00f3tica que organizar\u00e1 las\nfiestas septiembrinas en Morelia. Parec\u00eda solo una \u201cpresencia\u201d, pero el alcalde\nmorenista Ra\u00fal Mor\u00f3n, lo sorprendi\u00f3 cedi\u00e9ndole la declaratoria de tan\nsignificativo ritual.<\/p>\n\n\n\n<p class=\"wp-block-paragraph\"><strong>Te sorprendi\u00f3 Mor\u00f3n\ncon la lectura de la declaratoria, \u00bfverdad? \u00bfDesde cu\u00e1ndo se conocen?<\/strong><\/p>\n\n\n\n<p class=\"wp-block-paragraph\">-(Suelta la carcajada) \u00a1Uyyy!&#8230; Los que estamos en el\ngremio nos conocemos muy bien. \u00c9l en su \u00e1mbito magisterial ha trabajado toda la\nvida. Lo conozco desde el Movimiento de Bases, y fui de los que apoyamos su\nmovimiento para que fuera secretario general de la Secci\u00f3n 18 del SNTE, con\nmuchos problemas y procesos muy complejos, pero mira lo que nos ha tocado\nvivir, cada uno desde nuestros \u00e1mbitos.<\/p>\n\n\n\n<p class=\"wp-block-paragraph\"><strong>\u00bfT\u00fa marchabas?<\/strong><\/p>\n\n\n\n<p class=\"wp-block-paragraph\">-\u00a1Claro que s\u00ed!<\/p>\n\n\n\n<p class=\"wp-block-paragraph\"><strong>\u00bfGritabas gobierno\ncorrupto y prensa vendida?<\/strong><\/p>\n\n\n\n<p class=\"wp-block-paragraph\">-No. Siempre he sido partidario del di\u00e1logo, porque se\nconstruye m\u00e1s con propuestas en los espacios de decisi\u00f3n. Esto lo aprend\u00ed en el\ncamino. Cuando uno es joven es muy idealista. Y yo sigo marchando, en contra de\nlos feminicidios, contra la violencia, por los derechos de las mujeres, por el\nmedio ambiente y hasta por el respeto a las mascotas. Marcho por mis ideales y\nhoy mi ideal es dar resultados a Michoac\u00e1n en materia educativa.<\/p>\n\n\n\n<p class=\"wp-block-paragraph\"><strong>Solo progresa quien\ndeja las posiciones radicales.<\/strong><\/p>\n\n\n\n<p class=\"wp-block-paragraph\">-Totalmente de acuerdo. El radicalismo no te lleva a nada.\nTienes que construir. Acu\u00e9rdate que tenemos que generar una izquierda\nprogresista sin los reductos tradicionales que terminan pesando. Lo que tu\ncontrincante pierde, tu ganas, lo que tu contrincante gana, tu pierdes. Pero\nsiempre debe haber un bien com\u00fan. Y creo que todos los partidos, si tu revisas\nsus principios, todos pugnan por una sociedad igualitaria, donde todos vivamos\nfelices, bien, pero luego los enfoques es lo que nos confronta.<\/p>\n\n\n\n<p class=\"wp-block-paragraph\">El di\u00e1logo se interrumpi\u00f3 porque una camioneta militar se\nhab\u00eda quedado sin bater\u00eda y movi\u00f3 su veh\u00edculo para pasarle corriente. Si el\nEj\u00e9rcito siempre apoya a los civiles en desgracia, \u00bfpor qu\u00e9 los civiles no, a\nnuestros soldados?&#8230;<\/p>\n\n\n\n<p class=\"wp-block-paragraph\">&nbsp;&nbsp;&nbsp;&nbsp;&nbsp;&nbsp;&nbsp;&nbsp;&nbsp;&nbsp;&nbsp;&nbsp;&nbsp;&nbsp;&nbsp;&nbsp;&nbsp;&nbsp;&nbsp;&nbsp;&nbsp;&nbsp;&nbsp;&nbsp;&nbsp;&nbsp;&nbsp;&nbsp;&nbsp;&nbsp;&nbsp;&nbsp;&nbsp;&nbsp;&nbsp;&nbsp;&nbsp;&nbsp;&nbsp;&nbsp;&nbsp;&nbsp;&nbsp;&nbsp;&nbsp;&nbsp;&nbsp;&nbsp;&nbsp;&nbsp;&nbsp;&nbsp;&nbsp;&nbsp;&nbsp;&nbsp;&nbsp;&nbsp;&nbsp;&nbsp;&nbsp;&nbsp;&nbsp;&nbsp;&nbsp;&nbsp;&nbsp;&nbsp;&nbsp;&nbsp;&nbsp;&nbsp;&nbsp;&nbsp;&nbsp;&nbsp;&nbsp; ***<\/p>\n\n\n\n<p class=\"wp-block-paragraph\">Un o una columnista, en el af\u00e1n de crecer y construir,\nsiempre lee a los buenos columnistas. L\u00e1stima que Federico Arreola ya perdi\u00f3 la\ncordura: le gana el h\u00edgado al cerebro, y deja de ser de inter\u00e9s. Pero en el\ncamino se descubren plumas enriquecedoras. Esta ocasi\u00f3n, Rodolfo Sosa Cordero,\ny su c\u00e1lculo \u2013solo eso- de los 20 millones de votos duros, por los que trabaja\nL\u00f3pez Obrador para perpetuarse en el poder o tras el poder.<\/p>\n\n\n\n<p class=\"wp-block-paragraph\">Dice Sosa Cordero que todos los movimientos presupuestarios,\ntodos los \u00abahorros\u00bb de la \u00abausteridad republicana\u00bb, son en realidad hacerse de\ndinero, y m\u00e1s dinero, para regal\u00e1rselo a sus \u00abmascotas\u00bb, porque es lo que\nquiere y est\u00e1 obteniendo gente leal porque es mantenida por su gobierno\u201d.<\/p>\n\n\n\n<p class=\"wp-block-paragraph\">Pero me centro en su estimaci\u00f3n, a ojo de buen cubero, de 20\nmillones de votos duros. <\/p>\n\n\n\n<p class=\"wp-block-paragraph\">En su festejo del primer aniversario de su triunfo\nelectoral, L\u00f3pez Obrador anunci\u00f3 que a junio de 2019, ya eran 14 millones de\npersonas las que reciben apoyo directo a trav\u00e9s de sus programas sociales. Este\ndato, hipot\u00e9ticamente podr\u00eda ser el piso potencial del voto duro, siguiendo el\nan\u00e1lisis de Sosa Cordero, en cuanto se beneficia preferentemente a quienes\nsufragaron por Morena. Pero es un supuesto que tendr\u00eda que confirmarse.<\/p>\n\n\n\n<p class=\"wp-block-paragraph\">Pero \u00bfpor qu\u00e9 no, por lo menos, los mismos 30 millones de\nvotos que obtuvo el 1 de julio de 2018?<\/p>\n\n\n\n<p class=\"wp-block-paragraph\">L\u00f3pez Obrador dijo en la ma\u00f1anera del 17 de este mes, que ya\nno son 30, sino 50 o 60 millones de ciudadanos m\u00e1s, que est\u00e1n a favor de sus\npol\u00edticas de gobierno. Como siempre, nunca da la fuente de sus \u201cdatos\u201d para\nevitar la verificaci\u00f3n de sus dichos y qued\u00f3 una m\u00e1s de sus estrafalarias\ndeclaraciones cotidianas.<\/p>\n\n\n\n<p class=\"wp-block-paragraph\">As\u00ed las cosas, la cuenta de votos duros que Amlo quiere\nnutrir, no resulta descabellado tasarlos en 20 millones, como lo hizo Sosa\nCordero. Pur\u00edtito sentido com\u00fan:<\/p>\n\n\n\n<p class=\"wp-block-paragraph\">\u00bfA poco, todos esos bur\u00f3cratas federales que votaron por\nL\u00f3pez Obrador y Morena, est\u00e1n bien felices de que los echaran a la calle, y lo\npeor de todo: sin liquidaci\u00f3n conforme a la ley?<\/p>\n\n\n\n<p class=\"wp-block-paragraph\">\u00bfY los polic\u00edas federales, y los productores del campo, y\nlas madres que perdieron las instancias infantiles de sus hijos, y los adultos\nmayores de 65 y 67 a\u00f1os que los bajaron de la pensi\u00f3n, y los m\u00e9dicos y\nresidentes que se quedaron sin chamba; los enfermos que ya no reciben sus\nmedicamentos? Vamos, todas y todos esos reporteros y enlaces de prensa, tambi\u00e9n\nya cansados del Prian que pusieron su esperanza en el \u201ccambio verdadero\u201d, \u00bfa\npoco siguen adorando a L\u00f3pez Obrador y su 4T?<\/p>\n\n\n\n<p class=\"wp-block-paragraph\">Yo no s\u00e9. Por eso creo m\u00e1s en el c\u00e1lculo de Rodolfo Sosa,\nque en los \u201cdatos\u201d sin fuente del Presidente. Y 20 millones de votos duros, s\u00ed,\nsuenan y son muchos. Pero el padr\u00f3n electoral para el 2021 estar\u00e1 superando los\n90 millones de electores. As\u00ed que, mis queridas y queridos lectores, saquen sus\nconclusiones\u2026<\/p>\n\n\n\n<p class=\"wp-block-paragraph\">&nbsp;&nbsp;&nbsp;&nbsp;&nbsp;&nbsp;&nbsp;&nbsp;&nbsp;&nbsp;&nbsp;&nbsp;&nbsp;&nbsp;&nbsp;&nbsp;&nbsp;&nbsp;&nbsp;&nbsp;&nbsp;&nbsp;&nbsp;&nbsp;&nbsp;&nbsp;&nbsp;&nbsp;&nbsp;&nbsp;&nbsp;&nbsp;&nbsp;&nbsp;&nbsp;&nbsp;&nbsp;&nbsp;&nbsp;&nbsp;&nbsp;&nbsp;&nbsp;&nbsp;&nbsp;&nbsp;&nbsp;&nbsp;&nbsp;&nbsp;&nbsp;&nbsp;&nbsp;&nbsp;&nbsp;&nbsp;&nbsp;&nbsp;&nbsp;&nbsp;&nbsp;&nbsp;&nbsp;&nbsp;&nbsp;&nbsp;&nbsp;&nbsp;&nbsp;&nbsp;&nbsp;&nbsp;&nbsp;&nbsp;&nbsp;&nbsp;&nbsp; ***<\/p>\n\n\n\n<p class=\"wp-block-paragraph\">La lamentable tragedia donde perdieron la vida cuatro\nservidores p\u00fablicos de Michoac\u00e1n mostr\u00f3 ese lado perverso e insensible de un\nsector del gremio period\u00edstico, con el tratamiento en redes sociales,\nespec\u00edficamente con quien fuera el secretario de Seguridad P\u00fablica, Jos\u00e9\nMart\u00ednez Godoy Castro.<\/p>\n\n\n\n<p class=\"wp-block-paragraph\">Al margen de las conjeturas sobre las causas del percance\na\u00e9reo, que eso en su momento se sabr\u00e1, &nbsp;la narrativa que se centr\u00f3 en torno a este\nfuncionario, fue en el c\u00f3mo lleg\u00f3 a Michoac\u00e1n en 2014, dejando de lado el gran\nservicio que desde la Procuradur\u00eda de Justicia, prest\u00f3 al estado: atrapar a los\nmalosos y que puede contabilizar por decenas, lo que contribuy\u00f3 a contener esa\ncriminalidad que nos ten\u00eda asfixiados. Si hoy repunta la violencia, no es un\ntema exclusivo de la entidad sino del pa\u00eds y entonces hay que hacer la pregunta\na la esfera que corresponde.<\/p>\n\n\n\n<p class=\"wp-block-paragraph\">Insisto: pudo ser muy pol\u00e9mico por c\u00f3mo lleg\u00f3, pero dio\nresultados y eso es lo importante. Que sepa, no socializaba con la prensa; era\nretra\u00eddo, m\u00e1s bien distante. Pero hac\u00eda su trabajo.<\/p>\n\n\n\n<p class=\"wp-block-paragraph\">Una tarde coincid\u00ed con \u00e9l, en el mostrador de una farmacia.\nCompraba unos analg\u00e9sicos y yo placebos para mi lucha contra el c\u00e1ncer. Estaba\nsolo, como yo, cada quien con sus dolencias y sus males.<\/p>\n\n\n\n<p class=\"wp-block-paragraph\">Honro, que haya sido un magnifico servidor p\u00fablico y no un\nlastre como tantos politiquillos que vemos por todos lados. Me conduele su\nfamilia, sus hijos, ante una p\u00e9rdida tan inesperada, igual por el doctor Germ\u00e1n\nOrtega y los pilotos del helic\u00f3ptero.<\/p>\n\n\n\n<p class=\"wp-block-paragraph\">Ahora, el gobernador se encuentra en una dif\u00edcil situaci\u00f3n.\n\u00bfQui\u00e9n a la Secretar\u00eda de Seguridad P\u00fablica? Juan Bernardo Corona, el antecesor\nen esa dependencia, ya est\u00e1 en la dirigencia estatal del PRD haciendo trabajo\npol\u00edtico y Carlos G\u00f3mez Arrieta fuera de la cancha, mientras se aclara su\npresunta participaci\u00f3n en un acto de tortura a un criminal cuando trabajaba en\nla Polic\u00eda Federal.<\/p>\n\n\n\n<p class=\"wp-block-paragraph\">Aureoles y su gabinete de seguridad, junto con las fuerzas\nfederales, armaron tan buen equipo, que la seguridad en el estado mejor\u00f3 y eso\nes indiscutible. La oleada de violencia que vivimos y est\u00e1 extendida pr\u00e1cticamente\nen todo el pa\u00eds, tiene sus causas y al que hay que preguntarle es al Presidente\nde M\u00e9xico que sigue sin reconocer los 20 mil muertos que ya tiene en su cuenta,\npor sus malas decisiones.<\/p>\n\n\n\n<p class=\"wp-block-paragraph\">Por eso, defiendo el trabajo de Godoy y lamento estas\nmuertes\u2026<\/p>\n","protected":false},"excerpt":{"rendered":"<p>El voto duro de Amlo y Morena, versi\u00f3n Sosa Cordero\ufeff<\/p>\n","protected":false},"author":3,"featured_media":9303,"comment_status":"open","ping_status":"open","sticky":false,"template":"","format":"standard","meta":{"_monsterinsights_skip_tracking":false,"footnotes":""},"categories":[690,99,90],"tags":[],"class_list":["post-10174","post","type-post","status-publish","format-standard","has-post-thumbnail","category-690","category-ambigu","category-martha-elba-torres-martinez"],"_links":{"self":[{"href":"https:\/\/redsemlac.com\/semmexico\/wp-json\/wp\/v2\/posts\/10174","targetHints":{"allow":["GET"]}}],"collection":[{"href":"https:\/\/redsemlac.com\/semmexico\/wp-json\/wp\/v2\/posts"}],"about":[{"href":"https:\/\/redsemlac.com\/semmexico\/wp-json\/wp\/v2\/types\/post"}],"author":[{"embeddable":true,"href":"https:\/\/redsemlac.com\/semmexico\/wp-json\/wp\/v2\/users\/3"}],"replies":[{"embeddable":true,"href":"https:\/\/redsemlac.com\/semmexico\/wp-json\/wp\/v2\/comments?post=10174"}],"version-history":[{"count":0,"href":"https:\/\/redsemlac.com\/semmexico\/wp-json\/wp\/v2\/posts\/10174\/revisions"}],"wp:featuredmedia":[{"embeddable":true,"href":"https:\/\/redsemlac.com\/semmexico\/wp-json\/wp\/v2\/media\/9303"}],"wp:attachment":[{"href":"https:\/\/redsemlac.com\/semmexico\/wp-json\/wp\/v2\/media?parent=10174"}],"wp:term":[{"taxonomy":"category","embeddable":true,"href":"https:\/\/redsemlac.com\/semmexico\/wp-json\/wp\/v2\/categories?post=10174"},{"taxonomy":"post_tag","embeddable":true,"href":"https:\/\/redsemlac.com\/semmexico\/wp-json\/wp\/v2\/tags?post=10174"}],"curies":[{"name":"wp","href":"https:\/\/api.w.org\/{rel}","templated":true}]}}