{"id":10171,"date":"2019-07-25T23:50:01","date_gmt":"2019-07-25T23:50:01","guid":{"rendered":"https:\/\/redsemlac.com\/semmexico\/?p=10171"},"modified":"2023-07-21T14:51:19","modified_gmt":"2023-07-21T19:51:19","slug":"guerrero-3","status":"publish","type":"post","link":"https:\/\/redsemlac.com\/semmexico\/guerrero-3\/","title":{"rendered":"Denuncia dirigenta estatal de Morena en Guerrero violencia pol\u00edtica"},"content":{"rendered":"\n<ul class=\"wp-block-list\"><li><strong>Se desat\u00f3 una campa\u00f1a de desprestigio y le exigen exhiba su nombramiento<\/strong><\/li><li><strong>Nora Vel\u00e1zquez Mart\u00ednez, es estatutariamente delegada Estatal, piden renuncie<\/strong><\/li><\/ul>\n\n\n\n<p class=\"wp-block-paragraph\"><strong>Josefina\nAguilar Pastor <\/strong><\/p>\n\n\n\n<p class=\"wp-block-paragraph\">Semm\u00e9xico, Chilpancingo, Guerrero,- 25 &nbsp;de julio de 2019.- Nora Vel\u00e1zquez Mart\u00ednez,\ndelegada estatal de Morena con funciones de presidenta&nbsp; denunci\u00f3 violencia pol\u00edtica al interior de su\npartido. De ello responsabiliza a &nbsp;Marcial Rodr\u00edguez Salda\u00f1a, como uno de sus violentadores.<\/p>\n\n\n\n<p class=\"wp-block-paragraph\">La dirigenta estatal, dijo&nbsp; que se ha desatado&nbsp; una campa\u00f1a &nbsp;de desprestigio que en su contra iniciada &nbsp;desde el momento en que fue designada delegada\nestatal de su partido en esta entidad. Afirmo que de una u otra manera, lo que\nse hace es cuestionar &nbsp;su nombramiento y\npiden su &nbsp;destituci\u00f3n.<\/p>\n\n\n\n<p class=\"wp-block-paragraph\">En distintas ocasiones, Marcial Rodr\u00edguez Salda\u00f1a,\nSecretario General del Comit\u00e9 Ejecutivo Estatal de Morena, ha cuestionado la\ndesignaci\u00f3n de Vel\u00e1zquez Mart\u00ednez, a quien desconoce como dirigente, bajo el argumento\nde que no cuenta con un nombramiento.<\/p>\n\n\n\n<p class=\"wp-block-paragraph\">Al respecto, la representante de Morena explic\u00f3 que en su\nsituaci\u00f3n hay un tema pol\u00edtico de fondo, \u201cmi situaci\u00f3n legal ante la\nrepresentaci\u00f3n legal ante el INE, tiene un retraso burocr\u00e1tico de otra \u00edndole,\nmuchos compa\u00f1eros han estado cayendo en el golpeteo pol\u00edtico, es un acuerdo\nnacional mi designaci\u00f3n\u201d, el nombramiento est\u00e1, estatutariamente&nbsp; establecido, reconocido por la dirigente del\nCEN Nacional, Yeidckol Polevnsky, &nbsp;quien\npidi\u00f3 se notifiqu\u00e9 al presidente del consejo, y a m\u00ed.&nbsp; Eso est\u00e1 hecho.<\/p>\n\n\n\n<p class=\"wp-block-paragraph\">Record\u00f3 que a los ex dirigentes, Cesar N\u00fa\u00f1ez y Pablo\nAmilcar Sandoval Ballesteros, nunca les pidieron exhibir un nombramiento para\nfungir como presidentes del partido, \u201cpero llega una mujer, y la primera duda\ntiene que ver con un orden hetero patriarcal, es mujer, puede o no puede, el\nasunto de todo esto, es violencia pol\u00edtica machista\u201d, acus\u00f3 Vel\u00e1zquez Mart\u00ednez.<\/p>\n\n\n\n<p class=\"wp-block-paragraph\">Dijo que han impartido cursos a su militancia a lo largo\ny ancho del Estado, \u201cpara acabar con esta violencia pol\u00edtica de car\u00e1cter hetero\npatriarcal machista al interior de Morena\u201d; principalmente del grupo que lidera\nRodr\u00edguez Salda\u00f1a, a pesar de ello, &nbsp;en\nreciente reuni\u00f3n, de manera directa, la lideresa nacional de su partido, se los\ninform\u00f3, &nbsp;sin embargo, dijo que no\nentrar\u00e1 en una confrontaci\u00f3n e hizo un llamado a la unidad interna de su\npartido.<\/p>\n","protected":false},"excerpt":{"rendered":"<p>Nora Vel\u00e1zquez Mart\u00ednez, es estatutariamente delegada Estatal, piden renuncie\ufeff<\/p>\n","protected":false},"author":3,"featured_media":10172,"comment_status":"open","ping_status":"open","sticky":false,"template":"","format":"standard","meta":{"_monsterinsights_skip_tracking":false,"footnotes":""},"categories":[690,54],"tags":[],"class_list":["post-10171","post","type-post","status-publish","format-standard","has-post-thumbnail","category-690","category-mujeres"],"_links":{"self":[{"href":"https:\/\/redsemlac.com\/semmexico\/wp-json\/wp\/v2\/posts\/10171","targetHints":{"allow":["GET"]}}],"collection":[{"href":"https:\/\/redsemlac.com\/semmexico\/wp-json\/wp\/v2\/posts"}],"about":[{"href":"https:\/\/redsemlac.com\/semmexico\/wp-json\/wp\/v2\/types\/post"}],"author":[{"embeddable":true,"href":"https:\/\/redsemlac.com\/semmexico\/wp-json\/wp\/v2\/users\/3"}],"replies":[{"embeddable":true,"href":"https:\/\/redsemlac.com\/semmexico\/wp-json\/wp\/v2\/comments?post=10171"}],"version-history":[{"count":0,"href":"https:\/\/redsemlac.com\/semmexico\/wp-json\/wp\/v2\/posts\/10171\/revisions"}],"wp:featuredmedia":[{"embeddable":true,"href":"https:\/\/redsemlac.com\/semmexico\/wp-json\/wp\/v2\/media\/10172"}],"wp:attachment":[{"href":"https:\/\/redsemlac.com\/semmexico\/wp-json\/wp\/v2\/media?parent=10171"}],"wp:term":[{"taxonomy":"category","embeddable":true,"href":"https:\/\/redsemlac.com\/semmexico\/wp-json\/wp\/v2\/categories?post=10171"},{"taxonomy":"post_tag","embeddable":true,"href":"https:\/\/redsemlac.com\/semmexico\/wp-json\/wp\/v2\/tags?post=10171"}],"curies":[{"name":"wp","href":"https:\/\/api.w.org\/{rel}","templated":true}]}}