{"id":101684,"date":"2026-01-07T19:37:02","date_gmt":"2026-01-08T01:37:02","guid":{"rendered":"https:\/\/redsemlac.com\/semmexico\/?p=101684"},"modified":"2026-01-07T19:37:02","modified_gmt":"2026-01-08T01:37:02","slug":"bellas-y-airosas-gracias-2025","status":"publish","type":"post","link":"https:\/\/redsemlac.com\/semmexico\/bellas-y-airosas-gracias-2025\/","title":{"rendered":"BELLAS Y AIROSAS| GRACIAS 2025"},"content":{"rendered":"\n<p class=\"wp-block-paragraph\">Elvira Hern\u00e1ndez Carballido<\/p>\n\n\n\n<p class=\"wp-block-paragraph\">SemM\u00e9xico, Pachuca, Hidalgo, 7 de enero, 2026.- 12 meses, 365 d\u00edas, horas de alegr\u00eda, tal vez algunas l\u00e1grimas, planes realizados, nuevos futuros, mismos amores y un a\u00f1o m\u00e1s de vida.<\/p>\n\n\n\n<p class=\"wp-block-paragraph\">No puedo quejarme, fue un a\u00f1o lindo, esta se\u00f1ora de 63 a\u00f1os se aferra a lo lindo de la vida.<\/p>\n\n\n\n<p class=\"wp-block-paragraph\">Enero me confirm\u00f3 el esp\u00edritu de guerrera que hered\u00e9 de los vientos pachuque\u00f1os, fuertes, intensos, a veces iracundos, otras juguet\u00f3n. Me escuch\u00e9 defendiendo mi dignidad y sumar a otras amistades para reiterar que no estoy loca, sino solamente desesperada.<\/p>\n\n\n\n<p class=\"wp-block-paragraph\">Febrero, aprend\u00ed que la vida te hace beber esa agua que juraste nunca hacerlo y en ese mes fui a formarme en la embajada de Estados Unidos para sacar mi visa. Nunca me entusiasm\u00f3 visitar a los gringos, pero una invitaci\u00f3n inesperada hizo romper la falsa promesa y brinqu\u00e9 de alegr\u00eda cuando en un mal espa\u00f1ol, me dijeron: \u201cSu visa estar aceptada, usted poder ir a nuestro pa\u00eds\u201d.<\/p>\n\n\n\n<p class=\"wp-block-paragraph\">Marzo, no puedo creerlo, camino por las calles que he visto solamente en los cientos de pel\u00edculas donde Nueva York es el escenario. Me encanta encontrar a paisanos trabajadores que nos atienden con cari\u00f1o en cualquier restaurante gabacho. Emocionada dejo escurrir unas cuando entramos a la ONU, me conmuevo al ver la bandera de mi pa\u00eds. Convivo con nuevas amigas y fue un orgullo hablar en nombre de mi pa\u00eds para denunciar la violencia que viven las periodistas.<\/p>\n\n\n\n<p class=\"wp-block-paragraph\">Abrir, cumpl\u00ed 63 a\u00f1os, celebro en Puebla con la familia y me regalan una bella escultura de la obra de Remedios Varo, Mujer saliendo del psicoanalista. Estoy contenta, me gustan mis canas, no perder la pasi\u00f3n para dar clases, seguir escribiendo, ser aliada de esa mujer que se asoma justa cuando me miro al espejo.<\/p>\n\n\n\n<p class=\"wp-block-paragraph\">Mayo, recibo un regalo que se queda tatuado en mi coraz\u00f3n, una playera de la primera generaci\u00f3n a la que impart\u00ed clases en la Facultad de Ciencias Pol\u00edticas y Sociales en la UNAM. Me conmueve que pese a los 38 a\u00f1os transcurridos me recuerden con el mismo cari\u00f1o que yo los llevo en mi coraz\u00f3n.<\/p>\n\n\n\n<p class=\"wp-block-paragraph\">Junio, termina otro semestre y me quedo con la nostalgia de siempre, orgullosa de ver la transformaci\u00f3n de mis grupos, recordando sus nombres y sus tareas. En Historia de los Medios de Comunicaci\u00f3n me divierto mucho la \u00faltima semana porque vienen disfrazados de los protagonistas de la prensa, radio, televisi\u00f3n o cine que m\u00e1s les gustaron. En Taller de redacci\u00f3n fundan sus propias revistas donde escriben relatos que delatan su alegr\u00eda y la cotidianidad de la juventud del siglo XXI, me deleito tanto con sus textos que olvido corregir los errores o las faltas de ortograf\u00eda, eso lo aprender\u00e1n poco a poco, la inspiraci\u00f3n debe llegar siempre para darles confianza y pasi\u00f3n por la escritura.<\/p>\n\n\n\n<p class=\"wp-block-paragraph\">Julio permite que esta sirena regrese al mar gracias a las vacaciones. Ten\u00eda a\u00f1os de visitar mi querido Acapulco y pese a que todav\u00eda no se recupera al cien por ciento sigue siendo ese Acapulco de playas generosas, gente bondadosa, noches de luna y cenas rom\u00e1nticas. No es cierto que solamente descansan los que no tienen planes o iniciativa de trabajo, el cuerpo es sabio y exige un buen descanso para regresar a la jornada laboral como nueva.<\/p>\n\n\n\n<p class=\"wp-block-paragraph\">Agosto, la Feria Universitaria del Libro es un espacio muy significativo, m\u00e1s cuando presento una nueva obra como ocurri\u00f3 este a\u00f1o. As\u00ed es, junto a mis colegas de comunicaci\u00f3n dimos a conocer La Llanera Loquitaria y mi amiga Alina Peniche coment\u00f3 Rosa de los vientos. Cuatro semanarios fundados por mujeres en el siglo XIX. Adem\u00e1s, tuve oportunidad de convivir con mi querida poeta Kyra Galv\u00e1n y conocer a un joven escritor que escribe sobre el amor.<\/p>\n\n\n\n<p class=\"wp-block-paragraph\">Septiembre, reuniones con mujeres significativas. As\u00f3, en la feria del libro infantil y juvenil hablamos sobre las escritoras de Hidalgo con el mejor cartel literario de la regi\u00f3n: Enid Carrillo, Claudia Sandoval, Yanira Garc\u00eda y Mar\u00eda Elena Ortega. Otro d\u00eda, con feministas de mi coraz\u00f3n como Layla S\u00e1nchez Kuri, Noem\u00ed Luna y Tere Estrada. Termina el mes en un congreso sindical y fortalezco la complicidad con \u00c9rika Moctezuma mirando el mar de Acapulco.<\/p>\n\n\n\n<p class=\"wp-block-paragraph\">Octubre es el mes para festejar a mi hijo y a mi querido amigo Vicente Castellanos, con varios a\u00f1os de diferencia, pero los dos nacieron el mismo d\u00eda, el 17, los celebro gozosa de tener a estos dos hombres maravillosos en mi vida.<\/p>\n\n\n\n<p class=\"wp-block-paragraph\">Noviembre y mi alma sindical se ilumina con el sol de Ixtapa, admiro el compromiso de colegas que creen y luchan por nuestros derechos laborales, aprendo de la importancia del Contrato Colectivo de Trabajo y escucho sus propuestas para trabajar con mejores condiciones en un escenario tan querido como la Universidad Aut\u00f3noma del Estado de Hidalgo.<\/p>\n\n\n\n<p class=\"wp-block-paragraph\">Diciembre, y mil an\u00e9cdotas m\u00e1s llegan a mi mente, amistades con quienes disfruto la vida, hombres amorosos que me inspiran a seguir la vida con una sonrisa, amigas que son amigas por siempre, mis grupos que agradecen mis locuras acad\u00e9micas cada fin de semestre, un sindicato que ya est\u00e1 tatuado en mi alma y mil historias m\u00e1s todav\u00eda por vivir en 2026. Gracias 2025.<\/p>\n","protected":false},"excerpt":{"rendered":"<p>Elvira Hern\u00e1ndez Carballido SemM\u00e9xico, Pachuca, Hidalgo, 7 de enero, 2026.- 12 meses, 365 d\u00edas, horas de alegr\u00eda, tal vez algunas l\u00e1grimas, planes realizados, nuevos futuros, mismos amores y un a\u00f1o m\u00e1s de vida. No puedo quejarme, fue un a\u00f1o lindo, esta se\u00f1ora de 63 a\u00f1os se aferra a lo lindo de la vida. Enero me [&hellip;]<\/p>\n","protected":false},"author":3,"featured_media":31337,"comment_status":"open","ping_status":"open","sticky":false,"template":"","format":"standard","meta":{"_monsterinsights_skip_tracking":false,"footnotes":""},"categories":[201,202,35],"tags":[],"class_list":["post-101684","post","type-post","status-publish","format-standard","has-post-thumbnail","category-bellas-y-airosas","category-elvira-hernandez-carballido","category-opinion"],"_links":{"self":[{"href":"https:\/\/redsemlac.com\/semmexico\/wp-json\/wp\/v2\/posts\/101684","targetHints":{"allow":["GET"]}}],"collection":[{"href":"https:\/\/redsemlac.com\/semmexico\/wp-json\/wp\/v2\/posts"}],"about":[{"href":"https:\/\/redsemlac.com\/semmexico\/wp-json\/wp\/v2\/types\/post"}],"author":[{"embeddable":true,"href":"https:\/\/redsemlac.com\/semmexico\/wp-json\/wp\/v2\/users\/3"}],"replies":[{"embeddable":true,"href":"https:\/\/redsemlac.com\/semmexico\/wp-json\/wp\/v2\/comments?post=101684"}],"version-history":[{"count":0,"href":"https:\/\/redsemlac.com\/semmexico\/wp-json\/wp\/v2\/posts\/101684\/revisions"}],"wp:featuredmedia":[{"embeddable":true,"href":"https:\/\/redsemlac.com\/semmexico\/wp-json\/wp\/v2\/media\/31337"}],"wp:attachment":[{"href":"https:\/\/redsemlac.com\/semmexico\/wp-json\/wp\/v2\/media?parent=101684"}],"wp:term":[{"taxonomy":"category","embeddable":true,"href":"https:\/\/redsemlac.com\/semmexico\/wp-json\/wp\/v2\/categories?post=101684"},{"taxonomy":"post_tag","embeddable":true,"href":"https:\/\/redsemlac.com\/semmexico\/wp-json\/wp\/v2\/tags?post=101684"}],"curies":[{"name":"wp","href":"https:\/\/api.w.org\/{rel}","templated":true}]}}