{"id":101640,"date":"2026-01-05T20:34:53","date_gmt":"2026-01-06T02:34:53","guid":{"rendered":"https:\/\/redsemlac.com\/semmexico\/?p=101640"},"modified":"2026-01-05T20:35:29","modified_gmt":"2026-01-06T02:35:29","slug":"guerrero-sismo-afecto-a-886-viviendas-179-con-dano-severo","status":"publish","type":"post","link":"https:\/\/redsemlac.com\/semmexico\/guerrero-sismo-afecto-a-886-viviendas-179-con-dano-severo\/","title":{"rendered":"Guerrero: Sismo afect\u00f3 a 886 viviendas, 179 con da\u00f1o severo"},"content":{"rendered":"\n<ul class=\"wp-block-list\">\n<li>El cient\u00edfico y especialista indic\u00f3 que el movimiento tel\u00farico afect\u00f3 24 municipios<\/li>\n\n\n\n<li>10 cl\u00ednicas de salud afectados. Brinda gobierno estatal atenci\u00f3n<\/li>\n<\/ul>\n\n\n\n<p class=\"wp-block-paragraph\">Isabel Ortega Morales<\/p>\n\n\n\n<p class=\"wp-block-paragraph\">SemM\u00e9xico\/Ceprovysa, Tlapa de Comonfort, 5 de enero 2026.- Con cifras preliminares un total de 886 viviendas fueron afectadas con da\u00f1os que van de ligeros a moderados, tras el sismo de 6.5 grados ocurrido el pasado 2 de enero, report\u00f3 la Secretar\u00eda de Gesti\u00f3n Integral de Riesgos y Protecci\u00f3n Civil.<\/p>\n\n\n\n<p class=\"wp-block-paragraph\">A detalle, el titular de la dependencia, Roberto Arroyo Matus, que el sismo afect\u00f3 24 municipios de Guerrero, con el resultado de 886 viviendas afectadas, de las cuales 283 presentan un da\u00f1o ligero, muy leve; 414 tienen da\u00f1o moderado y 179 da\u00f1o severo.<\/p>\n\n\n\n<p class=\"wp-block-paragraph\">Los datos, hasta el corte de las 11 horas de este domingo, se\u00f1al\u00f3 el funcionario indican que se han registrado dos mil 216 y no descart\u00f3 contin\u00faen por otros d\u00edas m\u00e1s.<\/p>\n\n\n\n<p class=\"wp-block-paragraph\">Arroyo Matus indic\u00f3 que el sismo magnitud 4.7 de ayer domingo a las 7:54 horas no est\u00e1 relacionado con el ocurrido el pasado viernes 2 de enero, cuyo epicentro fue el municipio de San Marcos.<\/p>\n\n\n\n<p class=\"wp-block-paragraph\">Record\u00f3 que como resultado del fuerte sismo se report\u00f3 el tr\u00e1gico fallecimiento de Felicitas Villanueva de Le\u00f3n, por ca\u00edda de techumbre de su casa en la localidad de Las Minas, del municipio de San Marcos, as\u00ed como 14 personas que fueron atendidas en cl\u00ednicas, 12 de ellas por crisis nerviosa y dos con lesiones menores.<\/p>\n\n\n\n<p class=\"wp-block-paragraph\">Adem\u00e1s, hubo reportes por fugas de gas LP, principalmente en Acapulco; 24 afectaciones por deslizamiento de piedras en carreteras y en la Autopista del Sol y da\u00f1os de dos l\u00edneas de suministro de energ\u00eda el\u00e9ctrica, todos estos casos fueron atendidos.<\/p>\n\n\n\n<p class=\"wp-block-paragraph\">En Barra Vieja, comunidad del municipio de Acapulco de Ju\u00e1rez, reporta da\u00f1os en un restaurante con m\u00e1s de 30 a\u00f1os de servicio, por lo que probablemente la construcci\u00f3n ser\u00e1 demolida. El funcionario inform\u00f3 adem\u00e1s que 13 viviendas del puerto tur\u00edstico tienen afectaciones.<\/p>\n\n\n\n<p class=\"wp-block-paragraph\">Por otra parte, se reportan da\u00f1os en cuatro templos ubicados en Chilapa de \u00c1lvarez y en 10 cl\u00ednicas de salud, cuyos da\u00f1os son leves y se localizan uno es la Cl\u00ednica del ISSSTE en Chilpancingo de los Bravo; dos en Chilapa de \u00c1lvarez; uno m\u00e1s en Copanatoyac, en la regi\u00f3n de la Monta\u00f1a, y seis afectaciones leves en centros de salud de Acapulco.<\/p>\n\n\n\n<p class=\"wp-block-paragraph\">Los municipios afectados se ubican 10 de la Costa Chica, seis en la zona Centro, dos en la Costa Grande y dos en la Monta\u00f1a.<\/p>\n\n\n\n<p class=\"wp-block-paragraph\">El titular de la SGIRyPC dijo que la gobernadora, Evelyn Salgado Pineda, se comunic\u00f3 de inmediato para conocer la situaci\u00f3n que guardaban los municipios y encabez\u00f3 el Consejo Estatal de Protecci\u00f3n Civil vinculando a las autoridades municipales de las poblaciones afectados, los cuales visit\u00f3 ese mismo d\u00eda.<\/p>\n\n\n\n<p class=\"wp-block-paragraph\">Una de las primeras instrucciones de la titular del Ejecutivo local fue que la Secretar\u00eda de Fomento y Desarrollo Econ\u00f3mico, atienda con cr\u00e9ditos a quienes se dedican al sector empresarial en peque\u00f1a o mediana escala y que resultaron afectados, as\u00ed como a la Secretar\u00eda de Salud para la instalaci\u00f3n de m\u00f3dulos de atenci\u00f3n m\u00e9dica y psicol\u00f3gica.<\/p>\n\n\n\n<p class=\"wp-block-paragraph\">Roberto Arroyo Matus, ex becario de CONACYT en Jap\u00f3n y doctor en Sismos por el Instituto Nacional de Ciencias Aplicadas de Lyon, Francia, explic\u00f3 que el movimiento tel\u00farico magnitud 6.5 fue un sismo de fallamiento de tipo inverso, o sea es un tipo de falla t\u00edpica que se da en las zonas de la franja costera donde hay zonas de subducci\u00f3n.<\/p>\n\n\n\n<p class=\"wp-block-paragraph\">Record\u00f3 que en el municipio de San Marcos se han reportado fuertes sismos desde 1957, cuya magnitud fue de 7.5 y que ocasion\u00f3 la ca\u00edda del \u00c1ngel del Monumento a la Independencia en la Ciudad de M\u00e9xico.<\/p>\n\n\n\n<p class=\"wp-block-paragraph\">Pr\u00e1cticamente en la misma regi\u00f3n, en 1989 se report\u00f3 un movimiento tel\u00farico menor a 6.5.<\/p>\n\n\n\n<p class=\"wp-block-paragraph\">El especialista y funcionario p\u00fablico consider\u00f3 que gracias a las mejoras en la infraestructura no hubo tantos da\u00f1os. Las afectaciones se presentaron en viviendas de adobe muy antiguas, quiz\u00e1 arriba de los 50 y 60 a\u00f1os, principalmente.<\/p>\n\n\n\n<p class=\"wp-block-paragraph\">SEM\/sj<\/p>\n\n\n\n<figure class=\"wp-block-gallery has-nested-images columns-default is-cropped wp-block-gallery-1 is-layout-flex wp-block-gallery-is-layout-flex\">\n<figure class=\"wp-block-image size-large\"><a href=\"https:\/\/redsemlac.com\/semmexico\/wp-content\/uploads\/2026\/01\/sismo-2.jpeg\"><img loading=\"lazy\" decoding=\"async\" width=\"576\" height=\"1024\" data-id=\"101644\" src=\"https:\/\/redsemlac.com\/semmexico\/wp-content\/uploads\/2026\/01\/sismo-2.jpeg\" alt=\"\" class=\"wp-image-101644\" srcset=\"https:\/\/redsemlac.com\/semmexico\/wp-content\/uploads\/2026\/01\/sismo-2.jpeg 576w, https:\/\/redsemlac.com\/semmexico\/wp-content\/uploads\/2026\/01\/sismo-2-169x300.jpeg 169w, https:\/\/redsemlac.com\/semmexico\/wp-content\/uploads\/2026\/01\/sismo-2-150x267.jpeg 150w, https:\/\/redsemlac.com\/semmexico\/wp-content\/uploads\/2026\/01\/sismo-2-300x533.jpeg 300w\" sizes=\"auto, (max-width: 576px) 100vw, 576px\" \/><\/a><\/figure>\n\n\n\n<figure class=\"wp-block-image size-large\"><a href=\"https:\/\/redsemlac.com\/semmexico\/wp-content\/uploads\/2026\/01\/sismo-1.jpeg\"><img loading=\"lazy\" decoding=\"async\" width=\"576\" height=\"1024\" data-id=\"101643\" src=\"https:\/\/redsemlac.com\/semmexico\/wp-content\/uploads\/2026\/01\/sismo-1-576x1024.jpeg\" alt=\"\" class=\"wp-image-101643\" srcset=\"https:\/\/redsemlac.com\/semmexico\/wp-content\/uploads\/2026\/01\/sismo-1-576x1024.jpeg 576w, https:\/\/redsemlac.com\/semmexico\/wp-content\/uploads\/2026\/01\/sismo-1-169x300.jpeg 169w, https:\/\/redsemlac.com\/semmexico\/wp-content\/uploads\/2026\/01\/sismo-1-768x1365.jpeg 768w, https:\/\/redsemlac.com\/semmexico\/wp-content\/uploads\/2026\/01\/sismo-1-864x1536.jpeg 864w, https:\/\/redsemlac.com\/semmexico\/wp-content\/uploads\/2026\/01\/sismo-1-150x267.jpeg 150w, https:\/\/redsemlac.com\/semmexico\/wp-content\/uploads\/2026\/01\/sismo-1-300x533.jpeg 300w, https:\/\/redsemlac.com\/semmexico\/wp-content\/uploads\/2026\/01\/sismo-1-696x1237.jpeg 696w, https:\/\/redsemlac.com\/semmexico\/wp-content\/uploads\/2026\/01\/sismo-1.jpeg 900w\" sizes=\"auto, (max-width: 576px) 100vw, 576px\" \/><\/a><\/figure>\n<\/figure>\n\n\n<div class=\"wp-block-image\">\n<figure class=\"aligncenter size-full is-resized\"><a href=\"https:\/\/redsemlac.com\/semmexico\/wp-content\/uploads\/2026\/01\/sismo-4.jpeg\"><img loading=\"lazy\" decoding=\"async\" width=\"576\" height=\"1024\" src=\"https:\/\/redsemlac.com\/semmexico\/wp-content\/uploads\/2026\/01\/sismo-4.jpeg\" alt=\"\" class=\"wp-image-101642\" style=\"aspect-ratio:0.5625066990603451;width:344px;height:auto\" srcset=\"https:\/\/redsemlac.com\/semmexico\/wp-content\/uploads\/2026\/01\/sismo-4.jpeg 576w, https:\/\/redsemlac.com\/semmexico\/wp-content\/uploads\/2026\/01\/sismo-4-169x300.jpeg 169w, https:\/\/redsemlac.com\/semmexico\/wp-content\/uploads\/2026\/01\/sismo-4-150x267.jpeg 150w, https:\/\/redsemlac.com\/semmexico\/wp-content\/uploads\/2026\/01\/sismo-4-300x533.jpeg 300w\" sizes=\"auto, (max-width: 576px) 100vw, 576px\" \/><\/a><\/figure>\n<\/div>","protected":false},"excerpt":{"rendered":"<p>Isabel Ortega Morales SemM\u00e9xico\/Ceprovysa, Tlapa de Comonfort, 5 de enero 2026.- Con cifras preliminares un total de 886 viviendas fueron afectadas con da\u00f1os que van de ligeros a moderados, tras el sismo de 6.5 grados ocurrido el pasado 2 de enero, report\u00f3 la Secretar\u00eda de Gesti\u00f3n Integral de Riesgos y Protecci\u00f3n Civil. A detalle, el [&hellip;]<\/p>\n","protected":false},"author":3,"featured_media":101641,"comment_status":"open","ping_status":"open","sticky":false,"template":"","format":"standard","meta":{"_monsterinsights_skip_tracking":false,"footnotes":""},"categories":[700],"tags":[],"class_list":["post-101640","post","type-post","status-publish","format-standard","has-post-thumbnail","category-estados"],"_links":{"self":[{"href":"https:\/\/redsemlac.com\/semmexico\/wp-json\/wp\/v2\/posts\/101640","targetHints":{"allow":["GET"]}}],"collection":[{"href":"https:\/\/redsemlac.com\/semmexico\/wp-json\/wp\/v2\/posts"}],"about":[{"href":"https:\/\/redsemlac.com\/semmexico\/wp-json\/wp\/v2\/types\/post"}],"author":[{"embeddable":true,"href":"https:\/\/redsemlac.com\/semmexico\/wp-json\/wp\/v2\/users\/3"}],"replies":[{"embeddable":true,"href":"https:\/\/redsemlac.com\/semmexico\/wp-json\/wp\/v2\/comments?post=101640"}],"version-history":[{"count":0,"href":"https:\/\/redsemlac.com\/semmexico\/wp-json\/wp\/v2\/posts\/101640\/revisions"}],"wp:featuredmedia":[{"embeddable":true,"href":"https:\/\/redsemlac.com\/semmexico\/wp-json\/wp\/v2\/media\/101641"}],"wp:attachment":[{"href":"https:\/\/redsemlac.com\/semmexico\/wp-json\/wp\/v2\/media?parent=101640"}],"wp:term":[{"taxonomy":"category","embeddable":true,"href":"https:\/\/redsemlac.com\/semmexico\/wp-json\/wp\/v2\/categories?post=101640"},{"taxonomy":"post_tag","embeddable":true,"href":"https:\/\/redsemlac.com\/semmexico\/wp-json\/wp\/v2\/tags?post=101640"}],"curies":[{"name":"wp","href":"https:\/\/api.w.org\/{rel}","templated":true}]}}